{"id":11727,"date":"2023-04-12T11:53:28","date_gmt":"2023-04-12T09:53:28","guid":{"rendered":"https:\/\/kevinragonneau.fr\/blog\/?p=11727"},"modified":"2023-04-12T11:56:13","modified_gmt":"2023-04-12T09:56:13","slug":"mode-masculine-les-tendances-de-lete-2023","status":"publish","type":"post","link":"https:\/\/kevinragonneau.fr\/blog\/mode-masculine-les-tendances-de-lete-2023","title":{"rendered":"Mode masculine : les tendances de l&rsquo;\u00e9t\u00e9 2023"},"content":{"rendered":"<p>Les nouvelles tendances de la mode pour l&rsquo;\u00e9t\u00e9 2023 apportent une vague r\u00e9cente d&rsquo;options vestimentaires pour les hommes. Des couleurs vives aux imprim\u00e9s audacieux en passant par les tissus luxueux, tout est pr\u00e9vu pour vous mettre en valeur cet \u00e9t\u00e9. Je vous fais d\u00e9couvrir un aper\u00e7u des tendances actuelles pour les hommes cet \u00e9t\u00e9.<\/p>\n<p>&nbsp;<\/p>\n<h2 id=\"osez-vous-demarquer-avec-le-denim-sous-toutes-ses-formes\">Osez vous d\u00e9marquer avec le denim sous toutes ses formes<\/h2>\n<p>Le <strong>denim<\/strong> sera une tendance marquante de l&rsquo;\u00e9t\u00e9 2023 non seulement dans le style destroy, mais aussi dans sa version de base. Pour adopter un style authentique, optez pour les jeans d\u00e9lav\u00e9s, salis et us\u00e9s. Les hommes qui souhaitent se d\u00e9marquer du lot en revanche peuvent oser les \u00e9normes cuissardes d\u00e9coup\u00e9es dans du vieux denim. Vous pouvez aussi opter pour des jeans tendance d\u00e9chir\u00e9s et recr\u00e9\u00e9s de fa\u00e7on artistique avec des broderies.<\/p>\n<p>Une boutique comme <a href=\"https:\/\/www.mise-au-green.com\">Mise au Green<\/a> se met au denim pour vous proposer des v\u00eatements qui feront fureur cet \u00e9t\u00e9. Optez pour une <strong>tenue full denim<\/strong> pour \u00eatre \u00e0 la pointe de la mode.<\/p>\n<h2 id=\"renouez-avec-le-costume-pour-une-tenue-dete-elegante-et-chic\">Renouez avec le costume pour une tenue d&rsquo;\u00e9t\u00e9 \u00e9l\u00e9gante et chic<\/h2>\n<p>Le <strong>costume<\/strong> effectue un retour en gr\u00e2ce dans la mode estivale et aucune garde-robe masculine n&rsquo;est compl\u00e8te sans lui. Avec l&rsquo;essor du <a href=\"https:\/\/kevinragonneau.fr\/blog\/comment-signer-une-allure-streetwear\">streetwear<\/a>, il rena\u00eet dans des mati\u00e8res plus l\u00e9g\u00e8res et plus souples, avec des pantalons \u00e0 jambes larges et des blazers d\u00e9construits.<\/p>\n<p>Pour l&rsquo;\u00e9t\u00e9 et compte tenu de la hausse des temp\u00e9ratures mondiales, le costume sera le v\u00eatement parfait pour le genre masculin. Il sera port\u00e9 sp\u00e9cialement sans chemise et c&rsquo;est un inconditionnel que tout homme passionn\u00e9 de mode devrait int\u00e9grer \u00e0 sa garde-robe. Vous pouvez associer au costume des v\u00eatements tendance pour cr\u00e9er une tenue d&rsquo;\u00e9t\u00e9 \u00e9l\u00e9gante.<\/p>\n<p><img loading=\"lazy\" decoding=\"async\" class=\"aligncenter wp-image-11728 size-full\" src=\"https:\/\/kevinragonneau.fr\/blog\/wp-content\/uploads\/2023\/04\/mode-masculine-les-tendances-de-l-ete-2023.jpg\" alt=\"mode \u00e9t\u00e9 homme\" width=\"1254\" height=\"836\" srcset=\"https:\/\/kevinragonneau.fr\/blog\/wp-content\/uploads\/2023\/04\/mode-masculine-les-tendances-de-l-ete-2023.jpg 1254w, https:\/\/kevinragonneau.fr\/blog\/wp-content\/uploads\/2023\/04\/mode-masculine-les-tendances-de-l-ete-2023-768x512.jpg 768w, https:\/\/kevinragonneau.fr\/blog\/wp-content\/uploads\/2023\/04\/mode-masculine-les-tendances-de-l-ete-2023-770x513.jpg 770w\" sizes=\"auto, (max-width: 1254px) 100vw, 1254px\" \/><\/p>\n<p><em><strong>\u00c0 lire aussi :\u00a0<a href=\"https:\/\/kevinragonneau.fr\/blog\/les-tendances-mode-homme-du-printemps-2023\">Les tendances mode homme du printemps 2023<\/a><\/strong><\/em><\/p>\n<p>&nbsp;<\/p>\n<h2 id=\"affirmez-vous-cet-ete-avec-la-tendance-des-annees-70\">Affirmez-vous cet \u00e9t\u00e9 avec la tendance des ann\u00e9es 70<\/h2>\n<p>La <strong>tendance des ann\u00e9es 70<\/strong> revient au go\u00fbt du jour cet \u00e9t\u00e9. Vous pourrez ainsi porter des lunettes fum\u00e9es au cuir glac\u00e9 et au daim. Elles peuvent \u00eatre associ\u00e9es aux couleurs in\u00e9dites de la saison que sont le marron ou le cognac. Le style des ann\u00e9es 70, c&rsquo;est aussi le port d&rsquo;un jean vintage d\u00e9lav\u00e9 associ\u00e9 \u00e0 des bottes r\u00e9tro pour une touche suppl\u00e9mentaire de nostalgie.<\/p>\n<p>Pour ajouter un brin de modernit\u00e9, jouez avec les couleurs cl\u00e9s de cette saison que sont le rouge et l&rsquo;orange. Je vous recommande aussi d&rsquo;associer le tout \u00e0 un polo en maille jacquard sous une veste de couleur cognac. Cela fait, vous serez pr\u00eat \u00e0 arpenter les rues avec style telle une rockstar.<\/p>\n<p>&nbsp;<\/p>\n<h2 id=\"choisissez-les-chemises-a-fleurs-pour-un-style-decontracte\">Choisissez les chemises \u00e0 fleurs pour un style d\u00e9contract\u00e9<\/h2>\n<p>Miser sur la <strong>chemise \u00e0 fleurs<\/strong> est un grand classique de l&rsquo;\u00e9t\u00e9 qui ne d\u00e9\u00e7oit jamais. Elle peut \u00eatre associ\u00e9e \u00e0 un short arborant le m\u00eame motif et un sac 48 h pour compl\u00e9ter le look. C&rsquo;est un style d&rsquo;inspiration militaire, avec des coupes franches, des poches plaqu\u00e9es \u00e0 rabat, un col et des poignets droits. Les couleurs s&rsquo;inspirent de la nature, avec des cama\u00efeux de verts et de kaki mousse, ainsi que du fuchsia, du jaune vif et du bleu ciel.<\/p>\n<p>Ces motifs fleuris rappellent d&rsquo;illustres artistes tels que le Douanier Rousseau, William Morris et Gauguin, qui ont popularis\u00e9 les tissus arborant des fleurs imposantes et des contours vivants. Vous serez alors pr\u00eat pour un pique-nique ou une balade en bordure de mer.<\/p>\n","protected":false},"excerpt":{"rendered":"<p>Les nouvelles tendances de la mode pour l&rsquo;\u00e9t\u00e9 2023 apportent une vague r\u00e9cente d&rsquo;options vestimentaires pour les hommes. Des couleurs vives aux imprim\u00e9s audacieux en passant par les tissus luxueux,&hellip;<\/p>\n","protected":false},"author":1,"featured_media":11728,"comment_status":"open","ping_status":"open","sticky":false,"template":"","format":"standard","meta":{"footnotes":""},"categories":[339],"tags":[411],"powerkit_post_featured":[],"class_list":{"0":"post-11727","1":"post","2":"type-post","3":"status-publish","4":"format-standard","5":"has-post-thumbnail","7":"category-mode","8":"tag-top2"},"yoast_head":"<!-- This site is optimized with the Yoast SEO plugin v27.4 - https:\/\/yoast.com\/product\/yoast-seo-wordpress\/ -->\n<title>Mode masculine : les tendances de l&#039;\u00e9t\u00e9 2023<\/title>\n<meta name=\"robots\" content=\"index, follow, max-snippet:-1, max-image-preview:large, max-video-preview:-1\" \/>\n<link rel=\"canonical\" href=\"https:\/\/kevinragonneau.fr\/blog\/mode-masculine-les-tendances-de-lete-2023\" \/>\n<meta property=\"og:locale\" content=\"fr_FR\" \/>\n<meta property=\"og:type\" content=\"article\" \/>\n<meta property=\"og:title\" content=\"Mode masculine : les tendances de l&#039;\u00e9t\u00e9 2023\" \/>\n<meta property=\"og:description\" content=\"Les nouvelles tendances de la mode pour l&rsquo;\u00e9t\u00e9 2023 apportent une vague r\u00e9cente d&rsquo;options vestimentaires pour les hommes. Des couleurs vives aux imprim\u00e9s audacieux en passant par les tissus luxueux,&hellip;\" \/>\n<meta property=\"og:url\" content=\"https:\/\/kevinragonneau.fr\/blog\/mode-masculine-les-tendances-de-lete-2023\" \/>\n<meta property=\"og:site_name\" content=\"Kevin Ragonneau\" \/>\n<meta property=\"article:publisher\" content=\"http:\/\/facebook.com\/kevinragonneau\" \/>\n<meta property=\"article:author\" content=\"facebook\" \/>\n<meta property=\"article:published_time\" content=\"2023-04-12T09:53:28+00:00\" \/>\n<meta property=\"article:modified_time\" content=\"2023-04-12T09:56:13+00:00\" \/>\n<meta property=\"og:image\" content=\"https:\/\/kevinragonneau.fr\/blog\/wp-content\/uploads\/2023\/04\/mode-masculine-les-tendances-de-l-ete-2023.jpg\" \/>\n\t<meta property=\"og:image:width\" content=\"1254\" \/>\n\t<meta property=\"og:image:height\" content=\"836\" \/>\n\t<meta property=\"og:image:type\" content=\"image\/jpeg\" \/>\n<meta name=\"author\" content=\"kevin\" \/>\n<meta name=\"twitter:card\" content=\"summary_large_image\" \/>\n<meta name=\"twitter:creator\" content=\"@K_Ragonneau\" \/>\n<meta name=\"twitter:site\" content=\"@K_Ragonneau\" \/>\n<meta name=\"twitter:label1\" content=\"\u00c9crit par\" \/>\n\t<meta name=\"twitter:data1\" content=\"kevin\" \/>\n\t<meta name=\"twitter:label2\" content=\"Dur\u00e9e de lecture estim\u00e9e\" \/>\n\t<meta name=\"twitter:data2\" content=\"4 minutes\" \/>\n<script type=\"application\/ld+json\" class=\"yoast-schema-graph\">{\"@context\":\"https:\\\/\\\/schema.org\",\"@graph\":[{\"@type\":\"Article\",\"@id\":\"https:\\\/\\\/kevinragonneau.fr\\\/blog\\\/mode-masculine-les-tendances-de-lete-2023#article\",\"isPartOf\":{\"@id\":\"https:\\\/\\\/kevinragonneau.fr\\\/blog\\\/mode-masculine-les-tendances-de-lete-2023\"},\"author\":{\"name\":\"kevin\",\"@id\":\"https:\\\/\\\/kevinragonneau.fr\\\/blog\\\/#\\\/schema\\\/person\\\/699d420145eef6a72e6ee2874017089b\"},\"headline\":\"Mode masculine : les tendances de l&rsquo;\u00e9t\u00e9 2023\",\"datePublished\":\"2023-04-12T09:53:28+00:00\",\"dateModified\":\"2023-04-12T09:56:13+00:00\",\"mainEntityOfPage\":{\"@id\":\"https:\\\/\\\/kevinragonneau.fr\\\/blog\\\/mode-masculine-les-tendances-de-lete-2023\"},\"wordCount\":613,\"commentCount\":0,\"image\":{\"@id\":\"https:\\\/\\\/kevinragonneau.fr\\\/blog\\\/mode-masculine-les-tendances-de-lete-2023#primaryimage\"},\"thumbnailUrl\":\"https:\\\/\\\/kevinragonneau.fr\\\/blog\\\/wp-content\\\/uploads\\\/2023\\\/04\\\/mode-masculine-les-tendances-de-l-ete-2023.jpg\",\"keywords\":[\"top2\"],\"articleSection\":[\"Mode\"],\"inLanguage\":\"fr-FR\",\"potentialAction\":[{\"@type\":\"CommentAction\",\"name\":\"Comment\",\"target\":[\"https:\\\/\\\/kevinragonneau.fr\\\/blog\\\/mode-masculine-les-tendances-de-lete-2023#respond\"]}]},{\"@type\":\"WebPage\",\"@id\":\"https:\\\/\\\/kevinragonneau.fr\\\/blog\\\/mode-masculine-les-tendances-de-lete-2023\",\"url\":\"https:\\\/\\\/kevinragonneau.fr\\\/blog\\\/mode-masculine-les-tendances-de-lete-2023\",\"name\":\"Mode masculine : les tendances de l'\u00e9t\u00e9 2023\",\"isPartOf\":{\"@id\":\"https:\\\/\\\/kevinragonneau.fr\\\/blog\\\/#website\"},\"primaryImageOfPage\":{\"@id\":\"https:\\\/\\\/kevinragonneau.fr\\\/blog\\\/mode-masculine-les-tendances-de-lete-2023#primaryimage\"},\"image\":{\"@id\":\"https:\\\/\\\/kevinragonneau.fr\\\/blog\\\/mode-masculine-les-tendances-de-lete-2023#primaryimage\"},\"thumbnailUrl\":\"https:\\\/\\\/kevinragonneau.fr\\\/blog\\\/wp-content\\\/uploads\\\/2023\\\/04\\\/mode-masculine-les-tendances-de-l-ete-2023.jpg\",\"datePublished\":\"2023-04-12T09:53:28+00:00\",\"dateModified\":\"2023-04-12T09:56:13+00:00\",\"author\":{\"@id\":\"https:\\\/\\\/kevinragonneau.fr\\\/blog\\\/#\\\/schema\\\/person\\\/699d420145eef6a72e6ee2874017089b\"},\"breadcrumb\":{\"@id\":\"https:\\\/\\\/kevinragonneau.fr\\\/blog\\\/mode-masculine-les-tendances-de-lete-2023#breadcrumb\"},\"inLanguage\":\"fr-FR\",\"potentialAction\":[{\"@type\":\"ReadAction\",\"target\":[\"https:\\\/\\\/kevinragonneau.fr\\\/blog\\\/mode-masculine-les-tendances-de-lete-2023\"]}]},{\"@type\":\"ImageObject\",\"inLanguage\":\"fr-FR\",\"@id\":\"https:\\\/\\\/kevinragonneau.fr\\\/blog\\\/mode-masculine-les-tendances-de-lete-2023#primaryimage\",\"url\":\"https:\\\/\\\/kevinragonneau.fr\\\/blog\\\/wp-content\\\/uploads\\\/2023\\\/04\\\/mode-masculine-les-tendances-de-l-ete-2023.jpg\",\"contentUrl\":\"https:\\\/\\\/kevinragonneau.fr\\\/blog\\\/wp-content\\\/uploads\\\/2023\\\/04\\\/mode-masculine-les-tendances-de-l-ete-2023.jpg\",\"width\":1254,\"height\":836,\"caption\":\"mode \u00e9t\u00e9 homme\"},{\"@type\":\"BreadcrumbList\",\"@id\":\"https:\\\/\\\/kevinragonneau.fr\\\/blog\\\/mode-masculine-les-tendances-de-lete-2023#breadcrumb\",\"itemListElement\":[{\"@type\":\"ListItem\",\"position\":1,\"name\":\"Accueil\",\"item\":\"https:\\\/\\\/kevinragonneau.fr\\\/blog\\\/\"},{\"@type\":\"ListItem\",\"position\":2,\"name\":\"Mode masculine : les tendances de l&rsquo;\u00e9t\u00e9 2023\"}]},{\"@type\":\"WebSite\",\"@id\":\"https:\\\/\\\/kevinragonneau.fr\\\/blog\\\/#website\",\"url\":\"https:\\\/\\\/kevinragonneau.fr\\\/blog\\\/\",\"name\":\"Blog Lifestyle : Conseils de Voyage, Mode, Marketing Digital et Vie de Famille Inspirante\",\"description\":\"Blog Lifestyle : Conseils de Voyage, Mode, Marketing Digital et Vie de Famille Inspirante\",\"alternateName\":\"Blog de Kevin Ragonneau\",\"potentialAction\":[{\"@type\":\"SearchAction\",\"target\":{\"@type\":\"EntryPoint\",\"urlTemplate\":\"https:\\\/\\\/kevinragonneau.fr\\\/blog\\\/?s={search_term_string}\"},\"query-input\":{\"@type\":\"PropertyValueSpecification\",\"valueRequired\":true,\"valueName\":\"search_term_string\"}}],\"inLanguage\":\"fr-FR\"},{\"@type\":\"Person\",\"@id\":\"https:\\\/\\\/kevinragonneau.fr\\\/blog\\\/#\\\/schema\\\/person\\\/699d420145eef6a72e6ee2874017089b\",\"name\":\"kevin\",\"image\":{\"@type\":\"ImageObject\",\"inLanguage\":\"fr-FR\",\"@id\":\"https:\\\/\\\/secure.gravatar.com\\\/avatar\\\/13848386d61634190fd948f9c9942d9dbd215b2fb0cc6c7462a7427b3f9d264e?s=96&d=mm&r=g\",\"url\":\"https:\\\/\\\/secure.gravatar.com\\\/avatar\\\/13848386d61634190fd948f9c9942d9dbd215b2fb0cc6c7462a7427b3f9d264e?s=96&d=mm&r=g\",\"contentUrl\":\"https:\\\/\\\/secure.gravatar.com\\\/avatar\\\/13848386d61634190fd948f9c9942d9dbd215b2fb0cc6c7462a7427b3f9d264e?s=96&d=mm&r=g\",\"caption\":\"kevin\"},\"description\":\"26 ans, Paris. D\u00e9veloppeur web &amp; Blogueur.\",\"sameAs\":[\"http:\\\/\\\/www.kevinragonneau.fr\\\/blog\",\"facebook\",\"instagram\"],\"url\":\"https:\\\/\\\/kevinragonneau.fr\\\/blog\\\/author\\\/kevin\"}]}<\/script>\n<!-- \/ Yoast SEO plugin. -->","yoast_head_json":{"title":"Mode masculine : les tendances de l'\u00e9t\u00e9 2023","robots":{"index":"index","follow":"follow","max-snippet":"max-snippet:-1","max-image-preview":"max-image-preview:large","max-video-preview":"max-video-preview:-1"},"canonical":"https:\/\/kevinragonneau.fr\/blog\/mode-masculine-les-tendances-de-lete-2023","og_locale":"fr_FR","og_type":"article","og_title":"Mode masculine : les tendances de l'\u00e9t\u00e9 2023","og_description":"Les nouvelles tendances de la mode pour l&rsquo;\u00e9t\u00e9 2023 apportent une vague r\u00e9cente d&rsquo;options vestimentaires pour les hommes. Des couleurs vives aux imprim\u00e9s audacieux en passant par les tissus luxueux,&hellip;","og_url":"https:\/\/kevinragonneau.fr\/blog\/mode-masculine-les-tendances-de-lete-2023","og_site_name":"Kevin Ragonneau","article_publisher":"http:\/\/facebook.com\/kevinragonneau","article_author":"facebook","article_published_time":"2023-04-12T09:53:28+00:00","article_modified_time":"2023-04-12T09:56:13+00:00","og_image":[{"width":1254,"height":836,"url":"https:\/\/kevinragonneau.fr\/blog\/wp-content\/uploads\/2023\/04\/mode-masculine-les-tendances-de-l-ete-2023.jpg","type":"image\/jpeg"}],"author":"kevin","twitter_card":"summary_large_image","twitter_creator":"@K_Ragonneau","twitter_site":"@K_Ragonneau","twitter_misc":{"\u00c9crit par":"kevin","Dur\u00e9e de lecture estim\u00e9e":"4 minutes"},"schema":{"@context":"https:\/\/schema.org","@graph":[{"@type":"Article","@id":"https:\/\/kevinragonneau.fr\/blog\/mode-masculine-les-tendances-de-lete-2023#article","isPartOf":{"@id":"https:\/\/kevinragonneau.fr\/blog\/mode-masculine-les-tendances-de-lete-2023"},"author":{"name":"kevin","@id":"https:\/\/kevinragonneau.fr\/blog\/#\/schema\/person\/699d420145eef6a72e6ee2874017089b"},"headline":"Mode masculine : les tendances de l&rsquo;\u00e9t\u00e9 2023","datePublished":"2023-04-12T09:53:28+00:00","dateModified":"2023-04-12T09:56:13+00:00","mainEntityOfPage":{"@id":"https:\/\/kevinragonneau.fr\/blog\/mode-masculine-les-tendances-de-lete-2023"},"wordCount":613,"commentCount":0,"image":{"@id":"https:\/\/kevinragonneau.fr\/blog\/mode-masculine-les-tendances-de-lete-2023#primaryimage"},"thumbnailUrl":"https:\/\/kevinragonneau.fr\/blog\/wp-content\/uploads\/2023\/04\/mode-masculine-les-tendances-de-l-ete-2023.jpg","keywords":["top2"],"articleSection":["Mode"],"inLanguage":"fr-FR","potentialAction":[{"@type":"CommentAction","name":"Comment","target":["https:\/\/kevinragonneau.fr\/blog\/mode-masculine-les-tendances-de-lete-2023#respond"]}]},{"@type":"WebPage","@id":"https:\/\/kevinragonneau.fr\/blog\/mode-masculine-les-tendances-de-lete-2023","url":"https:\/\/kevinragonneau.fr\/blog\/mode-masculine-les-tendances-de-lete-2023","name":"Mode masculine : les tendances de l'\u00e9t\u00e9 2023","isPartOf":{"@id":"https:\/\/kevinragonneau.fr\/blog\/#website"},"primaryImageOfPage":{"@id":"https:\/\/kevinragonneau.fr\/blog\/mode-masculine-les-tendances-de-lete-2023#primaryimage"},"image":{"@id":"https:\/\/kevinragonneau.fr\/blog\/mode-masculine-les-tendances-de-lete-2023#primaryimage"},"thumbnailUrl":"https:\/\/kevinragonneau.fr\/blog\/wp-content\/uploads\/2023\/04\/mode-masculine-les-tendances-de-l-ete-2023.jpg","datePublished":"2023-04-12T09:53:28+00:00","dateModified":"2023-04-12T09:56:13+00:00","author":{"@id":"https:\/\/kevinragonneau.fr\/blog\/#\/schema\/person\/699d420145eef6a72e6ee2874017089b"},"breadcrumb":{"@id":"https:\/\/kevinragonneau.fr\/blog\/mode-masculine-les-tendances-de-lete-2023#breadcrumb"},"inLanguage":"fr-FR","potentialAction":[{"@type":"ReadAction","target":["https:\/\/kevinragonneau.fr\/blog\/mode-masculine-les-tendances-de-lete-2023"]}]},{"@type":"ImageObject","inLanguage":"fr-FR","@id":"https:\/\/kevinragonneau.fr\/blog\/mode-masculine-les-tendances-de-lete-2023#primaryimage","url":"https:\/\/kevinragonneau.fr\/blog\/wp-content\/uploads\/2023\/04\/mode-masculine-les-tendances-de-l-ete-2023.jpg","contentUrl":"https:\/\/kevinragonneau.fr\/blog\/wp-content\/uploads\/2023\/04\/mode-masculine-les-tendances-de-l-ete-2023.jpg","width":1254,"height":836,"caption":"mode \u00e9t\u00e9 homme"},{"@type":"BreadcrumbList","@id":"https:\/\/kevinragonneau.fr\/blog\/mode-masculine-les-tendances-de-lete-2023#breadcrumb","itemListElement":[{"@type":"ListItem","position":1,"name":"Accueil","item":"https:\/\/kevinragonneau.fr\/blog\/"},{"@type":"ListItem","position":2,"name":"Mode masculine : les tendances de l&rsquo;\u00e9t\u00e9 2023"}]},{"@type":"WebSite","@id":"https:\/\/kevinragonneau.fr\/blog\/#website","url":"https:\/\/kevinragonneau.fr\/blog\/","name":"Blog Lifestyle : Conseils de Voyage, Mode, Marketing Digital et Vie de Famille Inspirante","description":"Blog Lifestyle : Conseils de Voyage, Mode, Marketing Digital et Vie de Famille Inspirante","alternateName":"Blog de Kevin Ragonneau","potentialAction":[{"@type":"SearchAction","target":{"@type":"EntryPoint","urlTemplate":"https:\/\/kevinragonneau.fr\/blog\/?s={search_term_string}"},"query-input":{"@type":"PropertyValueSpecification","valueRequired":true,"valueName":"search_term_string"}}],"inLanguage":"fr-FR"},{"@type":"Person","@id":"https:\/\/kevinragonneau.fr\/blog\/#\/schema\/person\/699d420145eef6a72e6ee2874017089b","name":"kevin","image":{"@type":"ImageObject","inLanguage":"fr-FR","@id":"https:\/\/secure.gravatar.com\/avatar\/13848386d61634190fd948f9c9942d9dbd215b2fb0cc6c7462a7427b3f9d264e?s=96&d=mm&r=g","url":"https:\/\/secure.gravatar.com\/avatar\/13848386d61634190fd948f9c9942d9dbd215b2fb0cc6c7462a7427b3f9d264e?s=96&d=mm&r=g","contentUrl":"https:\/\/secure.gravatar.com\/avatar\/13848386d61634190fd948f9c9942d9dbd215b2fb0cc6c7462a7427b3f9d264e?s=96&d=mm&r=g","caption":"kevin"},"description":"26 ans, Paris. D\u00e9veloppeur web &amp; Blogueur.","sameAs":["http:\/\/www.kevinragonneau.fr\/blog","facebook","instagram"],"url":"https:\/\/kevinragonneau.fr\/blog\/author\/kevin"}]}},"_links":{"self":[{"href":"https:\/\/kevinragonneau.fr\/blog\/wp-json\/wp\/v2\/posts\/11727","targetHints":{"allow":["GET"]}}],"collection":[{"href":"https:\/\/kevinragonneau.fr\/blog\/wp-json\/wp\/v2\/posts"}],"about":[{"href":"https:\/\/kevinragonneau.fr\/blog\/wp-json\/wp\/v2\/types\/post"}],"author":[{"embeddable":true,"href":"https:\/\/kevinragonneau.fr\/blog\/wp-json\/wp\/v2\/users\/1"}],"replies":[{"embeddable":true,"href":"https:\/\/kevinragonneau.fr\/blog\/wp-json\/wp\/v2\/comments?post=11727"}],"version-history":[{"count":0,"href":"https:\/\/kevinragonneau.fr\/blog\/wp-json\/wp\/v2\/posts\/11727\/revisions"}],"wp:featuredmedia":[{"embeddable":true,"href":"https:\/\/kevinragonneau.fr\/blog\/wp-json\/wp\/v2\/media\/11728"}],"wp:attachment":[{"href":"https:\/\/kevinragonneau.fr\/blog\/wp-json\/wp\/v2\/media?parent=11727"}],"wp:term":[{"taxonomy":"category","embeddable":true,"href":"https:\/\/kevinragonneau.fr\/blog\/wp-json\/wp\/v2\/categories?post=11727"},{"taxonomy":"post_tag","embeddable":true,"href":"https:\/\/kevinragonneau.fr\/blog\/wp-json\/wp\/v2\/tags?post=11727"},{"taxonomy":"powerkit_post_featured","embeddable":true,"href":"https:\/\/kevinragonneau.fr\/blog\/wp-json\/wp\/v2\/powerkit_post_featured?post=11727"}],"curies":[{"name":"wp","href":"https:\/\/api.w.org\/{rel}","templated":true}]}}