{"id":11938,"date":"2023-06-08T18:39:17","date_gmt":"2023-06-08T16:39:17","guid":{"rendered":"https:\/\/kevinragonneau.fr\/blog\/?p=11938"},"modified":"2024-01-05T12:39:20","modified_gmt":"2024-01-05T11:39:20","slug":"que-mettre-en-avant-dans-sa-bio-sur-les-reseaux-sociaux","status":"publish","type":"post","link":"https:\/\/kevinragonneau.fr\/blog\/que-mettre-en-avant-dans-sa-bio-sur-les-reseaux-sociaux","title":{"rendered":"Que mettre en avant dans sa bio sur les r\u00e9seaux sociaux ?"},"content":{"rendered":"<p>R\u00e9diger et mettre en avant sa bio pour les r\u00e9seaux sociaux ne doit pas \u00eatre laiss\u00e9 au hasard. Il est important de pr\u00e9senter des informations essentielles qui vous repr\u00e9sentent le mieux, en gardant \u00e0 l&rsquo;esprit votre cible sp\u00e9cifique et l&rsquo;objectif de votre pr\u00e9sence sur les r\u00e9seaux. Voici quelques \u00e9l\u00e9ments \u00e0 prendre en compte pour l\u2019optimisation de votre bio.<\/p>\n<p>&nbsp;<\/p>\n<h2 id=\"bio-sur-les-reseaux-sociaux-votre-identite\">Bio sur les r\u00e9seaux sociaux : votre identit\u00e9<\/h2>\n<p>Une bonne optimisation de votre nom sur les r\u00e9seaux sociaux aide les utilisateurs \u00e0 vous trouver plus ais\u00e9ment et \u00e0 mieux comprendre ce que vous faites. Donc, pensez \u00e0 bien employer les 64 caract\u00e8res \u00e0 votre disposition. Pour ce faire, recourez \u00e0 votre vrai nom ou \u00e0 la d\u00e9signation de votre entreprise afin de mieux ressortir dans les recherches du r\u00e9seau. En second lieu, ajoutez votre profession ou votre r\u00f4le et n\u2019oubliez pas l\u2019utilisation d\u2019un mot-cl\u00e9 optimis\u00e9.<\/p>\n<p>&nbsp;<\/p>\n<h2 id=\"la-localisation-de-votre-entreprise\">La localisation de votre entreprise<\/h2>\n<p>Ajouter la <a href=\"https:\/\/kevinragonneau.fr\/blog\/que-veut-dire\/geolocalisation\">localisation<\/a> de votre entreprise dans votre <a href=\"https:\/\/kevinragonneau.fr\/blog\/tout-savoir-sur-le-lien-en-bio-instagram\">bio sur Instagram<\/a> ou LinkedIn par exemple, permet aux clients potentiels de trouver facilement votre soci\u00e9t\u00e9. Vous pouvez \u00e9galement ins\u00e9rer \u00e0 cet endroit des hashtags. Exemple : #Paris<\/p>\n<p>&nbsp;<\/p>\n<h2 id=\"votre-expertise\">Votre expertise<\/h2>\n<p>C\u2019est le moment de r\u00e9diger en quelques mots vos comp\u00e9tences, vos connaissances ou votre exp\u00e9rience dans votre domaine. Vous pouvez par ailleurs promouvoir ici ce que les personnes vont recevoir comme service de votre part.<\/p>\n<p><em><strong><img loading=\"lazy\" decoding=\"async\" class=\"aligncenter wp-image-11755 size-full\" src=\"https:\/\/kevinragonneau.fr\/blog\/wp-content\/uploads\/2023\/04\/post-3iphones.jpg\" alt=\"outils plusieurs liens bio Insta\" width=\"1080\" height=\"796\" srcset=\"https:\/\/kevinragonneau.fr\/blog\/wp-content\/uploads\/2023\/04\/post-3iphones.jpg 1080w, https:\/\/kevinragonneau.fr\/blog\/wp-content\/uploads\/2023\/04\/post-3iphones-768x566.jpg 768w, https:\/\/kevinragonneau.fr\/blog\/wp-content\/uploads\/2023\/04\/post-3iphones-770x568.jpg 770w\" sizes=\"auto, (max-width: 1080px) 100vw, 1080px\" \/><\/strong><\/em><\/p>\n<p><em><strong>\u00c0 lire aussi :\u00a0<a href=\"https:\/\/kevinragonneau.fr\/blog\/6-alternatives-a-linktree-pour-la-creation-de-lien-en-bio-unique-sur-instagram\">6 alternatives \u00e0 Linktree pour la cr\u00e9ation de lien en bio unique sur Instagram<\/a><\/strong><\/em><\/p>\n<p>&nbsp;<\/p>\n<h2 id=\"que-mettre-en-avant-dans-sa-bio-sur-les-reseaux-sociaux-vos-liens\">Que mettre en avant dans sa bio sur les r\u00e9seaux sociaux ? Vos liens<\/h2>\n<p>Vos liens cliquables redirigent vos prospects vers votre site web, votre <a href=\"https:\/\/kevinragonneau.fr\/blog\/que-veut-dire\/blog\">blog<\/a> ou encore vos autres profils sur les r\u00e9seaux sociaux. Gr\u00e2ce \u00e0 ces URL cibl\u00e9s, vous amenez un \u201c<a href=\"https:\/\/kevinragonneau.fr\/blog\/que-veut-dire\/cta-call-to-action\">call to action<\/a>\u201d indispensable.<\/p>\n<p>&nbsp;<\/p>\n<h2 id=\"votre-slogan-et-des-emojis\">Votre slogan et des \u00e9mojis<\/h2>\n<p>Ce point est facultatif. Cependant, un bon slogan court et percutant r\u00e9sume qui vous \u00eates, ce que vous faites et votre ton professionnel. N&rsquo;oubliez pas de personnaliser le slogan en fonction de votre style, de votre passion ou de la th\u00e9matique de votre compte Instagram. Choisissez quelque chose qui refl\u00e8te votre personnalit\u00e9 ou le contenu que vous partagez sur la plateforme.<\/p>\n<p>Les \u00e9mojis dans une bio sur les r\u00e9seaux sociaux apportent un visuel plus attrayant. L&rsquo;utilisation d&#8217;emojis c\u0153ur dans votre bio Instagram peut ajouter une touche personnelle et chaleureuse \u00e0 votre profil. Pour les utiliser \u00e0 bon escient, vous pouvez vous renseigner sur la <a href=\"https:\/\/www.santeplusmag.com\/111125913-signification-emojis-le-guide-complet-pour-communiquer-reseaux-sociaux-05-07-2023\/\"> signification des emojis coeurs color\u00e9s <\/a>. N&rsquo;oubliez pas que l&rsquo;exc\u00e8s d&#8217;emojis peut parfois rendre votre bio difficile \u00e0 lire, alors assurez-vous de les utiliser de mani\u00e8re mod\u00e9r\u00e9e pour maintenir une pr\u00e9sentation propre et professionnelle si c&rsquo;est votre objectif.<\/p>\n","protected":false},"excerpt":{"rendered":"<p>R\u00e9diger et mettre en avant sa bio pour les r\u00e9seaux sociaux ne doit pas \u00eatre laiss\u00e9 au hasard. Il est important de pr\u00e9senter des informations essentielles qui vous repr\u00e9sentent le&hellip;<\/p>\n","protected":false},"author":1,"featured_media":11939,"comment_status":"open","ping_status":"open","sticky":false,"template":"","format":"standard","meta":{"footnotes":""},"categories":[455,460,463],"tags":[411],"powerkit_post_featured":[],"class_list":{"0":"post-11938","1":"post","2":"type-post","3":"status-publish","4":"format-standard","5":"has-post-thumbnail","7":"category-instagram","8":"category-reseaux-sociaux","9":"category-tiktok","10":"tag-top2"},"yoast_head":"<!-- This site is optimized with the Yoast SEO plugin v27.4 - https:\/\/yoast.com\/product\/yoast-seo-wordpress\/ -->\n<title>Que mettre en avant dans sa bio sur les r\u00e9seaux sociaux ?<\/title>\n<meta name=\"description\" content=\"R\u00e9diger et mettre en avant sa bio pour les r\u00e9seaux sociaux ne doit pas \u00eatre laiss\u00e9 au hasard. Voici quelques \u00e9l\u00e9ments \u00e0 prendre en compte pour l\u2019optimisation de votre bio.\" \/>\n<meta name=\"robots\" content=\"index, follow, max-snippet:-1, max-image-preview:large, max-video-preview:-1\" \/>\n<link rel=\"canonical\" href=\"https:\/\/kevinragonneau.fr\/blog\/que-mettre-en-avant-dans-sa-bio-sur-les-reseaux-sociaux\" \/>\n<meta property=\"og:locale\" content=\"fr_FR\" \/>\n<meta property=\"og:type\" content=\"article\" \/>\n<meta property=\"og:title\" content=\"Que mettre en avant dans sa bio sur les r\u00e9seaux sociaux ?\" \/>\n<meta property=\"og:description\" content=\"R\u00e9diger et mettre en avant sa bio pour les r\u00e9seaux sociaux ne doit pas \u00eatre laiss\u00e9 au hasard. Voici quelques \u00e9l\u00e9ments \u00e0 prendre en compte pour l\u2019optimisation de votre bio.\" \/>\n<meta property=\"og:url\" content=\"https:\/\/kevinragonneau.fr\/blog\/que-mettre-en-avant-dans-sa-bio-sur-les-reseaux-sociaux\" \/>\n<meta property=\"og:site_name\" content=\"Kevin Ragonneau\" \/>\n<meta property=\"article:publisher\" content=\"http:\/\/facebook.com\/kevinragonneau\" \/>\n<meta property=\"article:author\" content=\"facebook\" \/>\n<meta property=\"article:published_time\" content=\"2023-06-08T16:39:17+00:00\" \/>\n<meta property=\"article:modified_time\" content=\"2024-01-05T11:39:20+00:00\" \/>\n<meta property=\"og:image\" content=\"https:\/\/kevinragonneau.fr\/blog\/wp-content\/uploads\/2023\/06\/adem-ay-Tk9m_HP4rgQ-unsplash-1-scaled.jpg\" \/>\n\t<meta property=\"og:image:width\" content=\"2048\" \/>\n\t<meta property=\"og:image:height\" content=\"1365\" \/>\n\t<meta property=\"og:image:type\" content=\"image\/jpeg\" \/>\n<meta name=\"author\" content=\"kevin\" \/>\n<meta name=\"twitter:card\" content=\"summary_large_image\" \/>\n<meta name=\"twitter:creator\" content=\"@K_Ragonneau\" \/>\n<meta name=\"twitter:site\" content=\"@K_Ragonneau\" \/>\n<meta name=\"twitter:label1\" content=\"\u00c9crit par\" \/>\n\t<meta name=\"twitter:data1\" content=\"kevin\" \/>\n\t<meta name=\"twitter:label2\" content=\"Dur\u00e9e de lecture estim\u00e9e\" \/>\n\t<meta name=\"twitter:data2\" content=\"3 minutes\" \/>\n<script type=\"application\/ld+json\" class=\"yoast-schema-graph\">{\"@context\":\"https:\\\/\\\/schema.org\",\"@graph\":[{\"@type\":\"Article\",\"@id\":\"https:\\\/\\\/kevinragonneau.fr\\\/blog\\\/que-mettre-en-avant-dans-sa-bio-sur-les-reseaux-sociaux#article\",\"isPartOf\":{\"@id\":\"https:\\\/\\\/kevinragonneau.fr\\\/blog\\\/que-mettre-en-avant-dans-sa-bio-sur-les-reseaux-sociaux\"},\"author\":{\"name\":\"kevin\",\"@id\":\"https:\\\/\\\/kevinragonneau.fr\\\/blog\\\/#\\\/schema\\\/person\\\/699d420145eef6a72e6ee2874017089b\"},\"headline\":\"Que mettre en avant dans sa bio sur les r\u00e9seaux sociaux ?\",\"datePublished\":\"2023-06-08T16:39:17+00:00\",\"dateModified\":\"2024-01-05T11:39:20+00:00\",\"mainEntityOfPage\":{\"@id\":\"https:\\\/\\\/kevinragonneau.fr\\\/blog\\\/que-mettre-en-avant-dans-sa-bio-sur-les-reseaux-sociaux\"},\"wordCount\":478,\"commentCount\":0,\"image\":{\"@id\":\"https:\\\/\\\/kevinragonneau.fr\\\/blog\\\/que-mettre-en-avant-dans-sa-bio-sur-les-reseaux-sociaux#primaryimage\"},\"thumbnailUrl\":\"https:\\\/\\\/kevinragonneau.fr\\\/blog\\\/wp-content\\\/uploads\\\/2023\\\/06\\\/adem-ay-Tk9m_HP4rgQ-unsplash-1-scaled.jpg\",\"keywords\":[\"top2\"],\"articleSection\":[\"Instagram\",\"R\u00e9seaux sociaux\",\"TikTok\"],\"inLanguage\":\"fr-FR\",\"potentialAction\":[{\"@type\":\"CommentAction\",\"name\":\"Comment\",\"target\":[\"https:\\\/\\\/kevinragonneau.fr\\\/blog\\\/que-mettre-en-avant-dans-sa-bio-sur-les-reseaux-sociaux#respond\"]}]},{\"@type\":\"WebPage\",\"@id\":\"https:\\\/\\\/kevinragonneau.fr\\\/blog\\\/que-mettre-en-avant-dans-sa-bio-sur-les-reseaux-sociaux\",\"url\":\"https:\\\/\\\/kevinragonneau.fr\\\/blog\\\/que-mettre-en-avant-dans-sa-bio-sur-les-reseaux-sociaux\",\"name\":\"Que mettre en avant dans sa bio sur les r\u00e9seaux sociaux ?\",\"isPartOf\":{\"@id\":\"https:\\\/\\\/kevinragonneau.fr\\\/blog\\\/#website\"},\"primaryImageOfPage\":{\"@id\":\"https:\\\/\\\/kevinragonneau.fr\\\/blog\\\/que-mettre-en-avant-dans-sa-bio-sur-les-reseaux-sociaux#primaryimage\"},\"image\":{\"@id\":\"https:\\\/\\\/kevinragonneau.fr\\\/blog\\\/que-mettre-en-avant-dans-sa-bio-sur-les-reseaux-sociaux#primaryimage\"},\"thumbnailUrl\":\"https:\\\/\\\/kevinragonneau.fr\\\/blog\\\/wp-content\\\/uploads\\\/2023\\\/06\\\/adem-ay-Tk9m_HP4rgQ-unsplash-1-scaled.jpg\",\"datePublished\":\"2023-06-08T16:39:17+00:00\",\"dateModified\":\"2024-01-05T11:39:20+00:00\",\"author\":{\"@id\":\"https:\\\/\\\/kevinragonneau.fr\\\/blog\\\/#\\\/schema\\\/person\\\/699d420145eef6a72e6ee2874017089b\"},\"description\":\"R\u00e9diger et mettre en avant sa bio pour les r\u00e9seaux sociaux ne doit pas \u00eatre laiss\u00e9 au hasard. Voici quelques \u00e9l\u00e9ments \u00e0 prendre en compte pour l\u2019optimisation de votre bio.\",\"breadcrumb\":{\"@id\":\"https:\\\/\\\/kevinragonneau.fr\\\/blog\\\/que-mettre-en-avant-dans-sa-bio-sur-les-reseaux-sociaux#breadcrumb\"},\"inLanguage\":\"fr-FR\",\"potentialAction\":[{\"@type\":\"ReadAction\",\"target\":[\"https:\\\/\\\/kevinragonneau.fr\\\/blog\\\/que-mettre-en-avant-dans-sa-bio-sur-les-reseaux-sociaux\"]}]},{\"@type\":\"ImageObject\",\"inLanguage\":\"fr-FR\",\"@id\":\"https:\\\/\\\/kevinragonneau.fr\\\/blog\\\/que-mettre-en-avant-dans-sa-bio-sur-les-reseaux-sociaux#primaryimage\",\"url\":\"https:\\\/\\\/kevinragonneau.fr\\\/blog\\\/wp-content\\\/uploads\\\/2023\\\/06\\\/adem-ay-Tk9m_HP4rgQ-unsplash-1-scaled.jpg\",\"contentUrl\":\"https:\\\/\\\/kevinragonneau.fr\\\/blog\\\/wp-content\\\/uploads\\\/2023\\\/06\\\/adem-ay-Tk9m_HP4rgQ-unsplash-1-scaled.jpg\",\"width\":2048,\"height\":1365,\"caption\":\"reseaux sociaux sur un iPhone\"},{\"@type\":\"BreadcrumbList\",\"@id\":\"https:\\\/\\\/kevinragonneau.fr\\\/blog\\\/que-mettre-en-avant-dans-sa-bio-sur-les-reseaux-sociaux#breadcrumb\",\"itemListElement\":[{\"@type\":\"ListItem\",\"position\":1,\"name\":\"Accueil\",\"item\":\"https:\\\/\\\/kevinragonneau.fr\\\/blog\\\/\"},{\"@type\":\"ListItem\",\"position\":2,\"name\":\"Que mettre en avant dans sa bio sur les r\u00e9seaux sociaux ?\"}]},{\"@type\":\"WebSite\",\"@id\":\"https:\\\/\\\/kevinragonneau.fr\\\/blog\\\/#website\",\"url\":\"https:\\\/\\\/kevinragonneau.fr\\\/blog\\\/\",\"name\":\"Blog Lifestyle : Conseils de Voyage, Mode, Marketing Digital et Vie de Famille Inspirante\",\"description\":\"Blog Lifestyle : Conseils de Voyage, Mode, Marketing Digital et Vie de Famille Inspirante\",\"alternateName\":\"Blog de Kevin Ragonneau\",\"potentialAction\":[{\"@type\":\"SearchAction\",\"target\":{\"@type\":\"EntryPoint\",\"urlTemplate\":\"https:\\\/\\\/kevinragonneau.fr\\\/blog\\\/?s={search_term_string}\"},\"query-input\":{\"@type\":\"PropertyValueSpecification\",\"valueRequired\":true,\"valueName\":\"search_term_string\"}}],\"inLanguage\":\"fr-FR\"},{\"@type\":\"Person\",\"@id\":\"https:\\\/\\\/kevinragonneau.fr\\\/blog\\\/#\\\/schema\\\/person\\\/699d420145eef6a72e6ee2874017089b\",\"name\":\"kevin\",\"image\":{\"@type\":\"ImageObject\",\"inLanguage\":\"fr-FR\",\"@id\":\"https:\\\/\\\/secure.gravatar.com\\\/avatar\\\/13848386d61634190fd948f9c9942d9dbd215b2fb0cc6c7462a7427b3f9d264e?s=96&d=mm&r=g\",\"url\":\"https:\\\/\\\/secure.gravatar.com\\\/avatar\\\/13848386d61634190fd948f9c9942d9dbd215b2fb0cc6c7462a7427b3f9d264e?s=96&d=mm&r=g\",\"contentUrl\":\"https:\\\/\\\/secure.gravatar.com\\\/avatar\\\/13848386d61634190fd948f9c9942d9dbd215b2fb0cc6c7462a7427b3f9d264e?s=96&d=mm&r=g\",\"caption\":\"kevin\"},\"description\":\"26 ans, Paris. D\u00e9veloppeur web &amp; Blogueur.\",\"sameAs\":[\"http:\\\/\\\/www.kevinragonneau.fr\\\/blog\",\"facebook\",\"instagram\"],\"url\":\"https:\\\/\\\/kevinragonneau.fr\\\/blog\\\/author\\\/kevin\"}]}<\/script>\n<!-- \/ Yoast SEO plugin. -->","yoast_head_json":{"title":"Que mettre en avant dans sa bio sur les r\u00e9seaux sociaux ?","description":"R\u00e9diger et mettre en avant sa bio pour les r\u00e9seaux sociaux ne doit pas \u00eatre laiss\u00e9 au hasard. Voici quelques \u00e9l\u00e9ments \u00e0 prendre en compte pour l\u2019optimisation de votre bio.","robots":{"index":"index","follow":"follow","max-snippet":"max-snippet:-1","max-image-preview":"max-image-preview:large","max-video-preview":"max-video-preview:-1"},"canonical":"https:\/\/kevinragonneau.fr\/blog\/que-mettre-en-avant-dans-sa-bio-sur-les-reseaux-sociaux","og_locale":"fr_FR","og_type":"article","og_title":"Que mettre en avant dans sa bio sur les r\u00e9seaux sociaux ?","og_description":"R\u00e9diger et mettre en avant sa bio pour les r\u00e9seaux sociaux ne doit pas \u00eatre laiss\u00e9 au hasard. Voici quelques \u00e9l\u00e9ments \u00e0 prendre en compte pour l\u2019optimisation de votre bio.","og_url":"https:\/\/kevinragonneau.fr\/blog\/que-mettre-en-avant-dans-sa-bio-sur-les-reseaux-sociaux","og_site_name":"Kevin Ragonneau","article_publisher":"http:\/\/facebook.com\/kevinragonneau","article_author":"facebook","article_published_time":"2023-06-08T16:39:17+00:00","article_modified_time":"2024-01-05T11:39:20+00:00","og_image":[{"width":2048,"height":1365,"url":"https:\/\/kevinragonneau.fr\/blog\/wp-content\/uploads\/2023\/06\/adem-ay-Tk9m_HP4rgQ-unsplash-1-scaled.jpg","type":"image\/jpeg"}],"author":"kevin","twitter_card":"summary_large_image","twitter_creator":"@K_Ragonneau","twitter_site":"@K_Ragonneau","twitter_misc":{"\u00c9crit par":"kevin","Dur\u00e9e de lecture estim\u00e9e":"3 minutes"},"schema":{"@context":"https:\/\/schema.org","@graph":[{"@type":"Article","@id":"https:\/\/kevinragonneau.fr\/blog\/que-mettre-en-avant-dans-sa-bio-sur-les-reseaux-sociaux#article","isPartOf":{"@id":"https:\/\/kevinragonneau.fr\/blog\/que-mettre-en-avant-dans-sa-bio-sur-les-reseaux-sociaux"},"author":{"name":"kevin","@id":"https:\/\/kevinragonneau.fr\/blog\/#\/schema\/person\/699d420145eef6a72e6ee2874017089b"},"headline":"Que mettre en avant dans sa bio sur les r\u00e9seaux sociaux ?","datePublished":"2023-06-08T16:39:17+00:00","dateModified":"2024-01-05T11:39:20+00:00","mainEntityOfPage":{"@id":"https:\/\/kevinragonneau.fr\/blog\/que-mettre-en-avant-dans-sa-bio-sur-les-reseaux-sociaux"},"wordCount":478,"commentCount":0,"image":{"@id":"https:\/\/kevinragonneau.fr\/blog\/que-mettre-en-avant-dans-sa-bio-sur-les-reseaux-sociaux#primaryimage"},"thumbnailUrl":"https:\/\/kevinragonneau.fr\/blog\/wp-content\/uploads\/2023\/06\/adem-ay-Tk9m_HP4rgQ-unsplash-1-scaled.jpg","keywords":["top2"],"articleSection":["Instagram","R\u00e9seaux sociaux","TikTok"],"inLanguage":"fr-FR","potentialAction":[{"@type":"CommentAction","name":"Comment","target":["https:\/\/kevinragonneau.fr\/blog\/que-mettre-en-avant-dans-sa-bio-sur-les-reseaux-sociaux#respond"]}]},{"@type":"WebPage","@id":"https:\/\/kevinragonneau.fr\/blog\/que-mettre-en-avant-dans-sa-bio-sur-les-reseaux-sociaux","url":"https:\/\/kevinragonneau.fr\/blog\/que-mettre-en-avant-dans-sa-bio-sur-les-reseaux-sociaux","name":"Que mettre en avant dans sa bio sur les r\u00e9seaux sociaux ?","isPartOf":{"@id":"https:\/\/kevinragonneau.fr\/blog\/#website"},"primaryImageOfPage":{"@id":"https:\/\/kevinragonneau.fr\/blog\/que-mettre-en-avant-dans-sa-bio-sur-les-reseaux-sociaux#primaryimage"},"image":{"@id":"https:\/\/kevinragonneau.fr\/blog\/que-mettre-en-avant-dans-sa-bio-sur-les-reseaux-sociaux#primaryimage"},"thumbnailUrl":"https:\/\/kevinragonneau.fr\/blog\/wp-content\/uploads\/2023\/06\/adem-ay-Tk9m_HP4rgQ-unsplash-1-scaled.jpg","datePublished":"2023-06-08T16:39:17+00:00","dateModified":"2024-01-05T11:39:20+00:00","author":{"@id":"https:\/\/kevinragonneau.fr\/blog\/#\/schema\/person\/699d420145eef6a72e6ee2874017089b"},"description":"R\u00e9diger et mettre en avant sa bio pour les r\u00e9seaux sociaux ne doit pas \u00eatre laiss\u00e9 au hasard. Voici quelques \u00e9l\u00e9ments \u00e0 prendre en compte pour l\u2019optimisation de votre bio.","breadcrumb":{"@id":"https:\/\/kevinragonneau.fr\/blog\/que-mettre-en-avant-dans-sa-bio-sur-les-reseaux-sociaux#breadcrumb"},"inLanguage":"fr-FR","potentialAction":[{"@type":"ReadAction","target":["https:\/\/kevinragonneau.fr\/blog\/que-mettre-en-avant-dans-sa-bio-sur-les-reseaux-sociaux"]}]},{"@type":"ImageObject","inLanguage":"fr-FR","@id":"https:\/\/kevinragonneau.fr\/blog\/que-mettre-en-avant-dans-sa-bio-sur-les-reseaux-sociaux#primaryimage","url":"https:\/\/kevinragonneau.fr\/blog\/wp-content\/uploads\/2023\/06\/adem-ay-Tk9m_HP4rgQ-unsplash-1-scaled.jpg","contentUrl":"https:\/\/kevinragonneau.fr\/blog\/wp-content\/uploads\/2023\/06\/adem-ay-Tk9m_HP4rgQ-unsplash-1-scaled.jpg","width":2048,"height":1365,"caption":"reseaux sociaux sur un iPhone"},{"@type":"BreadcrumbList","@id":"https:\/\/kevinragonneau.fr\/blog\/que-mettre-en-avant-dans-sa-bio-sur-les-reseaux-sociaux#breadcrumb","itemListElement":[{"@type":"ListItem","position":1,"name":"Accueil","item":"https:\/\/kevinragonneau.fr\/blog\/"},{"@type":"ListItem","position":2,"name":"Que mettre en avant dans sa bio sur les r\u00e9seaux sociaux ?"}]},{"@type":"WebSite","@id":"https:\/\/kevinragonneau.fr\/blog\/#website","url":"https:\/\/kevinragonneau.fr\/blog\/","name":"Blog Lifestyle : Conseils de Voyage, Mode, Marketing Digital et Vie de Famille Inspirante","description":"Blog Lifestyle : Conseils de Voyage, Mode, Marketing Digital et Vie de Famille Inspirante","alternateName":"Blog de Kevin Ragonneau","potentialAction":[{"@type":"SearchAction","target":{"@type":"EntryPoint","urlTemplate":"https:\/\/kevinragonneau.fr\/blog\/?s={search_term_string}"},"query-input":{"@type":"PropertyValueSpecification","valueRequired":true,"valueName":"search_term_string"}}],"inLanguage":"fr-FR"},{"@type":"Person","@id":"https:\/\/kevinragonneau.fr\/blog\/#\/schema\/person\/699d420145eef6a72e6ee2874017089b","name":"kevin","image":{"@type":"ImageObject","inLanguage":"fr-FR","@id":"https:\/\/secure.gravatar.com\/avatar\/13848386d61634190fd948f9c9942d9dbd215b2fb0cc6c7462a7427b3f9d264e?s=96&d=mm&r=g","url":"https:\/\/secure.gravatar.com\/avatar\/13848386d61634190fd948f9c9942d9dbd215b2fb0cc6c7462a7427b3f9d264e?s=96&d=mm&r=g","contentUrl":"https:\/\/secure.gravatar.com\/avatar\/13848386d61634190fd948f9c9942d9dbd215b2fb0cc6c7462a7427b3f9d264e?s=96&d=mm&r=g","caption":"kevin"},"description":"26 ans, Paris. D\u00e9veloppeur web &amp; Blogueur.","sameAs":["http:\/\/www.kevinragonneau.fr\/blog","facebook","instagram"],"url":"https:\/\/kevinragonneau.fr\/blog\/author\/kevin"}]}},"_links":{"self":[{"href":"https:\/\/kevinragonneau.fr\/blog\/wp-json\/wp\/v2\/posts\/11938","targetHints":{"allow":["GET"]}}],"collection":[{"href":"https:\/\/kevinragonneau.fr\/blog\/wp-json\/wp\/v2\/posts"}],"about":[{"href":"https:\/\/kevinragonneau.fr\/blog\/wp-json\/wp\/v2\/types\/post"}],"author":[{"embeddable":true,"href":"https:\/\/kevinragonneau.fr\/blog\/wp-json\/wp\/v2\/users\/1"}],"replies":[{"embeddable":true,"href":"https:\/\/kevinragonneau.fr\/blog\/wp-json\/wp\/v2\/comments?post=11938"}],"version-history":[{"count":0,"href":"https:\/\/kevinragonneau.fr\/blog\/wp-json\/wp\/v2\/posts\/11938\/revisions"}],"wp:featuredmedia":[{"embeddable":true,"href":"https:\/\/kevinragonneau.fr\/blog\/wp-json\/wp\/v2\/media\/11939"}],"wp:attachment":[{"href":"https:\/\/kevinragonneau.fr\/blog\/wp-json\/wp\/v2\/media?parent=11938"}],"wp:term":[{"taxonomy":"category","embeddable":true,"href":"https:\/\/kevinragonneau.fr\/blog\/wp-json\/wp\/v2\/categories?post=11938"},{"taxonomy":"post_tag","embeddable":true,"href":"https:\/\/kevinragonneau.fr\/blog\/wp-json\/wp\/v2\/tags?post=11938"},{"taxonomy":"powerkit_post_featured","embeddable":true,"href":"https:\/\/kevinragonneau.fr\/blog\/wp-json\/wp\/v2\/powerkit_post_featured?post=11938"}],"curies":[{"name":"wp","href":"https:\/\/api.w.org\/{rel}","templated":true}]}}