{"id":12615,"date":"2023-10-16T10:10:26","date_gmt":"2023-10-16T08:10:26","guid":{"rendered":"https:\/\/kevinragonneau.fr\/blog\/?p=12615"},"modified":"2023-10-16T14:28:52","modified_gmt":"2023-10-16T12:28:52","slug":"tete-de-lit-200-cm-quel-est-son-interet","status":"publish","type":"post","link":"https:\/\/kevinragonneau.fr\/blog\/tete-de-lit-200-cm-quel-est-son-interet","title":{"rendered":"T\u00eate de lit 200 cm : quel est son int\u00e9r\u00eat ?"},"content":{"rendered":"<p>La t\u00eate de lit est un accessoire de literie dont les avantages sont multiples. Si elle joue un r\u00f4le esth\u00e9tique dans la chambre \u00e0 coucher, elle am\u00e9liore \u00e9galement la qualit\u00e9 de votre sommeil. Vous envisagez d&rsquo;acqu\u00e9rir cet \u00e9quipement, mais vous h\u00e9sitez encore ? Je vous explique l&rsquo;int\u00e9r\u00eat d&rsquo;avoir une t\u00eate de lit dans votre chambre et les diverses possibilit\u00e9s qui s&rsquo;offrent \u00e0 vous en termes de choix de cet accessoire.<\/p>\n<p>&nbsp;<\/p>\n<h2 id=\"tete-de-lit-200-cm-un-element-decoratif-hors-pair\">T\u00eate de lit 200 cm : un \u00e9l\u00e9ment d\u00e9coratif hors pair<\/h2>\n<p>La <strong>t\u00eate de lit<\/strong> joue une fonction d\u00e9corative par excellence. Ce mobilier habille joliment le mur principal de votre chambre \u00e0 coucher. Il se place entre le mur et l&rsquo;ensemble du sommier et optimise ainsi parfaitement la d\u00e9co de la pi\u00e8ce. Quel que soit le type de d\u00e9coration que vous envisagez pour chambre, il existe un mod\u00e8le de <a href=\"https:\/\/www.maxcolchon.com\/fr\/tete-de-lit-c-84\/f\/286-tete-de-lit-200\">t\u00eate de lit 200<\/a> adapt\u00e9 pour le r\u00e9aliser. On trouve en effet <strong>des t\u00eates de lit dans tous les styles<\/strong>, du vintage au contemporain.<\/p>\n<p>Par ailleurs, contrairement \u00e0 la majorit\u00e9 des accessoires de d\u00e9co qui n\u00e9cessite de faire des trous sur le mur, l&rsquo;installation d&rsquo;une t\u00eate de lit est assez simple. Vous n&rsquo;aurez besoin ni de clous, de chevilles ou de marteau pour l&rsquo;installer. Il vous suffit de placer la t\u00eate de l&rsquo;\u00e9quipement sur le sol entre le mur et votre lit.<\/p>\n<p><img loading=\"lazy\" decoding=\"async\" class=\"aligncenter wp-image-12617 size-full\" src=\"https:\/\/kevinragonneau.fr\/blog\/wp-content\/uploads\/2023\/10\/tete-de-lit-200-200-min.jpg\" alt=\"T\u00eate de lit 200 \u00d7 200\" width=\"1400\" height=\"933\" srcset=\"https:\/\/kevinragonneau.fr\/blog\/wp-content\/uploads\/2023\/10\/tete-de-lit-200-200-min.jpg 1400w, https:\/\/kevinragonneau.fr\/blog\/wp-content\/uploads\/2023\/10\/tete-de-lit-200-200-min-768x512.jpg 768w, https:\/\/kevinragonneau.fr\/blog\/wp-content\/uploads\/2023\/10\/tete-de-lit-200-200-min-770x513.jpg 770w\" sizes=\"auto, (max-width: 1400px) 100vw, 1400px\" \/><\/p>\n<p>&nbsp;<\/p>\n<h2 id=\"profitez-dun-meilleur-repos-avec-une-tete-de-lit\">Profitez d&rsquo;un meilleur repos avec une t\u00eate de lit<\/h2>\n<p>Gr\u00e2ce \u00e0 votre t\u00eate de lit, vous pourrez dormir paisiblement la nuit et b\u00e9n\u00e9ficier des <strong>bienfaits d&rsquo;un sommeil r\u00e9parateur<\/strong> sur votre sant\u00e9 mentale et physique. \u00c9tant plac\u00e9e entre le lit et le mur, la t\u00eate de lit emp\u00eache la perte de chaleur \u00e0 travers le mur. Gr\u00e2ce \u00e0 son rembourrage int\u00e9rieur, cet \u00e9quipement vous prot\u00e8ge contre le mur. Il emp\u00eache \u00e9galement l&rsquo;oreiller de se d\u00e9placer lorsque vous dormez et vous maintient dans une position confortable durant vos heures de sommeil.<\/p>\n<p>Si vous aimez lire des magazines ou regarder la t\u00e9l\u00e9vision en \u00e9tant assis sur votre lit, une t\u00eate de lit vous pr\u00e9servera contre les maux de dos et les raideurs dans la nuque. C&rsquo;est un support pratique pour vous adosser, surtout lorsqu&rsquo;elle est con\u00e7ue en cuir ou en tissu.<\/p>\n<p>&nbsp;<\/p>\n<h2 id=\"une-large-selection-de-tetes-de-lit-pour-votre-confort\">Une large s\u00e9lection de t\u00eates de lit pour votre confort<\/h2>\n<p>Les <strong>fabricants de t\u00eates de lit<\/strong> vous proposent diff\u00e9rents mod\u00e8les :<\/p>\n<ul>\n<li>t\u00eate de lit en bois flott\u00e9,<\/li>\n<li>t\u00eate de lit avec appliques int\u00e9gr\u00e9es,<\/li>\n<li>t\u00eate de lit \u00e0 motifs dor\u00e9s\u2026<\/li>\n<\/ul>\n<p>Vous avez la possibilit\u00e9 de personnaliser votre t\u00eate de lit \u00e0 100 % en fonction de vos pr\u00e9f\u00e9rences et go\u00fbts. Pour une <strong>t\u00eate de lit 200 \u00d7 200 cm <\/strong>par exemple, vous pouvez choisir entre des mati\u00e8res comme le cuir verni, chin\u00e9, la microfibre ou le velours. Il existe aussi des t\u00eates de lit en tissu qui procurent un excellent confort. De m\u00eame, les couleurs disponibles sont multiples. Cela vous permet d&rsquo;affirmer votre personnalit\u00e9 et vos pr\u00e9f\u00e9rences en mati\u00e8re de d\u00e9coration d&rsquo;int\u00e9rieur.<\/p>\n<p>Sur le march\u00e9 des t\u00eates de lit, <strong>Maxcolchon<\/strong> se distingue par la qualit\u00e9 et la vari\u00e9t\u00e9 des produits propos\u00e9s. Cette entreprise vous propose des \u00e9quipements \u00e0 la fois esth\u00e9tiques, qualitatifs et personnalisables \u00e0 souhait. Son catalogue est constitu\u00e9 de 12 mod\u00e8les diff\u00e9rents de t\u00eate de lit dans plus de 40 couleurs. Avec ces produits, vous pourrez b\u00e9n\u00e9ficier d&rsquo;un repos paisible.<\/p>\n","protected":false},"excerpt":{"rendered":"<p>La t\u00eate de lit est un accessoire de literie dont les avantages sont multiples. Si elle joue un r\u00f4le esth\u00e9tique dans la chambre \u00e0 coucher, elle am\u00e9liore \u00e9galement la qualit\u00e9&hellip;<\/p>\n","protected":false},"author":1,"featured_media":12616,"comment_status":"open","ping_status":"open","sticky":false,"template":"","format":"standard","meta":{"footnotes":""},"categories":[3],"tags":[],"powerkit_post_featured":[],"class_list":{"0":"post-12615","1":"post","2":"type-post","3":"status-publish","4":"format-standard","5":"has-post-thumbnail","7":"category-lifestyle"},"yoast_head":"<!-- This site is optimized with the Yoast SEO plugin v27.4 - https:\/\/yoast.com\/product\/yoast-seo-wordpress\/ -->\n<title>T\u00eate de lit 200 cm : quel est son int\u00e9r\u00eat ?<\/title>\n<meta name=\"robots\" content=\"index, follow, max-snippet:-1, max-image-preview:large, max-video-preview:-1\" \/>\n<link rel=\"canonical\" href=\"https:\/\/kevinragonneau.fr\/blog\/tete-de-lit-200-cm-quel-est-son-interet\" \/>\n<meta property=\"og:locale\" content=\"fr_FR\" \/>\n<meta property=\"og:type\" content=\"article\" \/>\n<meta property=\"og:title\" content=\"T\u00eate de lit 200 cm : quel est son int\u00e9r\u00eat ?\" \/>\n<meta property=\"og:description\" content=\"La t\u00eate de lit est un accessoire de literie dont les avantages sont multiples. Si elle joue un r\u00f4le esth\u00e9tique dans la chambre \u00e0 coucher, elle am\u00e9liore \u00e9galement la qualit\u00e9&hellip;\" \/>\n<meta property=\"og:url\" content=\"https:\/\/kevinragonneau.fr\/blog\/tete-de-lit-200-cm-quel-est-son-interet\" \/>\n<meta property=\"og:site_name\" content=\"Kevin Ragonneau\" \/>\n<meta property=\"article:publisher\" content=\"http:\/\/facebook.com\/kevinragonneau\" \/>\n<meta property=\"article:author\" content=\"facebook\" \/>\n<meta property=\"article:published_time\" content=\"2023-10-16T08:10:26+00:00\" \/>\n<meta property=\"article:modified_time\" content=\"2023-10-16T12:28:52+00:00\" \/>\n<meta property=\"og:image\" content=\"https:\/\/kevinragonneau.fr\/blog\/wp-content\/uploads\/2023\/10\/651ff4cee4895-MissionBriefFile-MAXCOLCHON-37-min.jpg\" \/>\n\t<meta property=\"og:image:width\" content=\"1200\" \/>\n\t<meta property=\"og:image:height\" content=\"800\" \/>\n\t<meta property=\"og:image:type\" content=\"image\/jpeg\" \/>\n<meta name=\"author\" content=\"kevin\" \/>\n<meta name=\"twitter:card\" content=\"summary_large_image\" \/>\n<meta name=\"twitter:creator\" content=\"@K_Ragonneau\" \/>\n<meta name=\"twitter:site\" content=\"@K_Ragonneau\" \/>\n<meta name=\"twitter:label1\" content=\"\u00c9crit par\" \/>\n\t<meta name=\"twitter:data1\" content=\"kevin\" \/>\n\t<meta name=\"twitter:label2\" content=\"Dur\u00e9e de lecture estim\u00e9e\" \/>\n\t<meta name=\"twitter:data2\" content=\"3 minutes\" \/>\n<script type=\"application\/ld+json\" class=\"yoast-schema-graph\">{\"@context\":\"https:\\\/\\\/schema.org\",\"@graph\":[{\"@type\":\"Article\",\"@id\":\"https:\\\/\\\/kevinragonneau.fr\\\/blog\\\/tete-de-lit-200-cm-quel-est-son-interet#article\",\"isPartOf\":{\"@id\":\"https:\\\/\\\/kevinragonneau.fr\\\/blog\\\/tete-de-lit-200-cm-quel-est-son-interet\"},\"author\":{\"name\":\"kevin\",\"@id\":\"https:\\\/\\\/kevinragonneau.fr\\\/blog\\\/#\\\/schema\\\/person\\\/699d420145eef6a72e6ee2874017089b\"},\"headline\":\"T\u00eate de lit 200 cm : quel est son int\u00e9r\u00eat ?\",\"datePublished\":\"2023-10-16T08:10:26+00:00\",\"dateModified\":\"2023-10-16T12:28:52+00:00\",\"mainEntityOfPage\":{\"@id\":\"https:\\\/\\\/kevinragonneau.fr\\\/blog\\\/tete-de-lit-200-cm-quel-est-son-interet\"},\"wordCount\":627,\"commentCount\":0,\"image\":{\"@id\":\"https:\\\/\\\/kevinragonneau.fr\\\/blog\\\/tete-de-lit-200-cm-quel-est-son-interet#primaryimage\"},\"thumbnailUrl\":\"https:\\\/\\\/kevinragonneau.fr\\\/blog\\\/wp-content\\\/uploads\\\/2023\\\/10\\\/651ff4cee4895-MissionBriefFile-MAXCOLCHON-37-min.jpg\",\"articleSection\":[\"Lifestyle\"],\"inLanguage\":\"fr-FR\",\"potentialAction\":[{\"@type\":\"CommentAction\",\"name\":\"Comment\",\"target\":[\"https:\\\/\\\/kevinragonneau.fr\\\/blog\\\/tete-de-lit-200-cm-quel-est-son-interet#respond\"]}]},{\"@type\":\"WebPage\",\"@id\":\"https:\\\/\\\/kevinragonneau.fr\\\/blog\\\/tete-de-lit-200-cm-quel-est-son-interet\",\"url\":\"https:\\\/\\\/kevinragonneau.fr\\\/blog\\\/tete-de-lit-200-cm-quel-est-son-interet\",\"name\":\"T\u00eate de lit 200 cm : quel est son int\u00e9r\u00eat ?\",\"isPartOf\":{\"@id\":\"https:\\\/\\\/kevinragonneau.fr\\\/blog\\\/#website\"},\"primaryImageOfPage\":{\"@id\":\"https:\\\/\\\/kevinragonneau.fr\\\/blog\\\/tete-de-lit-200-cm-quel-est-son-interet#primaryimage\"},\"image\":{\"@id\":\"https:\\\/\\\/kevinragonneau.fr\\\/blog\\\/tete-de-lit-200-cm-quel-est-son-interet#primaryimage\"},\"thumbnailUrl\":\"https:\\\/\\\/kevinragonneau.fr\\\/blog\\\/wp-content\\\/uploads\\\/2023\\\/10\\\/651ff4cee4895-MissionBriefFile-MAXCOLCHON-37-min.jpg\",\"datePublished\":\"2023-10-16T08:10:26+00:00\",\"dateModified\":\"2023-10-16T12:28:52+00:00\",\"author\":{\"@id\":\"https:\\\/\\\/kevinragonneau.fr\\\/blog\\\/#\\\/schema\\\/person\\\/699d420145eef6a72e6ee2874017089b\"},\"breadcrumb\":{\"@id\":\"https:\\\/\\\/kevinragonneau.fr\\\/blog\\\/tete-de-lit-200-cm-quel-est-son-interet#breadcrumb\"},\"inLanguage\":\"fr-FR\",\"potentialAction\":[{\"@type\":\"ReadAction\",\"target\":[\"https:\\\/\\\/kevinragonneau.fr\\\/blog\\\/tete-de-lit-200-cm-quel-est-son-interet\"]}]},{\"@type\":\"ImageObject\",\"inLanguage\":\"fr-FR\",\"@id\":\"https:\\\/\\\/kevinragonneau.fr\\\/blog\\\/tete-de-lit-200-cm-quel-est-son-interet#primaryimage\",\"url\":\"https:\\\/\\\/kevinragonneau.fr\\\/blog\\\/wp-content\\\/uploads\\\/2023\\\/10\\\/651ff4cee4895-MissionBriefFile-MAXCOLCHON-37-min.jpg\",\"contentUrl\":\"https:\\\/\\\/kevinragonneau.fr\\\/blog\\\/wp-content\\\/uploads\\\/2023\\\/10\\\/651ff4cee4895-MissionBriefFile-MAXCOLCHON-37-min.jpg\",\"width\":1200,\"height\":800,\"caption\":\"Belle t\u00eate de lit\"},{\"@type\":\"BreadcrumbList\",\"@id\":\"https:\\\/\\\/kevinragonneau.fr\\\/blog\\\/tete-de-lit-200-cm-quel-est-son-interet#breadcrumb\",\"itemListElement\":[{\"@type\":\"ListItem\",\"position\":1,\"name\":\"Accueil\",\"item\":\"https:\\\/\\\/kevinragonneau.fr\\\/blog\\\/\"},{\"@type\":\"ListItem\",\"position\":2,\"name\":\"T\u00eate de lit 200 cm : quel est son int\u00e9r\u00eat ?\"}]},{\"@type\":\"WebSite\",\"@id\":\"https:\\\/\\\/kevinragonneau.fr\\\/blog\\\/#website\",\"url\":\"https:\\\/\\\/kevinragonneau.fr\\\/blog\\\/\",\"name\":\"Blog Lifestyle : Conseils de Voyage, Mode, Marketing Digital et Vie de Famille Inspirante\",\"description\":\"Blog Lifestyle : Conseils de Voyage, Mode, Marketing Digital et Vie de Famille Inspirante\",\"alternateName\":\"Blog de Kevin Ragonneau\",\"potentialAction\":[{\"@type\":\"SearchAction\",\"target\":{\"@type\":\"EntryPoint\",\"urlTemplate\":\"https:\\\/\\\/kevinragonneau.fr\\\/blog\\\/?s={search_term_string}\"},\"query-input\":{\"@type\":\"PropertyValueSpecification\",\"valueRequired\":true,\"valueName\":\"search_term_string\"}}],\"inLanguage\":\"fr-FR\"},{\"@type\":\"Person\",\"@id\":\"https:\\\/\\\/kevinragonneau.fr\\\/blog\\\/#\\\/schema\\\/person\\\/699d420145eef6a72e6ee2874017089b\",\"name\":\"kevin\",\"image\":{\"@type\":\"ImageObject\",\"inLanguage\":\"fr-FR\",\"@id\":\"https:\\\/\\\/secure.gravatar.com\\\/avatar\\\/13848386d61634190fd948f9c9942d9dbd215b2fb0cc6c7462a7427b3f9d264e?s=96&d=mm&r=g\",\"url\":\"https:\\\/\\\/secure.gravatar.com\\\/avatar\\\/13848386d61634190fd948f9c9942d9dbd215b2fb0cc6c7462a7427b3f9d264e?s=96&d=mm&r=g\",\"contentUrl\":\"https:\\\/\\\/secure.gravatar.com\\\/avatar\\\/13848386d61634190fd948f9c9942d9dbd215b2fb0cc6c7462a7427b3f9d264e?s=96&d=mm&r=g\",\"caption\":\"kevin\"},\"description\":\"26 ans, Paris. D\u00e9veloppeur web &amp; Blogueur.\",\"sameAs\":[\"http:\\\/\\\/www.kevinragonneau.fr\\\/blog\",\"facebook\",\"instagram\"],\"url\":\"https:\\\/\\\/kevinragonneau.fr\\\/blog\\\/author\\\/kevin\"}]}<\/script>\n<!-- \/ Yoast SEO plugin. -->","yoast_head_json":{"title":"T\u00eate de lit 200 cm : quel est son int\u00e9r\u00eat ?","robots":{"index":"index","follow":"follow","max-snippet":"max-snippet:-1","max-image-preview":"max-image-preview:large","max-video-preview":"max-video-preview:-1"},"canonical":"https:\/\/kevinragonneau.fr\/blog\/tete-de-lit-200-cm-quel-est-son-interet","og_locale":"fr_FR","og_type":"article","og_title":"T\u00eate de lit 200 cm : quel est son int\u00e9r\u00eat ?","og_description":"La t\u00eate de lit est un accessoire de literie dont les avantages sont multiples. Si elle joue un r\u00f4le esth\u00e9tique dans la chambre \u00e0 coucher, elle am\u00e9liore \u00e9galement la qualit\u00e9&hellip;","og_url":"https:\/\/kevinragonneau.fr\/blog\/tete-de-lit-200-cm-quel-est-son-interet","og_site_name":"Kevin Ragonneau","article_publisher":"http:\/\/facebook.com\/kevinragonneau","article_author":"facebook","article_published_time":"2023-10-16T08:10:26+00:00","article_modified_time":"2023-10-16T12:28:52+00:00","og_image":[{"width":1200,"height":800,"url":"https:\/\/kevinragonneau.fr\/blog\/wp-content\/uploads\/2023\/10\/651ff4cee4895-MissionBriefFile-MAXCOLCHON-37-min.jpg","type":"image\/jpeg"}],"author":"kevin","twitter_card":"summary_large_image","twitter_creator":"@K_Ragonneau","twitter_site":"@K_Ragonneau","twitter_misc":{"\u00c9crit par":"kevin","Dur\u00e9e de lecture estim\u00e9e":"3 minutes"},"schema":{"@context":"https:\/\/schema.org","@graph":[{"@type":"Article","@id":"https:\/\/kevinragonneau.fr\/blog\/tete-de-lit-200-cm-quel-est-son-interet#article","isPartOf":{"@id":"https:\/\/kevinragonneau.fr\/blog\/tete-de-lit-200-cm-quel-est-son-interet"},"author":{"name":"kevin","@id":"https:\/\/kevinragonneau.fr\/blog\/#\/schema\/person\/699d420145eef6a72e6ee2874017089b"},"headline":"T\u00eate de lit 200 cm : quel est son int\u00e9r\u00eat ?","datePublished":"2023-10-16T08:10:26+00:00","dateModified":"2023-10-16T12:28:52+00:00","mainEntityOfPage":{"@id":"https:\/\/kevinragonneau.fr\/blog\/tete-de-lit-200-cm-quel-est-son-interet"},"wordCount":627,"commentCount":0,"image":{"@id":"https:\/\/kevinragonneau.fr\/blog\/tete-de-lit-200-cm-quel-est-son-interet#primaryimage"},"thumbnailUrl":"https:\/\/kevinragonneau.fr\/blog\/wp-content\/uploads\/2023\/10\/651ff4cee4895-MissionBriefFile-MAXCOLCHON-37-min.jpg","articleSection":["Lifestyle"],"inLanguage":"fr-FR","potentialAction":[{"@type":"CommentAction","name":"Comment","target":["https:\/\/kevinragonneau.fr\/blog\/tete-de-lit-200-cm-quel-est-son-interet#respond"]}]},{"@type":"WebPage","@id":"https:\/\/kevinragonneau.fr\/blog\/tete-de-lit-200-cm-quel-est-son-interet","url":"https:\/\/kevinragonneau.fr\/blog\/tete-de-lit-200-cm-quel-est-son-interet","name":"T\u00eate de lit 200 cm : quel est son int\u00e9r\u00eat ?","isPartOf":{"@id":"https:\/\/kevinragonneau.fr\/blog\/#website"},"primaryImageOfPage":{"@id":"https:\/\/kevinragonneau.fr\/blog\/tete-de-lit-200-cm-quel-est-son-interet#primaryimage"},"image":{"@id":"https:\/\/kevinragonneau.fr\/blog\/tete-de-lit-200-cm-quel-est-son-interet#primaryimage"},"thumbnailUrl":"https:\/\/kevinragonneau.fr\/blog\/wp-content\/uploads\/2023\/10\/651ff4cee4895-MissionBriefFile-MAXCOLCHON-37-min.jpg","datePublished":"2023-10-16T08:10:26+00:00","dateModified":"2023-10-16T12:28:52+00:00","author":{"@id":"https:\/\/kevinragonneau.fr\/blog\/#\/schema\/person\/699d420145eef6a72e6ee2874017089b"},"breadcrumb":{"@id":"https:\/\/kevinragonneau.fr\/blog\/tete-de-lit-200-cm-quel-est-son-interet#breadcrumb"},"inLanguage":"fr-FR","potentialAction":[{"@type":"ReadAction","target":["https:\/\/kevinragonneau.fr\/blog\/tete-de-lit-200-cm-quel-est-son-interet"]}]},{"@type":"ImageObject","inLanguage":"fr-FR","@id":"https:\/\/kevinragonneau.fr\/blog\/tete-de-lit-200-cm-quel-est-son-interet#primaryimage","url":"https:\/\/kevinragonneau.fr\/blog\/wp-content\/uploads\/2023\/10\/651ff4cee4895-MissionBriefFile-MAXCOLCHON-37-min.jpg","contentUrl":"https:\/\/kevinragonneau.fr\/blog\/wp-content\/uploads\/2023\/10\/651ff4cee4895-MissionBriefFile-MAXCOLCHON-37-min.jpg","width":1200,"height":800,"caption":"Belle t\u00eate de lit"},{"@type":"BreadcrumbList","@id":"https:\/\/kevinragonneau.fr\/blog\/tete-de-lit-200-cm-quel-est-son-interet#breadcrumb","itemListElement":[{"@type":"ListItem","position":1,"name":"Accueil","item":"https:\/\/kevinragonneau.fr\/blog\/"},{"@type":"ListItem","position":2,"name":"T\u00eate de lit 200 cm : quel est son int\u00e9r\u00eat ?"}]},{"@type":"WebSite","@id":"https:\/\/kevinragonneau.fr\/blog\/#website","url":"https:\/\/kevinragonneau.fr\/blog\/","name":"Blog Lifestyle : Conseils de Voyage, Mode, Marketing Digital et Vie de Famille Inspirante","description":"Blog Lifestyle : Conseils de Voyage, Mode, Marketing Digital et Vie de Famille Inspirante","alternateName":"Blog de Kevin Ragonneau","potentialAction":[{"@type":"SearchAction","target":{"@type":"EntryPoint","urlTemplate":"https:\/\/kevinragonneau.fr\/blog\/?s={search_term_string}"},"query-input":{"@type":"PropertyValueSpecification","valueRequired":true,"valueName":"search_term_string"}}],"inLanguage":"fr-FR"},{"@type":"Person","@id":"https:\/\/kevinragonneau.fr\/blog\/#\/schema\/person\/699d420145eef6a72e6ee2874017089b","name":"kevin","image":{"@type":"ImageObject","inLanguage":"fr-FR","@id":"https:\/\/secure.gravatar.com\/avatar\/13848386d61634190fd948f9c9942d9dbd215b2fb0cc6c7462a7427b3f9d264e?s=96&d=mm&r=g","url":"https:\/\/secure.gravatar.com\/avatar\/13848386d61634190fd948f9c9942d9dbd215b2fb0cc6c7462a7427b3f9d264e?s=96&d=mm&r=g","contentUrl":"https:\/\/secure.gravatar.com\/avatar\/13848386d61634190fd948f9c9942d9dbd215b2fb0cc6c7462a7427b3f9d264e?s=96&d=mm&r=g","caption":"kevin"},"description":"26 ans, Paris. D\u00e9veloppeur web &amp; Blogueur.","sameAs":["http:\/\/www.kevinragonneau.fr\/blog","facebook","instagram"],"url":"https:\/\/kevinragonneau.fr\/blog\/author\/kevin"}]}},"_links":{"self":[{"href":"https:\/\/kevinragonneau.fr\/blog\/wp-json\/wp\/v2\/posts\/12615","targetHints":{"allow":["GET"]}}],"collection":[{"href":"https:\/\/kevinragonneau.fr\/blog\/wp-json\/wp\/v2\/posts"}],"about":[{"href":"https:\/\/kevinragonneau.fr\/blog\/wp-json\/wp\/v2\/types\/post"}],"author":[{"embeddable":true,"href":"https:\/\/kevinragonneau.fr\/blog\/wp-json\/wp\/v2\/users\/1"}],"replies":[{"embeddable":true,"href":"https:\/\/kevinragonneau.fr\/blog\/wp-json\/wp\/v2\/comments?post=12615"}],"version-history":[{"count":0,"href":"https:\/\/kevinragonneau.fr\/blog\/wp-json\/wp\/v2\/posts\/12615\/revisions"}],"wp:featuredmedia":[{"embeddable":true,"href":"https:\/\/kevinragonneau.fr\/blog\/wp-json\/wp\/v2\/media\/12616"}],"wp:attachment":[{"href":"https:\/\/kevinragonneau.fr\/blog\/wp-json\/wp\/v2\/media?parent=12615"}],"wp:term":[{"taxonomy":"category","embeddable":true,"href":"https:\/\/kevinragonneau.fr\/blog\/wp-json\/wp\/v2\/categories?post=12615"},{"taxonomy":"post_tag","embeddable":true,"href":"https:\/\/kevinragonneau.fr\/blog\/wp-json\/wp\/v2\/tags?post=12615"},{"taxonomy":"powerkit_post_featured","embeddable":true,"href":"https:\/\/kevinragonneau.fr\/blog\/wp-json\/wp\/v2\/powerkit_post_featured?post=12615"}],"curies":[{"name":"wp","href":"https:\/\/api.w.org\/{rel}","templated":true}]}}