{"id":13306,"date":"2024-05-27T12:59:08","date_gmt":"2024-05-27T10:59:08","guid":{"rendered":"https:\/\/kevinragonneau.fr\/blog\/comment-la-radio-faconne-t-elle-encore-notre-quotidien"},"modified":"2024-05-30T13:40:54","modified_gmt":"2024-05-30T11:40:54","slug":"comment-la-radio-faconne-t-elle-encore-notre-quotidien","status":"publish","type":"post","link":"https:\/\/kevinragonneau.fr\/blog\/comment-la-radio-faconne-t-elle-encore-notre-quotidien","title":{"rendered":"Comment la radio fa\u00e7onne-t-elle encore notre quotidien ?"},"content":{"rendered":"<p>Avec la presse \u00e9crite et la t\u00e9l\u00e9vision, la radio fait partie des m\u00e9dias traditionnels les plus populaires. Elle traverse le temps sans prendre de rides, malgr\u00e9 les impressionnants progr\u00e8s dans le domaine des technologies de l&rsquo;information et de la communication. La radio continue d&rsquo;occuper une place \u00e0 part enti\u00e8re dans la vie de nombreuses personnes. Quel est le r\u00f4le de ce m\u00e9dia traditionnel dans notre quotidien ? Voici tout ce que vous devez savoir.<\/p>\n<p>&nbsp;<\/p>\n<h2 id=\"la-radio-comme-compagnon-constant-de-tous-les-jours\">La radio comme compagnon constant de tous les jours<\/h2>\n<p>Pour am\u00e9liorer ses fonctions cognitives, l&rsquo;\u00eatre humain a besoin d&rsquo;apprendre chaque jour de nouvelles choses. Il est essentiel pour lui de maitriser ce qui se passe dans son environnement imm\u00e9diat ou dans le monde. Gr\u00e2ce au journal radio ou \u00e0 des \u00e9missions sp\u00e9cifiques qui re\u00e7oivent des sp\u00e9cialistes, les auditeurs peuvent <strong>d\u00e9couvrir l&rsquo;actualit\u00e9 people, sportive, culturelle, \u00e9conomique ou politique<\/strong> dans leur commune, d\u00e9partement, r\u00e9gion, pays o\u00f9 \u00e0 l&rsquo;international. Connaitre ces faits peut \u00eatre utile pour bien argumenter lors des d\u00e9bats entre proches ou coll\u00e8gues de travail.<\/p>\n<p>Les \u00e9missions d&rsquo;une <a href=\"https:\/\/www.radiopaname.fr\/\">radio musicale de chansons \u00e0 texte<\/a> aident au quotidien \u00e0 plonger les auditeurs dans l&rsquo;univers artistique des chanteurs de renom. \u00c9couter de belles paroles et m\u00e9lodies peut aider \u00e0 oublier momentan\u00e9ment les soucis. Il suffit de prendre rendez-vous de mani\u00e8re journali\u00e8re, bihebdomadaire ou hebdomadaire sur une station donn\u00e9e pour <strong>savourer la richesse de la musique fran\u00e7aise et internationale<\/strong>. Qu&rsquo;il s&rsquo;agisse d&rsquo;un nostalgique de la vieille \u00e9poque ou d&rsquo;un amateur de nouvelles tendances musicales, chacun y trouve son compte. La radio sert aussi \u00e0 divertir le public gr\u00e2ce \u00e0 des \u00e9missions ludiques anim\u00e9es par des com\u00e9diens ou encore des jeux (g\u00e9n\u00e9ralement des quiz) avec des lots \u00e0 gagner.<\/p>\n<p><img decoding=\"async\" style=\"display: block; margin-left: auto; margin-right: auto;\" src=\"https:\/\/kevinragonneau.fr\/blog\/wp-content\/uploads\/2024\/05\/111354.jpg\" alt=\"radio au quotidien\" \/><\/p>\n<p><em><strong>\u00c0 lire aussi :\u00a0<a href=\"https:\/\/kevinragonneau.fr\/blog\/comment-heberger-et-diffuser-son-podcast-sur-itunes-apple-podcast-deezer-spotify-and-co\">Comment h\u00e9berger et diffuser son podcast sur iTunes, Apple Podcast, Deezer, Spotify and co ?<\/a><\/strong><\/em><\/p>\n<p>&nbsp;<\/p>\n<h2 id=\"le-role-des-emissions-radio-dans-la-formation-de-lopinion-publique-au-quotidien\">Le r\u00f4le des \u00e9missions radio dans la formation de l&rsquo;opinion publique au quotidien<\/h2>\n<p>Le m\u00e9dia traditionnel le plus \u00e9cout\u00e9 est un redoutable outil pour influencer la mani\u00e8re dont la masse per\u00e7oit des faits de soci\u00e9t\u00e9, actions du gouvernement ou ph\u00e9nom\u00e8nes politiques, etc. La radio <strong>propose des espaces de discussion \u00e0 un large panel de sp\u00e9cialistes<\/strong> sur les diff\u00e9rents aspects d&rsquo;un m\u00eame sujet. Les auditeurs peuvent aussi acc\u00e9der aux informations sur des enqu\u00eates ou sondages \u00e0 l&rsquo;\u00e9chelle nationale, r\u00e9gionale ou d\u00e9partementale. Cela permet au public de se faire une opinion sur les questions publiques. Les radios \u00e0 tr\u00e8s forte audience peuvent susciter l&rsquo;int\u00e9r\u00eat et le d\u00e9bat des citoyens sur des sujets pr\u00e9cis en consacrant \u00e0 ceux-ci la majeure partie de leurs programmes.<\/p>\n<p>&nbsp;<\/p>\n<h2 id=\"radios-locales-et-communautaires-le-renforcement-du-sentiment-dappartenance\">Radios locales et communautaires : le renforcement du sentiment d&rsquo;appartenance<\/h2>\n<p>Une radio locale est un levier de <strong>promotion et de c\u00e9l\u00e9bration de la culture, des valeurs et des traditions <\/strong>d&rsquo;un territoire donn\u00e9. Toute la ligne \u00e9ditoriale de ce type de m\u00e9dia est \u00e9labor\u00e9e en pensant aux int\u00e9r\u00eats de la communaut\u00e9 concern\u00e9e. Les stations locales donnent en priorit\u00e9 la parole aux habitants de la r\u00e9gion pour exposer et discuter des probl\u00e8mes rencontr\u00e9s sur le plan politique, \u00e9conomique, culturel, \u00e9ducatif, etc. Elles sont indispensables pour le renforcement du tissu social local.<\/p>\n<p>Elles sont activement impliqu\u00e9es dans la <strong>promotion des \u0153uvres des nouveaux talents et artistes confirm\u00e9s de la r\u00e9gion<\/strong> qui sont souvent n\u00e9glig\u00e9s par les radios nationales. Les stations locales mettent aussi en lumi\u00e8re les produits et services des entreprises \u00e0 proximit\u00e9, peu importe la taille de la structure et le secteur d&rsquo;activit\u00e9 au quotidien. Elles partagent tr\u00e8s fr\u00e9quemment les offres d&#8217;emploi int\u00e9ressantes dans la commune ou la r\u00e9gion concern\u00e9e. Cela permet de <strong>soutenir l&rsquo;\u00e9conomie territoriale <\/strong>et de renforcer le sentiment d&rsquo;appartenance communautaire.<\/p>\n","protected":false},"excerpt":{"rendered":"<p>Avec la presse \u00e9crite et la t\u00e9l\u00e9vision, la radio fait partie des m\u00e9dias traditionnels les plus populaires. Elle traverse le temps sans prendre de rides, malgr\u00e9 les impressionnants progr\u00e8s dans&hellip;<\/p>\n","protected":false},"author":11,"featured_media":13304,"comment_status":"open","ping_status":"open","sticky":false,"template":"","format":"standard","meta":{"footnotes":""},"categories":[459],"tags":[],"powerkit_post_featured":[],"class_list":{"0":"post-13306","1":"post","2":"type-post","3":"status-publish","4":"format-standard","5":"has-post-thumbnail","7":"category-musique"},"yoast_head":"<!-- This site is optimized with the Yoast SEO plugin v27.4 - https:\/\/yoast.com\/product\/yoast-seo-wordpress\/ -->\n<title>Comment la radio fa\u00e7onne-t-elle encore notre quotidien ?<\/title>\n<meta name=\"robots\" content=\"index, follow, max-snippet:-1, max-image-preview:large, max-video-preview:-1\" \/>\n<link rel=\"canonical\" href=\"https:\/\/kevinragonneau.fr\/blog\/comment-la-radio-faconne-t-elle-encore-notre-quotidien\" \/>\n<meta property=\"og:locale\" content=\"fr_FR\" \/>\n<meta property=\"og:type\" content=\"article\" \/>\n<meta property=\"og:title\" content=\"Comment la radio fa\u00e7onne-t-elle encore notre quotidien ?\" \/>\n<meta property=\"og:description\" content=\"Avec la presse \u00e9crite et la t\u00e9l\u00e9vision, la radio fait partie des m\u00e9dias traditionnels les plus populaires. Elle traverse le temps sans prendre de rides, malgr\u00e9 les impressionnants progr\u00e8s dans&hellip;\" \/>\n<meta property=\"og:url\" content=\"https:\/\/kevinragonneau.fr\/blog\/comment-la-radio-faconne-t-elle-encore-notre-quotidien\" \/>\n<meta property=\"og:site_name\" content=\"Kevin Ragonneau\" \/>\n<meta property=\"article:publisher\" content=\"http:\/\/facebook.com\/kevinragonneau\" \/>\n<meta property=\"article:published_time\" content=\"2024-05-27T10:59:08+00:00\" \/>\n<meta property=\"article:modified_time\" content=\"2024-05-30T11:40:54+00:00\" \/>\n<meta property=\"og:image\" content=\"https:\/\/kevinragonneau.fr\/blog\/wp-content\/uploads\/2024\/05\/111353.jpg\" \/>\n\t<meta property=\"og:image:width\" content=\"1254\" \/>\n\t<meta property=\"og:image:height\" content=\"836\" \/>\n\t<meta property=\"og:image:type\" content=\"image\/jpeg\" \/>\n<meta name=\"author\" content=\"semjuice\" \/>\n<meta name=\"twitter:card\" content=\"summary_large_image\" \/>\n<meta name=\"twitter:creator\" content=\"@K_Ragonneau\" \/>\n<meta name=\"twitter:site\" content=\"@K_Ragonneau\" \/>\n<meta name=\"twitter:label1\" content=\"\u00c9crit par\" \/>\n\t<meta name=\"twitter:data1\" content=\"semjuice\" \/>\n\t<meta name=\"twitter:label2\" content=\"Dur\u00e9e de lecture estim\u00e9e\" \/>\n\t<meta name=\"twitter:data2\" content=\"4 minutes\" \/>\n<script type=\"application\/ld+json\" class=\"yoast-schema-graph\">{\"@context\":\"https:\\\/\\\/schema.org\",\"@graph\":[{\"@type\":\"Article\",\"@id\":\"https:\\\/\\\/kevinragonneau.fr\\\/blog\\\/comment-la-radio-faconne-t-elle-encore-notre-quotidien#article\",\"isPartOf\":{\"@id\":\"https:\\\/\\\/kevinragonneau.fr\\\/blog\\\/comment-la-radio-faconne-t-elle-encore-notre-quotidien\"},\"author\":{\"name\":\"semjuice\",\"@id\":\"https:\\\/\\\/kevinragonneau.fr\\\/blog\\\/#\\\/schema\\\/person\\\/e06fd43cc99704fad6ffa567dfcfa333\"},\"headline\":\"Comment la radio fa\u00e7onne-t-elle encore notre quotidien ?\",\"datePublished\":\"2024-05-27T10:59:08+00:00\",\"dateModified\":\"2024-05-30T11:40:54+00:00\",\"mainEntityOfPage\":{\"@id\":\"https:\\\/\\\/kevinragonneau.fr\\\/blog\\\/comment-la-radio-faconne-t-elle-encore-notre-quotidien\"},\"wordCount\":673,\"commentCount\":0,\"image\":{\"@id\":\"https:\\\/\\\/kevinragonneau.fr\\\/blog\\\/comment-la-radio-faconne-t-elle-encore-notre-quotidien#primaryimage\"},\"thumbnailUrl\":\"https:\\\/\\\/kevinragonneau.fr\\\/blog\\\/wp-content\\\/uploads\\\/2024\\\/05\\\/111353.jpg\",\"articleSection\":[\"Musique\"],\"inLanguage\":\"fr-FR\",\"potentialAction\":[{\"@type\":\"CommentAction\",\"name\":\"Comment\",\"target\":[\"https:\\\/\\\/kevinragonneau.fr\\\/blog\\\/comment-la-radio-faconne-t-elle-encore-notre-quotidien#respond\"]}]},{\"@type\":\"WebPage\",\"@id\":\"https:\\\/\\\/kevinragonneau.fr\\\/blog\\\/comment-la-radio-faconne-t-elle-encore-notre-quotidien\",\"url\":\"https:\\\/\\\/kevinragonneau.fr\\\/blog\\\/comment-la-radio-faconne-t-elle-encore-notre-quotidien\",\"name\":\"Comment la radio fa\u00e7onne-t-elle encore notre quotidien ?\",\"isPartOf\":{\"@id\":\"https:\\\/\\\/kevinragonneau.fr\\\/blog\\\/#website\"},\"primaryImageOfPage\":{\"@id\":\"https:\\\/\\\/kevinragonneau.fr\\\/blog\\\/comment-la-radio-faconne-t-elle-encore-notre-quotidien#primaryimage\"},\"image\":{\"@id\":\"https:\\\/\\\/kevinragonneau.fr\\\/blog\\\/comment-la-radio-faconne-t-elle-encore-notre-quotidien#primaryimage\"},\"thumbnailUrl\":\"https:\\\/\\\/kevinragonneau.fr\\\/blog\\\/wp-content\\\/uploads\\\/2024\\\/05\\\/111353.jpg\",\"datePublished\":\"2024-05-27T10:59:08+00:00\",\"dateModified\":\"2024-05-30T11:40:54+00:00\",\"author\":{\"@id\":\"https:\\\/\\\/kevinragonneau.fr\\\/blog\\\/#\\\/schema\\\/person\\\/e06fd43cc99704fad6ffa567dfcfa333\"},\"breadcrumb\":{\"@id\":\"https:\\\/\\\/kevinragonneau.fr\\\/blog\\\/comment-la-radio-faconne-t-elle-encore-notre-quotidien#breadcrumb\"},\"inLanguage\":\"fr-FR\",\"potentialAction\":[{\"@type\":\"ReadAction\",\"target\":[\"https:\\\/\\\/kevinragonneau.fr\\\/blog\\\/comment-la-radio-faconne-t-elle-encore-notre-quotidien\"]}]},{\"@type\":\"ImageObject\",\"inLanguage\":\"fr-FR\",\"@id\":\"https:\\\/\\\/kevinragonneau.fr\\\/blog\\\/comment-la-radio-faconne-t-elle-encore-notre-quotidien#primaryimage\",\"url\":\"https:\\\/\\\/kevinragonneau.fr\\\/blog\\\/wp-content\\\/uploads\\\/2024\\\/05\\\/111353.jpg\",\"contentUrl\":\"https:\\\/\\\/kevinragonneau.fr\\\/blog\\\/wp-content\\\/uploads\\\/2024\\\/05\\\/111353.jpg\",\"width\":1254,\"height\":836},{\"@type\":\"BreadcrumbList\",\"@id\":\"https:\\\/\\\/kevinragonneau.fr\\\/blog\\\/comment-la-radio-faconne-t-elle-encore-notre-quotidien#breadcrumb\",\"itemListElement\":[{\"@type\":\"ListItem\",\"position\":1,\"name\":\"Accueil\",\"item\":\"https:\\\/\\\/kevinragonneau.fr\\\/blog\\\/\"},{\"@type\":\"ListItem\",\"position\":2,\"name\":\"Comment la radio fa\u00e7onne-t-elle encore notre quotidien ?\"}]},{\"@type\":\"WebSite\",\"@id\":\"https:\\\/\\\/kevinragonneau.fr\\\/blog\\\/#website\",\"url\":\"https:\\\/\\\/kevinragonneau.fr\\\/blog\\\/\",\"name\":\"Blog Lifestyle : Conseils de Voyage, Mode, Marketing Digital et Vie de Famille Inspirante\",\"description\":\"Blog Lifestyle : Conseils de Voyage, Mode, Marketing Digital et Vie de Famille Inspirante\",\"alternateName\":\"Blog de Kevin Ragonneau\",\"potentialAction\":[{\"@type\":\"SearchAction\",\"target\":{\"@type\":\"EntryPoint\",\"urlTemplate\":\"https:\\\/\\\/kevinragonneau.fr\\\/blog\\\/?s={search_term_string}\"},\"query-input\":{\"@type\":\"PropertyValueSpecification\",\"valueRequired\":true,\"valueName\":\"search_term_string\"}}],\"inLanguage\":\"fr-FR\"},{\"@type\":\"Person\",\"@id\":\"https:\\\/\\\/kevinragonneau.fr\\\/blog\\\/#\\\/schema\\\/person\\\/e06fd43cc99704fad6ffa567dfcfa333\",\"name\":\"semjuice\",\"image\":{\"@type\":\"ImageObject\",\"inLanguage\":\"fr-FR\",\"@id\":\"https:\\\/\\\/secure.gravatar.com\\\/avatar\\\/b514cbe8bae2da0fe538f32f0e5755627ba57bbdc959d634edcdd334f2324443?s=96&d=mm&r=g\",\"url\":\"https:\\\/\\\/secure.gravatar.com\\\/avatar\\\/b514cbe8bae2da0fe538f32f0e5755627ba57bbdc959d634edcdd334f2324443?s=96&d=mm&r=g\",\"contentUrl\":\"https:\\\/\\\/secure.gravatar.com\\\/avatar\\\/b514cbe8bae2da0fe538f32f0e5755627ba57bbdc959d634edcdd334f2324443?s=96&d=mm&r=g\",\"caption\":\"semjuice\"},\"url\":\"https:\\\/\\\/kevinragonneau.fr\\\/blog\\\/author\\\/semjuice\"}]}<\/script>\n<!-- \/ Yoast SEO plugin. -->","yoast_head_json":{"title":"Comment la radio fa\u00e7onne-t-elle encore notre quotidien ?","robots":{"index":"index","follow":"follow","max-snippet":"max-snippet:-1","max-image-preview":"max-image-preview:large","max-video-preview":"max-video-preview:-1"},"canonical":"https:\/\/kevinragonneau.fr\/blog\/comment-la-radio-faconne-t-elle-encore-notre-quotidien","og_locale":"fr_FR","og_type":"article","og_title":"Comment la radio fa\u00e7onne-t-elle encore notre quotidien ?","og_description":"Avec la presse \u00e9crite et la t\u00e9l\u00e9vision, la radio fait partie des m\u00e9dias traditionnels les plus populaires. Elle traverse le temps sans prendre de rides, malgr\u00e9 les impressionnants progr\u00e8s dans&hellip;","og_url":"https:\/\/kevinragonneau.fr\/blog\/comment-la-radio-faconne-t-elle-encore-notre-quotidien","og_site_name":"Kevin Ragonneau","article_publisher":"http:\/\/facebook.com\/kevinragonneau","article_published_time":"2024-05-27T10:59:08+00:00","article_modified_time":"2024-05-30T11:40:54+00:00","og_image":[{"width":1254,"height":836,"url":"https:\/\/kevinragonneau.fr\/blog\/wp-content\/uploads\/2024\/05\/111353.jpg","type":"image\/jpeg"}],"author":"semjuice","twitter_card":"summary_large_image","twitter_creator":"@K_Ragonneau","twitter_site":"@K_Ragonneau","twitter_misc":{"\u00c9crit par":"semjuice","Dur\u00e9e de lecture estim\u00e9e":"4 minutes"},"schema":{"@context":"https:\/\/schema.org","@graph":[{"@type":"Article","@id":"https:\/\/kevinragonneau.fr\/blog\/comment-la-radio-faconne-t-elle-encore-notre-quotidien#article","isPartOf":{"@id":"https:\/\/kevinragonneau.fr\/blog\/comment-la-radio-faconne-t-elle-encore-notre-quotidien"},"author":{"name":"semjuice","@id":"https:\/\/kevinragonneau.fr\/blog\/#\/schema\/person\/e06fd43cc99704fad6ffa567dfcfa333"},"headline":"Comment la radio fa\u00e7onne-t-elle encore notre quotidien ?","datePublished":"2024-05-27T10:59:08+00:00","dateModified":"2024-05-30T11:40:54+00:00","mainEntityOfPage":{"@id":"https:\/\/kevinragonneau.fr\/blog\/comment-la-radio-faconne-t-elle-encore-notre-quotidien"},"wordCount":673,"commentCount":0,"image":{"@id":"https:\/\/kevinragonneau.fr\/blog\/comment-la-radio-faconne-t-elle-encore-notre-quotidien#primaryimage"},"thumbnailUrl":"https:\/\/kevinragonneau.fr\/blog\/wp-content\/uploads\/2024\/05\/111353.jpg","articleSection":["Musique"],"inLanguage":"fr-FR","potentialAction":[{"@type":"CommentAction","name":"Comment","target":["https:\/\/kevinragonneau.fr\/blog\/comment-la-radio-faconne-t-elle-encore-notre-quotidien#respond"]}]},{"@type":"WebPage","@id":"https:\/\/kevinragonneau.fr\/blog\/comment-la-radio-faconne-t-elle-encore-notre-quotidien","url":"https:\/\/kevinragonneau.fr\/blog\/comment-la-radio-faconne-t-elle-encore-notre-quotidien","name":"Comment la radio fa\u00e7onne-t-elle encore notre quotidien ?","isPartOf":{"@id":"https:\/\/kevinragonneau.fr\/blog\/#website"},"primaryImageOfPage":{"@id":"https:\/\/kevinragonneau.fr\/blog\/comment-la-radio-faconne-t-elle-encore-notre-quotidien#primaryimage"},"image":{"@id":"https:\/\/kevinragonneau.fr\/blog\/comment-la-radio-faconne-t-elle-encore-notre-quotidien#primaryimage"},"thumbnailUrl":"https:\/\/kevinragonneau.fr\/blog\/wp-content\/uploads\/2024\/05\/111353.jpg","datePublished":"2024-05-27T10:59:08+00:00","dateModified":"2024-05-30T11:40:54+00:00","author":{"@id":"https:\/\/kevinragonneau.fr\/blog\/#\/schema\/person\/e06fd43cc99704fad6ffa567dfcfa333"},"breadcrumb":{"@id":"https:\/\/kevinragonneau.fr\/blog\/comment-la-radio-faconne-t-elle-encore-notre-quotidien#breadcrumb"},"inLanguage":"fr-FR","potentialAction":[{"@type":"ReadAction","target":["https:\/\/kevinragonneau.fr\/blog\/comment-la-radio-faconne-t-elle-encore-notre-quotidien"]}]},{"@type":"ImageObject","inLanguage":"fr-FR","@id":"https:\/\/kevinragonneau.fr\/blog\/comment-la-radio-faconne-t-elle-encore-notre-quotidien#primaryimage","url":"https:\/\/kevinragonneau.fr\/blog\/wp-content\/uploads\/2024\/05\/111353.jpg","contentUrl":"https:\/\/kevinragonneau.fr\/blog\/wp-content\/uploads\/2024\/05\/111353.jpg","width":1254,"height":836},{"@type":"BreadcrumbList","@id":"https:\/\/kevinragonneau.fr\/blog\/comment-la-radio-faconne-t-elle-encore-notre-quotidien#breadcrumb","itemListElement":[{"@type":"ListItem","position":1,"name":"Accueil","item":"https:\/\/kevinragonneau.fr\/blog\/"},{"@type":"ListItem","position":2,"name":"Comment la radio fa\u00e7onne-t-elle encore notre quotidien ?"}]},{"@type":"WebSite","@id":"https:\/\/kevinragonneau.fr\/blog\/#website","url":"https:\/\/kevinragonneau.fr\/blog\/","name":"Blog Lifestyle : Conseils de Voyage, Mode, Marketing Digital et Vie de Famille Inspirante","description":"Blog Lifestyle : Conseils de Voyage, Mode, Marketing Digital et Vie de Famille Inspirante","alternateName":"Blog de Kevin Ragonneau","potentialAction":[{"@type":"SearchAction","target":{"@type":"EntryPoint","urlTemplate":"https:\/\/kevinragonneau.fr\/blog\/?s={search_term_string}"},"query-input":{"@type":"PropertyValueSpecification","valueRequired":true,"valueName":"search_term_string"}}],"inLanguage":"fr-FR"},{"@type":"Person","@id":"https:\/\/kevinragonneau.fr\/blog\/#\/schema\/person\/e06fd43cc99704fad6ffa567dfcfa333","name":"semjuice","image":{"@type":"ImageObject","inLanguage":"fr-FR","@id":"https:\/\/secure.gravatar.com\/avatar\/b514cbe8bae2da0fe538f32f0e5755627ba57bbdc959d634edcdd334f2324443?s=96&d=mm&r=g","url":"https:\/\/secure.gravatar.com\/avatar\/b514cbe8bae2da0fe538f32f0e5755627ba57bbdc959d634edcdd334f2324443?s=96&d=mm&r=g","contentUrl":"https:\/\/secure.gravatar.com\/avatar\/b514cbe8bae2da0fe538f32f0e5755627ba57bbdc959d634edcdd334f2324443?s=96&d=mm&r=g","caption":"semjuice"},"url":"https:\/\/kevinragonneau.fr\/blog\/author\/semjuice"}]}},"_links":{"self":[{"href":"https:\/\/kevinragonneau.fr\/blog\/wp-json\/wp\/v2\/posts\/13306","targetHints":{"allow":["GET"]}}],"collection":[{"href":"https:\/\/kevinragonneau.fr\/blog\/wp-json\/wp\/v2\/posts"}],"about":[{"href":"https:\/\/kevinragonneau.fr\/blog\/wp-json\/wp\/v2\/types\/post"}],"author":[{"embeddable":true,"href":"https:\/\/kevinragonneau.fr\/blog\/wp-json\/wp\/v2\/users\/11"}],"replies":[{"embeddable":true,"href":"https:\/\/kevinragonneau.fr\/blog\/wp-json\/wp\/v2\/comments?post=13306"}],"version-history":[{"count":0,"href":"https:\/\/kevinragonneau.fr\/blog\/wp-json\/wp\/v2\/posts\/13306\/revisions"}],"wp:featuredmedia":[{"embeddable":true,"href":"https:\/\/kevinragonneau.fr\/blog\/wp-json\/wp\/v2\/media\/13304"}],"wp:attachment":[{"href":"https:\/\/kevinragonneau.fr\/blog\/wp-json\/wp\/v2\/media?parent=13306"}],"wp:term":[{"taxonomy":"category","embeddable":true,"href":"https:\/\/kevinragonneau.fr\/blog\/wp-json\/wp\/v2\/categories?post=13306"},{"taxonomy":"post_tag","embeddable":true,"href":"https:\/\/kevinragonneau.fr\/blog\/wp-json\/wp\/v2\/tags?post=13306"},{"taxonomy":"powerkit_post_featured","embeddable":true,"href":"https:\/\/kevinragonneau.fr\/blog\/wp-json\/wp\/v2\/powerkit_post_featured?post=13306"}],"curies":[{"name":"wp","href":"https:\/\/api.w.org\/{rel}","templated":true}]}}