{"id":1369,"date":"2016-08-04T13:51:57","date_gmt":"2016-08-04T13:51:57","guid":{"rendered":"http:\/\/kevinragonneau.fr\/blog\/?p=1369"},"modified":"2021-05-05T12:29:39","modified_gmt":"2021-05-05T10:29:39","slug":"journee-a-deauville","status":"publish","type":"post","link":"https:\/\/kevinragonneau.fr\/blog\/journee-a-deauville","title":{"rendered":"Une journ\u00e9e \u00e0 Deauville !"},"content":{"rendered":"<p class=\"p1\"><span class=\"s1\">Venant tout juste d\u2019\u00eatre valid\u00e9 en CDI, je ne peux pas prendre de vacances cet \u00e9t\u00e9, Deauville est donc la destination parfaite pour aller bronzer et profiter de la plage en seulement 2 heures de route depuis Paris \ud83d\ude42<\/span><\/p>\n<p class=\"p1\"><span class=\"s1\">Vous l\u2019avez peut-\u00eatre remarqu\u00e9 si vous me suivez un peu sur les r\u00e9seaux, je poste un peu moins sur le blog en ce moment.. mais je suis toujours pr\u00e9sent sur Instagram et sur snapchat \ud83d\ude42 <\/span><\/p>\n<p class=\"p1\"><span class=\"s1\">La p\u00e9riode estivale sert toujours de petite coupure mais promis, cet article marque mon grand retour dans la blogosph\u00e8re apr\u00e8s 2 semaines d\u2019absence\u2026 faut aussi dire que \u00e7a me manquait \ud83d\ude42<\/span><\/p>\n<h2 id=\"deauville-depaysement-total-a-seulement-2h-de-paris\" class=\"p1\"><span class=\"s1\">Deauville, d\u00e9paysement total \u00e0 seulement 2h de Paris !<\/span><\/h2>\n<p class=\"p1\"><span class=\"s1\">C\u2019est donc sur un coup de t\u00eate que je me suis d\u00e9cid\u00e9 \u00e0 y allez pour la premi\u00e8re fois le week-end dernier\u00a0pour quitter un peu l\u2019ambiance Parisienne le temps d\u2019une journ\u00e9e. En musique et entre amis, les 2h de voitures passent vraiment hyper vite et nous voil\u00e0 donc d\u00e9j\u00e0 arriv\u00e9s en bord de mer, le bonheur !<\/span><\/p>\n<p class=\"p1\"><span class=\"s1\">Aucun de nous deux ne connaissait la ville et nous \u00e9tions\u00a0tous les deux tr\u00e8s agr\u00e9ablement surpris par la beaut\u00e9 de celle-ci. En effet, en dehors de ses c\u00e9l\u00e8bres planches et de son casino, l&rsquo;architecture en elle-m\u00eame \u00e0 \u00e9galement un charme tr\u00e8s particulier qui rend cette ville vraiment unique. <\/span><\/p>\n<p class=\"p1\"><span class=\"s1\">Nous n\u2019avons pas pu faire le tour car nous voulions surtout profiter de cette journ\u00e9e pour nous relaxer sur la plage, mais les rues touristiques non loin de la c\u00f4te sont aussi vraiment jolies et tr\u00e8s atypiques. J\u2019ai vraiment eu un coup de c\u0153ur pour cette ville et son architecture toute mignonne !<\/span><\/p>\n<p class=\"p1\"><span class=\"s1\">Concernant la plage, je me souviens m&rsquo;\u00eatre dit \u00ab\u00a0whaou\u00a0\u00bb en y arrivant ! \u00c9tant plus habitu\u00e9 aux plages du sud ou de la c\u00f4te Atlantique, celles que j\u2019ai pu y fr\u00e9quenter sont souvent hyper blind\u00e9es, et il est difficile de s\u2019y trouver une place. \u00c0 Deauville, il y a bien-s\u00fbr du monde, mais la plage est vraiment tr\u00e8s grande. Tr\u00e8s large, et tr\u00e8s longue ! De ce fait, on y trouve facilement de la place sans devoir se coller \u00e0 la serviette d\u2019inconnus ce qui est fort agr\u00e9able !<\/span><\/p>\n<p class=\"p1\"><span class=\"s1\">Ce qui l&rsquo;est encore plus, c\u2019est que nous avons retrouv\u00e9 sur place <a href=\"http:\/\/instagram.com\/edwardspict\/\" target=\"_blank\" rel=\"noopener noreferrer\">Edward<\/a>, notre ami et photographe qui venait lui aussi profiter d\u2019un samedi ensoleill\u00e9 pour mettre les pieds dans l\u2019eau. Nous en avons d\u2019ailleurs profit\u00e9 pour faire quelques photos que vous pourrez voir juste en dessous \ud83d\ude42 <\/span><\/p>\n<p class=\"p1\"><span class=\"s1\">En plus de faire de sublimes photos, Edward joue aussi tr\u00e8s bien de la guitare qu\u2019il avait emmen\u00e9 avec lui.. quel bonheur la guitare \u00e0 la plage, relaxation garantie!! Merci Ed\u2019 \ud83d\ude42<\/span><\/p>\n<p class=\"p1\"><span class=\"s1\">Sinon, pour la petite anecdote, le maillot de bain que je porte sur les photos vient directement de Deauville car t\u00eate en l\u2019air que je suis\u2026 je n\u2019avais \u00e9videmment pas pris le mien ! M\u00eame si je n\u2019ai pas eu le courage de descendre plus bas que le nombril une fois dans l\u2019eau, il faut bien admettre qu\u2019en t-shirt ou en jean, on bronze nettement moins bien \u00e0 la plage! (en plus de ne pas du tout \u00eatre \u00e0 l\u2019aise et d\u2019avoir l\u2019air un peu b\u00eate ahah).<\/span><\/p>\n<p class=\"p1\"><span class=\"s1\">Le maillot de bain vient de chez \u00ab\u00a0<a href=\"http:\/\/www.thekooples.com\" target=\"_blank\" rel=\"noopener noreferrer\">the Kooples sport<\/a> \u00bb et je porte une paire de solaire venant de chez <a href=\"http:\/\/www.lusinealunettes.com\/\" target=\"_blank\" rel=\"noopener noreferrer\">L\u2019usine \u00e0 lunettes<\/a>, un site que je vous avais d\u00e9j\u00e0 <a href=\"http:\/\/kevinragonneau.fr\/blog\/l-usine-a-lunettes\/\">d\u2019ailleurs partag\u00e9<\/a> tant j\u2019aime leurs lunettes.<\/span><\/p>\n<p class=\"p1\"><span class=\"s1\">Je vous laisse avec une s\u00e9rie de photos prises sur la plage par <a href=\"http:\/\/www.gettyimages.fr\/photos\/edward-berthelot?family=editorial&amp;phrase=edward%20berthelot&amp;sort=newest&amp;excludenudity=false#license\" target=\"_blank\" rel=\"noopener noreferrer\">Edward<\/a>, et je vous souhaite une belle soir\u00e9e<span class=\"Apple-converted-space\">\u00a0 <\/span>(ou journ\u00e9e remarque, \u00e7a, \u00e7a d\u00e9pend de vous !) \u00c0 tr\u00e8s vite pour un nouvel article \ud83d\ude42<\/span><\/p>\n<p class=\"p1\"><img loading=\"lazy\" decoding=\"async\" class=\"aligncenter wp-image-1377 size-large\" src=\"http:\/\/kevinragonneau.fr\/blog\/wp-content\/uploads\/2016\/08\/IMG_6280-1024x682.jpg\" alt=\"shooting sur la plage\" width=\"780\" height=\"519\" srcset=\"https:\/\/kevinragonneau.fr\/blog\/wp-content\/uploads\/2016\/08\/IMG_6280.jpg 1024w, https:\/\/kevinragonneau.fr\/blog\/wp-content\/uploads\/2016\/08\/IMG_6280-800x533.jpg 800w, https:\/\/kevinragonneau.fr\/blog\/wp-content\/uploads\/2016\/08\/IMG_6280-120x80.jpg 120w, https:\/\/kevinragonneau.fr\/blog\/wp-content\/uploads\/2016\/08\/IMG_6280-90x60.jpg 90w, https:\/\/kevinragonneau.fr\/blog\/wp-content\/uploads\/2016\/08\/IMG_6280-320x213.jpg 320w, https:\/\/kevinragonneau.fr\/blog\/wp-content\/uploads\/2016\/08\/IMG_6280-560x373.jpg 560w\" sizes=\"auto, (max-width: 780px) 100vw, 780px\" \/><\/p>\n<p class=\"p1\"><img loading=\"lazy\" decoding=\"async\" class=\"wp-image-1379 size-full aligncenter\" src=\"http:\/\/kevinragonneau.fr\/blog\/wp-content\/uploads\/2016\/08\/IMG_6283.jpg\" alt=\"shooting blogger plage\" width=\"640\" height=\"640\" srcset=\"https:\/\/kevinragonneau.fr\/blog\/wp-content\/uploads\/2016\/08\/IMG_6283.jpg 640w, https:\/\/kevinragonneau.fr\/blog\/wp-content\/uploads\/2016\/08\/IMG_6283-80x80.jpg 80w, https:\/\/kevinragonneau.fr\/blog\/wp-content\/uploads\/2016\/08\/IMG_6283-120x120.jpg 120w, https:\/\/kevinragonneau.fr\/blog\/wp-content\/uploads\/2016\/08\/IMG_6283-90x90.jpg 90w, https:\/\/kevinragonneau.fr\/blog\/wp-content\/uploads\/2016\/08\/IMG_6283-320x320.jpg 320w, https:\/\/kevinragonneau.fr\/blog\/wp-content\/uploads\/2016\/08\/IMG_6283-560x560.jpg 560w, https:\/\/kevinragonneau.fr\/blog\/wp-content\/uploads\/2016\/08\/IMG_6283-300x300.jpg 300w\" sizes=\"auto, (max-width: 640px) 100vw, 640px\" \/><\/p>\n<p class=\"p1\"><img loading=\"lazy\" decoding=\"async\" class=\"alignright size-medium wp-image-650\" src=\"http:\/\/kevinragonneau.fr\/blog\/wp-content\/uploads\/2016\/02\/signatureblog-300x83.png\" alt=\"Kevin Ragonneau\" width=\"300\" height=\"83\" \/><\/p>\n","protected":false},"excerpt":{"rendered":"<p>Venant tout juste d\u2019\u00eatre valid\u00e9 en CDI, je ne peux pas prendre de vacances cet \u00e9t\u00e9, Deauville est donc la destination parfaite pour aller bronzer et profiter de la plage&hellip;<\/p>\n","protected":false},"author":1,"featured_media":1378,"comment_status":"open","ping_status":"open","sticky":false,"template":"","format":"standard","meta":{"footnotes":""},"categories":[334,369,157],"tags":[],"powerkit_post_featured":[],"class_list":{"0":"post-1369","1":"post","2":"type-post","3":"status-publish","4":"format-standard","5":"has-post-thumbnail","7":"category-europe","8":"category-france","9":"category-voyage"},"yoast_head":"<!-- This site is optimized with the Yoast SEO plugin v27.4 - https:\/\/yoast.com\/product\/yoast-seo-wordpress\/ -->\n<title>Une journ\u00e9e \u00e0 Deauville !<\/title>\n<meta name=\"robots\" content=\"index, follow, max-snippet:-1, max-image-preview:large, max-video-preview:-1\" \/>\n<link rel=\"canonical\" href=\"https:\/\/kevinragonneau.fr\/blog\/journee-a-deauville\" \/>\n<meta property=\"og:locale\" content=\"fr_FR\" \/>\n<meta property=\"og:type\" content=\"article\" \/>\n<meta property=\"og:title\" content=\"Une journ\u00e9e \u00e0 Deauville !\" \/>\n<meta property=\"og:description\" content=\"Venant tout juste d\u2019\u00eatre valid\u00e9 en CDI, je ne peux pas prendre de vacances cet \u00e9t\u00e9, Deauville est donc la destination parfaite pour aller bronzer et profiter de la plage&hellip;\" \/>\n<meta property=\"og:url\" content=\"https:\/\/kevinragonneau.fr\/blog\/journee-a-deauville\" \/>\n<meta property=\"og:site_name\" content=\"Kevin Ragonneau\" \/>\n<meta property=\"article:publisher\" content=\"http:\/\/facebook.com\/kevinragonneau\" \/>\n<meta property=\"article:author\" content=\"facebook\" \/>\n<meta property=\"article:published_time\" content=\"2016-08-04T13:51:57+00:00\" \/>\n<meta property=\"article:modified_time\" content=\"2021-05-05T10:29:39+00:00\" \/>\n<meta property=\"og:image\" content=\"https:\/\/kevinragonneau.fr\/blog\/wp-content\/uploads\/2016\/08\/IMG_6281.jpg\" \/>\n\t<meta property=\"og:image:width\" content=\"1024\" \/>\n\t<meta property=\"og:image:height\" content=\"683\" \/>\n\t<meta property=\"og:image:type\" content=\"image\/jpeg\" \/>\n<meta name=\"author\" content=\"kevin\" \/>\n<meta name=\"twitter:card\" content=\"summary_large_image\" \/>\n<meta name=\"twitter:creator\" content=\"@K_Ragonneau\" \/>\n<meta name=\"twitter:site\" content=\"@K_Ragonneau\" \/>\n<meta name=\"twitter:label1\" content=\"\u00c9crit par\" \/>\n\t<meta name=\"twitter:data1\" content=\"kevin\" \/>\n\t<meta name=\"twitter:label2\" content=\"Dur\u00e9e de lecture estim\u00e9e\" \/>\n\t<meta name=\"twitter:data2\" content=\"3 minutes\" \/>\n<script type=\"application\/ld+json\" class=\"yoast-schema-graph\">{\"@context\":\"https:\\\/\\\/schema.org\",\"@graph\":[{\"@type\":\"Article\",\"@id\":\"https:\\\/\\\/kevinragonneau.fr\\\/blog\\\/journee-a-deauville#article\",\"isPartOf\":{\"@id\":\"https:\\\/\\\/kevinragonneau.fr\\\/blog\\\/journee-a-deauville\"},\"author\":{\"name\":\"kevin\",\"@id\":\"https:\\\/\\\/kevinragonneau.fr\\\/blog\\\/#\\\/schema\\\/person\\\/699d420145eef6a72e6ee2874017089b\"},\"headline\":\"Une journ\u00e9e \u00e0 Deauville !\",\"datePublished\":\"2016-08-04T13:51:57+00:00\",\"dateModified\":\"2021-05-05T10:29:39+00:00\",\"mainEntityOfPage\":{\"@id\":\"https:\\\/\\\/kevinragonneau.fr\\\/blog\\\/journee-a-deauville\"},\"wordCount\":658,\"commentCount\":2,\"image\":{\"@id\":\"https:\\\/\\\/kevinragonneau.fr\\\/blog\\\/journee-a-deauville#primaryimage\"},\"thumbnailUrl\":\"https:\\\/\\\/kevinragonneau.fr\\\/blog\\\/wp-content\\\/uploads\\\/2016\\\/08\\\/IMG_6281.jpg\",\"articleSection\":[\"Europe\",\"France\",\"Voyage\"],\"inLanguage\":\"fr-FR\",\"potentialAction\":[{\"@type\":\"CommentAction\",\"name\":\"Comment\",\"target\":[\"https:\\\/\\\/kevinragonneau.fr\\\/blog\\\/journee-a-deauville#respond\"]}]},{\"@type\":\"WebPage\",\"@id\":\"https:\\\/\\\/kevinragonneau.fr\\\/blog\\\/journee-a-deauville\",\"url\":\"https:\\\/\\\/kevinragonneau.fr\\\/blog\\\/journee-a-deauville\",\"name\":\"Une journ\u00e9e \u00e0 Deauville !\",\"isPartOf\":{\"@id\":\"https:\\\/\\\/kevinragonneau.fr\\\/blog\\\/#website\"},\"primaryImageOfPage\":{\"@id\":\"https:\\\/\\\/kevinragonneau.fr\\\/blog\\\/journee-a-deauville#primaryimage\"},\"image\":{\"@id\":\"https:\\\/\\\/kevinragonneau.fr\\\/blog\\\/journee-a-deauville#primaryimage\"},\"thumbnailUrl\":\"https:\\\/\\\/kevinragonneau.fr\\\/blog\\\/wp-content\\\/uploads\\\/2016\\\/08\\\/IMG_6281.jpg\",\"datePublished\":\"2016-08-04T13:51:57+00:00\",\"dateModified\":\"2021-05-05T10:29:39+00:00\",\"author\":{\"@id\":\"https:\\\/\\\/kevinragonneau.fr\\\/blog\\\/#\\\/schema\\\/person\\\/699d420145eef6a72e6ee2874017089b\"},\"breadcrumb\":{\"@id\":\"https:\\\/\\\/kevinragonneau.fr\\\/blog\\\/journee-a-deauville#breadcrumb\"},\"inLanguage\":\"fr-FR\",\"potentialAction\":[{\"@type\":\"ReadAction\",\"target\":[\"https:\\\/\\\/kevinragonneau.fr\\\/blog\\\/journee-a-deauville\"]}]},{\"@type\":\"ImageObject\",\"inLanguage\":\"fr-FR\",\"@id\":\"https:\\\/\\\/kevinragonneau.fr\\\/blog\\\/journee-a-deauville#primaryimage\",\"url\":\"https:\\\/\\\/kevinragonneau.fr\\\/blog\\\/wp-content\\\/uploads\\\/2016\\\/08\\\/IMG_6281.jpg\",\"contentUrl\":\"https:\\\/\\\/kevinragonneau.fr\\\/blog\\\/wp-content\\\/uploads\\\/2016\\\/08\\\/IMG_6281.jpg\",\"width\":1024,\"height\":683,\"caption\":\"French bloggueur \u00e0 deauville\"},{\"@type\":\"BreadcrumbList\",\"@id\":\"https:\\\/\\\/kevinragonneau.fr\\\/blog\\\/journee-a-deauville#breadcrumb\",\"itemListElement\":[{\"@type\":\"ListItem\",\"position\":1,\"name\":\"Accueil\",\"item\":\"https:\\\/\\\/kevinragonneau.fr\\\/blog\\\/\"},{\"@type\":\"ListItem\",\"position\":2,\"name\":\"Une journ\u00e9e \u00e0 Deauville !\"}]},{\"@type\":\"WebSite\",\"@id\":\"https:\\\/\\\/kevinragonneau.fr\\\/blog\\\/#website\",\"url\":\"https:\\\/\\\/kevinragonneau.fr\\\/blog\\\/\",\"name\":\"Blog Lifestyle : Conseils de Voyage, Mode, Marketing Digital et Vie de Famille Inspirante\",\"description\":\"Blog Lifestyle : Conseils de Voyage, Mode, Marketing Digital et Vie de Famille Inspirante\",\"alternateName\":\"Blog de Kevin Ragonneau\",\"potentialAction\":[{\"@type\":\"SearchAction\",\"target\":{\"@type\":\"EntryPoint\",\"urlTemplate\":\"https:\\\/\\\/kevinragonneau.fr\\\/blog\\\/?s={search_term_string}\"},\"query-input\":{\"@type\":\"PropertyValueSpecification\",\"valueRequired\":true,\"valueName\":\"search_term_string\"}}],\"inLanguage\":\"fr-FR\"},{\"@type\":\"Person\",\"@id\":\"https:\\\/\\\/kevinragonneau.fr\\\/blog\\\/#\\\/schema\\\/person\\\/699d420145eef6a72e6ee2874017089b\",\"name\":\"kevin\",\"image\":{\"@type\":\"ImageObject\",\"inLanguage\":\"fr-FR\",\"@id\":\"https:\\\/\\\/secure.gravatar.com\\\/avatar\\\/13848386d61634190fd948f9c9942d9dbd215b2fb0cc6c7462a7427b3f9d264e?s=96&d=mm&r=g\",\"url\":\"https:\\\/\\\/secure.gravatar.com\\\/avatar\\\/13848386d61634190fd948f9c9942d9dbd215b2fb0cc6c7462a7427b3f9d264e?s=96&d=mm&r=g\",\"contentUrl\":\"https:\\\/\\\/secure.gravatar.com\\\/avatar\\\/13848386d61634190fd948f9c9942d9dbd215b2fb0cc6c7462a7427b3f9d264e?s=96&d=mm&r=g\",\"caption\":\"kevin\"},\"description\":\"26 ans, Paris. D\u00e9veloppeur web &amp; Blogueur.\",\"sameAs\":[\"http:\\\/\\\/www.kevinragonneau.fr\\\/blog\",\"facebook\",\"instagram\"],\"url\":\"https:\\\/\\\/kevinragonneau.fr\\\/blog\\\/author\\\/kevin\"}]}<\/script>\n<!-- \/ Yoast SEO plugin. -->","yoast_head_json":{"title":"Une journ\u00e9e \u00e0 Deauville !","robots":{"index":"index","follow":"follow","max-snippet":"max-snippet:-1","max-image-preview":"max-image-preview:large","max-video-preview":"max-video-preview:-1"},"canonical":"https:\/\/kevinragonneau.fr\/blog\/journee-a-deauville","og_locale":"fr_FR","og_type":"article","og_title":"Une journ\u00e9e \u00e0 Deauville !","og_description":"Venant tout juste d\u2019\u00eatre valid\u00e9 en CDI, je ne peux pas prendre de vacances cet \u00e9t\u00e9, Deauville est donc la destination parfaite pour aller bronzer et profiter de la plage&hellip;","og_url":"https:\/\/kevinragonneau.fr\/blog\/journee-a-deauville","og_site_name":"Kevin Ragonneau","article_publisher":"http:\/\/facebook.com\/kevinragonneau","article_author":"facebook","article_published_time":"2016-08-04T13:51:57+00:00","article_modified_time":"2021-05-05T10:29:39+00:00","og_image":[{"width":1024,"height":683,"url":"https:\/\/kevinragonneau.fr\/blog\/wp-content\/uploads\/2016\/08\/IMG_6281.jpg","type":"image\/jpeg"}],"author":"kevin","twitter_card":"summary_large_image","twitter_creator":"@K_Ragonneau","twitter_site":"@K_Ragonneau","twitter_misc":{"\u00c9crit par":"kevin","Dur\u00e9e de lecture estim\u00e9e":"3 minutes"},"schema":{"@context":"https:\/\/schema.org","@graph":[{"@type":"Article","@id":"https:\/\/kevinragonneau.fr\/blog\/journee-a-deauville#article","isPartOf":{"@id":"https:\/\/kevinragonneau.fr\/blog\/journee-a-deauville"},"author":{"name":"kevin","@id":"https:\/\/kevinragonneau.fr\/blog\/#\/schema\/person\/699d420145eef6a72e6ee2874017089b"},"headline":"Une journ\u00e9e \u00e0 Deauville !","datePublished":"2016-08-04T13:51:57+00:00","dateModified":"2021-05-05T10:29:39+00:00","mainEntityOfPage":{"@id":"https:\/\/kevinragonneau.fr\/blog\/journee-a-deauville"},"wordCount":658,"commentCount":2,"image":{"@id":"https:\/\/kevinragonneau.fr\/blog\/journee-a-deauville#primaryimage"},"thumbnailUrl":"https:\/\/kevinragonneau.fr\/blog\/wp-content\/uploads\/2016\/08\/IMG_6281.jpg","articleSection":["Europe","France","Voyage"],"inLanguage":"fr-FR","potentialAction":[{"@type":"CommentAction","name":"Comment","target":["https:\/\/kevinragonneau.fr\/blog\/journee-a-deauville#respond"]}]},{"@type":"WebPage","@id":"https:\/\/kevinragonneau.fr\/blog\/journee-a-deauville","url":"https:\/\/kevinragonneau.fr\/blog\/journee-a-deauville","name":"Une journ\u00e9e \u00e0 Deauville !","isPartOf":{"@id":"https:\/\/kevinragonneau.fr\/blog\/#website"},"primaryImageOfPage":{"@id":"https:\/\/kevinragonneau.fr\/blog\/journee-a-deauville#primaryimage"},"image":{"@id":"https:\/\/kevinragonneau.fr\/blog\/journee-a-deauville#primaryimage"},"thumbnailUrl":"https:\/\/kevinragonneau.fr\/blog\/wp-content\/uploads\/2016\/08\/IMG_6281.jpg","datePublished":"2016-08-04T13:51:57+00:00","dateModified":"2021-05-05T10:29:39+00:00","author":{"@id":"https:\/\/kevinragonneau.fr\/blog\/#\/schema\/person\/699d420145eef6a72e6ee2874017089b"},"breadcrumb":{"@id":"https:\/\/kevinragonneau.fr\/blog\/journee-a-deauville#breadcrumb"},"inLanguage":"fr-FR","potentialAction":[{"@type":"ReadAction","target":["https:\/\/kevinragonneau.fr\/blog\/journee-a-deauville"]}]},{"@type":"ImageObject","inLanguage":"fr-FR","@id":"https:\/\/kevinragonneau.fr\/blog\/journee-a-deauville#primaryimage","url":"https:\/\/kevinragonneau.fr\/blog\/wp-content\/uploads\/2016\/08\/IMG_6281.jpg","contentUrl":"https:\/\/kevinragonneau.fr\/blog\/wp-content\/uploads\/2016\/08\/IMG_6281.jpg","width":1024,"height":683,"caption":"French bloggueur \u00e0 deauville"},{"@type":"BreadcrumbList","@id":"https:\/\/kevinragonneau.fr\/blog\/journee-a-deauville#breadcrumb","itemListElement":[{"@type":"ListItem","position":1,"name":"Accueil","item":"https:\/\/kevinragonneau.fr\/blog\/"},{"@type":"ListItem","position":2,"name":"Une journ\u00e9e \u00e0 Deauville !"}]},{"@type":"WebSite","@id":"https:\/\/kevinragonneau.fr\/blog\/#website","url":"https:\/\/kevinragonneau.fr\/blog\/","name":"Blog Lifestyle : Conseils de Voyage, Mode, Marketing Digital et Vie de Famille Inspirante","description":"Blog Lifestyle : Conseils de Voyage, Mode, Marketing Digital et Vie de Famille Inspirante","alternateName":"Blog de Kevin Ragonneau","potentialAction":[{"@type":"SearchAction","target":{"@type":"EntryPoint","urlTemplate":"https:\/\/kevinragonneau.fr\/blog\/?s={search_term_string}"},"query-input":{"@type":"PropertyValueSpecification","valueRequired":true,"valueName":"search_term_string"}}],"inLanguage":"fr-FR"},{"@type":"Person","@id":"https:\/\/kevinragonneau.fr\/blog\/#\/schema\/person\/699d420145eef6a72e6ee2874017089b","name":"kevin","image":{"@type":"ImageObject","inLanguage":"fr-FR","@id":"https:\/\/secure.gravatar.com\/avatar\/13848386d61634190fd948f9c9942d9dbd215b2fb0cc6c7462a7427b3f9d264e?s=96&d=mm&r=g","url":"https:\/\/secure.gravatar.com\/avatar\/13848386d61634190fd948f9c9942d9dbd215b2fb0cc6c7462a7427b3f9d264e?s=96&d=mm&r=g","contentUrl":"https:\/\/secure.gravatar.com\/avatar\/13848386d61634190fd948f9c9942d9dbd215b2fb0cc6c7462a7427b3f9d264e?s=96&d=mm&r=g","caption":"kevin"},"description":"26 ans, Paris. D\u00e9veloppeur web &amp; Blogueur.","sameAs":["http:\/\/www.kevinragonneau.fr\/blog","facebook","instagram"],"url":"https:\/\/kevinragonneau.fr\/blog\/author\/kevin"}]}},"_links":{"self":[{"href":"https:\/\/kevinragonneau.fr\/blog\/wp-json\/wp\/v2\/posts\/1369","targetHints":{"allow":["GET"]}}],"collection":[{"href":"https:\/\/kevinragonneau.fr\/blog\/wp-json\/wp\/v2\/posts"}],"about":[{"href":"https:\/\/kevinragonneau.fr\/blog\/wp-json\/wp\/v2\/types\/post"}],"author":[{"embeddable":true,"href":"https:\/\/kevinragonneau.fr\/blog\/wp-json\/wp\/v2\/users\/1"}],"replies":[{"embeddable":true,"href":"https:\/\/kevinragonneau.fr\/blog\/wp-json\/wp\/v2\/comments?post=1369"}],"version-history":[{"count":0,"href":"https:\/\/kevinragonneau.fr\/blog\/wp-json\/wp\/v2\/posts\/1369\/revisions"}],"wp:featuredmedia":[{"embeddable":true,"href":"https:\/\/kevinragonneau.fr\/blog\/wp-json\/wp\/v2\/media\/1378"}],"wp:attachment":[{"href":"https:\/\/kevinragonneau.fr\/blog\/wp-json\/wp\/v2\/media?parent=1369"}],"wp:term":[{"taxonomy":"category","embeddable":true,"href":"https:\/\/kevinragonneau.fr\/blog\/wp-json\/wp\/v2\/categories?post=1369"},{"taxonomy":"post_tag","embeddable":true,"href":"https:\/\/kevinragonneau.fr\/blog\/wp-json\/wp\/v2\/tags?post=1369"},{"taxonomy":"powerkit_post_featured","embeddable":true,"href":"https:\/\/kevinragonneau.fr\/blog\/wp-json\/wp\/v2\/powerkit_post_featured?post=1369"}],"curies":[{"name":"wp","href":"https:\/\/api.w.org\/{rel}","templated":true}]}}