{"id":13840,"date":"2025-10-27T10:10:10","date_gmt":"2025-10-27T09:10:10","guid":{"rendered":"https:\/\/kevinragonneau.fr\/blog\/?p=13840"},"modified":"2026-04-21T15:46:47","modified_gmt":"2026-04-21T13:46:47","slug":"le-manteau-piece-maitresse-du-vestiaire-masculin-moderne","status":"publish","type":"post","link":"https:\/\/kevinragonneau.fr\/blog\/le-manteau-piece-maitresse-du-vestiaire-masculin-moderne","title":{"rendered":"Le manteau : pi\u00e8ce ma\u00eetresse du vestiaire masculin moderne"},"content":{"rendered":"<p>Dans un monde o\u00f9 l\u2019\u00e9l\u00e9gance se r\u00e9invente chaque saison, le manteau demeure un pilier du style masculin. Plus qu\u2019un simple v\u00eatement de transition, il incarne la personnalit\u00e9, compl\u00e8te une tenue et ajoute une touche de sophistication \u00e0 une silhouette.<br \/>\nDans cet article, d\u00e9couvrons deux pi\u00e8ces essentielles du vestiaire masculin : le trench, symbole d\u2019\u00e9l\u00e9gance intemporelle, et le bomber, incarnation de l\u2019esprit urbain.<\/p>\n<p>&nbsp;<\/p>\n<h2 id=\"pourquoi-investir-dans-un-manteau-de-qualite\">Pourquoi investir dans un manteau de qualit\u00e9 ?<\/h2>\n<p>Investir dans un manteau bien coup\u00e9 et fabriqu\u00e9 dans des mati\u00e8res nobles, c\u2019est avant tout choisir la durabilit\u00e9. \u00c0 l\u2019\u00e8re du \u00ab luxe discret \u00bb, les hommes recherchent des v\u00eatements intemporels, capables de traverser les saisons sans perdre leur allure.<br \/>\nUn manteau de qualit\u00e9 offre :<\/p>\n<ul>\n<li>Une silhouette structur\u00e9e et \u00e9l\u00e9gante.<\/li>\n<li>Des finitions pr\u00e9cises, gage de raffinement.<\/li>\n<li>Une adaptabilit\u00e9 \u00e0 tous les styles, du professionnel au d\u00e9contract\u00e9.<\/li>\n<\/ul>\n<p>Les couleurs classiques (camel, beige, bleu marine, noir) restent incontournables, tandis que des nuances plus audacieuses (kaki, bordeaux, gris anthracite) modernisent la tenue.<\/p>\n<p>&nbsp;<\/p>\n<h2 id=\"le-classique-revisite-le-trench-homme\">Le classique revisit\u00e9 : le trench homme<\/h2>\n<h3 id=\"une-icone-intemporelle\">Une ic\u00f4ne intemporelle<\/h3>\n<p>N\u00e9 de l\u2019uniforme militaire britannique, le trench est devenu un symbole d\u2019\u00e9l\u00e9gance fonctionnelle. Imperm\u00e9able, structur\u00e9 et l\u00e9ger, il accompagne l\u2019homme moderne en toute circonstance.<br \/>\nLes versions contemporaines privil\u00e9gient des coupes ajust\u00e9es, des tissus techniques et des d\u00e9tails raffin\u00e9s comme les ceintures ou \u00e9paulettes.<\/p>\n<h3 id=\"conseils-pour-bien-le-porter\">Conseils pour bien le porter<\/h3>\n<ul>\n<li><strong>Longueur<\/strong>\u00a0: mi-cuisse ou \u00be pour un \u00e9quilibre parfait.<\/li>\n<li><strong>Couleurs<\/strong>\u00a0: beige, gris clair, bleu marine.<\/li>\n<li><strong>Style<\/strong>\u00a0: sur un costume pour le bureau, ou sur un jean brut pour un look casual-chic.<\/li>\n<li><strong>D\u00e9tails<\/strong>\u00a0: la ceinture serr\u00e9e marque la taille et structure la silhouette.<\/li>\n<\/ul>\n<p>Pour d\u00e9couvrir des mod\u00e8les alliant tradition et modernit\u00e9, explorez le<a href=\"https:\/\/suitsupply.com\/fr-fr\/men\/coats\/overcoats\">\u00a0<strong>trench homme<\/strong><\/a>\u00a0\u2014 un classique qui ne perd jamais son charme.<\/p>\n<p>&nbsp;<\/p>\n<h2 id=\"lesprit-urbain-et-decontracte-le-bomber-homme\">L\u2019esprit urbain et d\u00e9contract\u00e9 : le bomber homme<\/h2>\n<h3 id=\"origines-et-evolution\">Origines et \u00e9volution<\/h3>\n<p>\u00c0 l\u2019oppos\u00e9 du trench, le bomber \u00e9voque la libert\u00e9 et la d\u00e9contraction. H\u00e9rit\u00e9e de l\u2019aviation des ann\u00e9es 40, cette veste courte et sportive a su s\u2019imposer comme une ic\u00f4ne de la <a href=\"https:\/\/kevinragonneau.fr\/blog\/categorie\/mode\">mode masculine<\/a> contemporaine.<\/p>\n<p>Aujourd\u2019hui, elle se d\u00e9cline dans des mati\u00e8res vari\u00e9es (nylon, satin, coton technique) et dans des coloris polyvalents : kaki, bleu marine, noir, voire bordeaux.<\/p>\n<h3 id=\"comment-le-porter-avec-style\">Comment le porter avec style ?<\/h3>\n<ul>\n<li><strong>Coupe<\/strong>\u00a0: ajust\u00e9e \u00e0 la taille, tombant juste sur les hanches.<\/li>\n<li><strong>Association<\/strong>\u00a0: t-shirt blanc, jean slim et baskets pour un look casual-chic.<\/li>\n<li><strong>Alternative<\/strong>\u00a0: sur un col roul\u00e9 et un pantalon en laine pour une allure plus habill\u00e9e.<\/li>\n<li><strong>Accessoires<\/strong>\u00a0: privil\u00e9giez la sobri\u00e9t\u00e9 (montre, ceinture discr\u00e8te).<\/li>\n<\/ul>\n<p>Pour une inspiration moderne et \u00e9l\u00e9gante, d\u00e9couvrez la s\u00e9lection<a href=\"https:\/\/suitsupply.com\/fr-fr\/men\/coats\/bomber-jackets\">\u00a0<strong>bomber homme<\/strong><\/a>\u00a0et trouvez la version qui refl\u00e8te le mieux votre personnalit\u00e9.<\/p>\n<p>&nbsp;<\/p>\n<h2 id=\"comment-choisir-entre-trench-et-bomber\">Comment choisir entre trench et bomber ?<\/h2>\n<h3 id=\"selon-votre-usage\">Selon votre usage<\/h3>\n<ul>\n<li><strong>Formel<\/strong>\u00a0: le trench reste la meilleure option pour les journ\u00e9es professionnelles ou les rendez-vous importants.<\/li>\n<li><strong>D\u00e9contract\u00e9<\/strong>\u00a0: le bomber est parfait pour le week-end ou les sorties en ville.<\/li>\n<\/ul>\n<h3 id=\"selon-votre-morphologie\">Selon votre morphologie<\/h3>\n<ul>\n<li><strong>Trench<\/strong>\u00a0: id\u00e9al pour allonger la silhouette et structurer les \u00e9paules.<\/li>\n<li><strong>Bomber<\/strong>\u00a0: convient particuli\u00e8rement aux silhouettes fines ou athl\u00e9tiques gr\u00e2ce \u00e0 sa coupe courte.<\/li>\n<\/ul>\n<h3 id=\"selon-la-saison\">Selon la saison<\/h3>\n<ul>\n<li>Le trench est parfait en mi-saison et sous la pluie.<\/li>\n<li>Le bomber s\u2019adapte mieux aux journ\u00e9es plus douces et aux soir\u00e9es d\u2019\u00e9t\u00e9.<\/li>\n<\/ul>\n<p>&nbsp;<\/p>\n<h2 id=\"entre-elegance-et-confort-le-duo-gagnant\">Entre \u00e9l\u00e9gance et confort : le duo gagnant<\/h2>\n<p>Le trench et le bomber ne sont pas oppos\u00e9s : ils se compl\u00e8tent.<br \/>\nL\u2019un exprime la rigueur et l\u2019\u00e9l\u00e9gance ; l\u2019autre, la libert\u00e9 et la modernit\u00e9. Ensemble, ils forment le duo parfait du vestiaire masculin contemporain.<\/p>\n<p>Ces deux pi\u00e8ces traduisent la tendance du\u00a0<strong>quiet luxury<\/strong>\u00a0: des v\u00eatements bien con\u00e7us, durables et sans ostentation, qui privil\u00e9gient la qualit\u00e9 plut\u00f4t que la d\u00e9monstration.<\/p>\n<p>&nbsp;<\/p>\n<h2 id=\"en-resume\">En r\u00e9sum\u00e9<\/h2>\n<ul>\n<li><strong>Trench<\/strong>\u00a0: classique, chic, intemporel.<\/li>\n<li><strong>Bomber<\/strong>\u00a0: moderne, urbain, polyvalent.<br \/>\nEn les int\u00e9grant \u00e0 votre garde-robe, vous jouez sur deux registres compl\u00e9mentaires (tradition et modernit\u00e9) pour un style toujours ma\u00eetris\u00e9.<br \/>\nParce qu\u2019un bon manteau, c\u2019est bien plus qu\u2019une protection : c\u2019est une signature.<\/li>\n<\/ul>\n","protected":false},"excerpt":{"rendered":"<p>Dans un monde o\u00f9 l\u2019\u00e9l\u00e9gance se r\u00e9invente chaque saison, le manteau demeure un pilier du style masculin. Plus qu\u2019un simple v\u00eatement de transition, il incarne la personnalit\u00e9, compl\u00e8te une tenue&hellip;<\/p>\n","protected":false},"author":1,"featured_media":13841,"comment_status":"open","ping_status":"open","sticky":false,"template":"","format":"standard","meta":{"footnotes":""},"categories":[339],"tags":[410],"powerkit_post_featured":[],"class_list":{"0":"post-13840","1":"post","2":"type-post","3":"status-publish","4":"format-standard","5":"has-post-thumbnail","7":"category-mode","8":"tag-top1"},"yoast_head":"<!-- This site is optimized with the Yoast SEO plugin v27.4 - https:\/\/yoast.com\/product\/yoast-seo-wordpress\/ -->\n<title>Le manteau : pi\u00e8ce ma\u00eetresse du vestiaire masculin moderne<\/title>\n<meta name=\"robots\" content=\"index, follow, max-snippet:-1, max-image-preview:large, max-video-preview:-1\" \/>\n<link rel=\"canonical\" href=\"https:\/\/kevinragonneau.fr\/blog\/le-manteau-piece-maitresse-du-vestiaire-masculin-moderne\" \/>\n<meta property=\"og:locale\" content=\"fr_FR\" \/>\n<meta property=\"og:type\" content=\"article\" \/>\n<meta property=\"og:title\" content=\"Le manteau : pi\u00e8ce ma\u00eetresse du vestiaire masculin moderne\" \/>\n<meta property=\"og:description\" content=\"Dans un monde o\u00f9 l\u2019\u00e9l\u00e9gance se r\u00e9invente chaque saison, le manteau demeure un pilier du style masculin. Plus qu\u2019un simple v\u00eatement de transition, il incarne la personnalit\u00e9, compl\u00e8te une tenue&hellip;\" \/>\n<meta property=\"og:url\" content=\"https:\/\/kevinragonneau.fr\/blog\/le-manteau-piece-maitresse-du-vestiaire-masculin-moderne\" \/>\n<meta property=\"og:site_name\" content=\"Kevin Ragonneau\" \/>\n<meta property=\"article:publisher\" content=\"http:\/\/facebook.com\/kevinragonneau\" \/>\n<meta property=\"article:author\" content=\"facebook\" \/>\n<meta property=\"article:published_time\" content=\"2025-10-27T09:10:10+00:00\" \/>\n<meta property=\"article:modified_time\" content=\"2026-04-21T13:46:47+00:00\" \/>\n<meta property=\"og:image\" content=\"https:\/\/kevinragonneau.fr\/blog\/wp-content\/uploads\/2025\/10\/01K839E4D73E2S292MP6JBSDF1-1.jpg\" \/>\n\t<meta property=\"og:image:width\" content=\"1800\" \/>\n\t<meta property=\"og:image:height\" content=\"1200\" \/>\n\t<meta property=\"og:image:type\" content=\"image\/jpeg\" \/>\n<meta name=\"author\" content=\"kevin\" \/>\n<meta name=\"twitter:card\" content=\"summary_large_image\" \/>\n<meta name=\"twitter:creator\" content=\"@K_Ragonneau\" \/>\n<meta name=\"twitter:site\" content=\"@K_Ragonneau\" \/>\n<meta name=\"twitter:label1\" content=\"\u00c9crit par\" \/>\n\t<meta name=\"twitter:data1\" content=\"kevin\" \/>\n\t<meta name=\"twitter:label2\" content=\"Dur\u00e9e de lecture estim\u00e9e\" \/>\n\t<meta name=\"twitter:data2\" content=\"4 minutes\" \/>\n<script type=\"application\/ld+json\" class=\"yoast-schema-graph\">{\"@context\":\"https:\\\/\\\/schema.org\",\"@graph\":[{\"@type\":\"Article\",\"@id\":\"https:\\\/\\\/kevinragonneau.fr\\\/blog\\\/le-manteau-piece-maitresse-du-vestiaire-masculin-moderne#article\",\"isPartOf\":{\"@id\":\"https:\\\/\\\/kevinragonneau.fr\\\/blog\\\/le-manteau-piece-maitresse-du-vestiaire-masculin-moderne\"},\"author\":{\"name\":\"kevin\",\"@id\":\"https:\\\/\\\/kevinragonneau.fr\\\/blog\\\/#\\\/schema\\\/person\\\/699d420145eef6a72e6ee2874017089b\"},\"headline\":\"Le manteau : pi\u00e8ce ma\u00eetresse du vestiaire masculin moderne\",\"datePublished\":\"2025-10-27T09:10:10+00:00\",\"dateModified\":\"2026-04-21T13:46:47+00:00\",\"mainEntityOfPage\":{\"@id\":\"https:\\\/\\\/kevinragonneau.fr\\\/blog\\\/le-manteau-piece-maitresse-du-vestiaire-masculin-moderne\"},\"wordCount\":700,\"commentCount\":0,\"image\":{\"@id\":\"https:\\\/\\\/kevinragonneau.fr\\\/blog\\\/le-manteau-piece-maitresse-du-vestiaire-masculin-moderne#primaryimage\"},\"thumbnailUrl\":\"https:\\\/\\\/kevinragonneau.fr\\\/blog\\\/wp-content\\\/uploads\\\/2025\\\/10\\\/01K839E4D73E2S292MP6JBSDF1-1.jpg\",\"keywords\":[\"top1\"],\"articleSection\":[\"Mode\"],\"inLanguage\":\"fr-FR\",\"potentialAction\":[{\"@type\":\"CommentAction\",\"name\":\"Comment\",\"target\":[\"https:\\\/\\\/kevinragonneau.fr\\\/blog\\\/le-manteau-piece-maitresse-du-vestiaire-masculin-moderne#respond\"]}]},{\"@type\":\"WebPage\",\"@id\":\"https:\\\/\\\/kevinragonneau.fr\\\/blog\\\/le-manteau-piece-maitresse-du-vestiaire-masculin-moderne\",\"url\":\"https:\\\/\\\/kevinragonneau.fr\\\/blog\\\/le-manteau-piece-maitresse-du-vestiaire-masculin-moderne\",\"name\":\"Le manteau : pi\u00e8ce ma\u00eetresse du vestiaire masculin moderne\",\"isPartOf\":{\"@id\":\"https:\\\/\\\/kevinragonneau.fr\\\/blog\\\/#website\"},\"primaryImageOfPage\":{\"@id\":\"https:\\\/\\\/kevinragonneau.fr\\\/blog\\\/le-manteau-piece-maitresse-du-vestiaire-masculin-moderne#primaryimage\"},\"image\":{\"@id\":\"https:\\\/\\\/kevinragonneau.fr\\\/blog\\\/le-manteau-piece-maitresse-du-vestiaire-masculin-moderne#primaryimage\"},\"thumbnailUrl\":\"https:\\\/\\\/kevinragonneau.fr\\\/blog\\\/wp-content\\\/uploads\\\/2025\\\/10\\\/01K839E4D73E2S292MP6JBSDF1-1.jpg\",\"datePublished\":\"2025-10-27T09:10:10+00:00\",\"dateModified\":\"2026-04-21T13:46:47+00:00\",\"author\":{\"@id\":\"https:\\\/\\\/kevinragonneau.fr\\\/blog\\\/#\\\/schema\\\/person\\\/699d420145eef6a72e6ee2874017089b\"},\"breadcrumb\":{\"@id\":\"https:\\\/\\\/kevinragonneau.fr\\\/blog\\\/le-manteau-piece-maitresse-du-vestiaire-masculin-moderne#breadcrumb\"},\"inLanguage\":\"fr-FR\",\"potentialAction\":[{\"@type\":\"ReadAction\",\"target\":[\"https:\\\/\\\/kevinragonneau.fr\\\/blog\\\/le-manteau-piece-maitresse-du-vestiaire-masculin-moderne\"]}]},{\"@type\":\"ImageObject\",\"inLanguage\":\"fr-FR\",\"@id\":\"https:\\\/\\\/kevinragonneau.fr\\\/blog\\\/le-manteau-piece-maitresse-du-vestiaire-masculin-moderne#primaryimage\",\"url\":\"https:\\\/\\\/kevinragonneau.fr\\\/blog\\\/wp-content\\\/uploads\\\/2025\\\/10\\\/01K839E4D73E2S292MP6JBSDF1-1.jpg\",\"contentUrl\":\"https:\\\/\\\/kevinragonneau.fr\\\/blog\\\/wp-content\\\/uploads\\\/2025\\\/10\\\/01K839E4D73E2S292MP6JBSDF1-1.jpg\",\"width\":1800,\"height\":1200},{\"@type\":\"BreadcrumbList\",\"@id\":\"https:\\\/\\\/kevinragonneau.fr\\\/blog\\\/le-manteau-piece-maitresse-du-vestiaire-masculin-moderne#breadcrumb\",\"itemListElement\":[{\"@type\":\"ListItem\",\"position\":1,\"name\":\"Accueil\",\"item\":\"https:\\\/\\\/kevinragonneau.fr\\\/blog\\\/\"},{\"@type\":\"ListItem\",\"position\":2,\"name\":\"Le manteau : pi\u00e8ce ma\u00eetresse du vestiaire masculin moderne\"}]},{\"@type\":\"WebSite\",\"@id\":\"https:\\\/\\\/kevinragonneau.fr\\\/blog\\\/#website\",\"url\":\"https:\\\/\\\/kevinragonneau.fr\\\/blog\\\/\",\"name\":\"Blog Lifestyle : Conseils de Voyage, Mode, Marketing Digital et Vie de Famille Inspirante\",\"description\":\"Blog Lifestyle : Conseils de Voyage, Mode, Marketing Digital et Vie de Famille Inspirante\",\"alternateName\":\"Blog de Kevin Ragonneau\",\"potentialAction\":[{\"@type\":\"SearchAction\",\"target\":{\"@type\":\"EntryPoint\",\"urlTemplate\":\"https:\\\/\\\/kevinragonneau.fr\\\/blog\\\/?s={search_term_string}\"},\"query-input\":{\"@type\":\"PropertyValueSpecification\",\"valueRequired\":true,\"valueName\":\"search_term_string\"}}],\"inLanguage\":\"fr-FR\"},{\"@type\":\"Person\",\"@id\":\"https:\\\/\\\/kevinragonneau.fr\\\/blog\\\/#\\\/schema\\\/person\\\/699d420145eef6a72e6ee2874017089b\",\"name\":\"kevin\",\"image\":{\"@type\":\"ImageObject\",\"inLanguage\":\"fr-FR\",\"@id\":\"https:\\\/\\\/secure.gravatar.com\\\/avatar\\\/13848386d61634190fd948f9c9942d9dbd215b2fb0cc6c7462a7427b3f9d264e?s=96&d=mm&r=g\",\"url\":\"https:\\\/\\\/secure.gravatar.com\\\/avatar\\\/13848386d61634190fd948f9c9942d9dbd215b2fb0cc6c7462a7427b3f9d264e?s=96&d=mm&r=g\",\"contentUrl\":\"https:\\\/\\\/secure.gravatar.com\\\/avatar\\\/13848386d61634190fd948f9c9942d9dbd215b2fb0cc6c7462a7427b3f9d264e?s=96&d=mm&r=g\",\"caption\":\"kevin\"},\"description\":\"26 ans, Paris. D\u00e9veloppeur web &amp; Blogueur.\",\"sameAs\":[\"http:\\\/\\\/www.kevinragonneau.fr\\\/blog\",\"facebook\",\"instagram\"],\"url\":\"https:\\\/\\\/kevinragonneau.fr\\\/blog\\\/author\\\/kevin\"}]}<\/script>\n<!-- \/ Yoast SEO plugin. -->","yoast_head_json":{"title":"Le manteau : pi\u00e8ce ma\u00eetresse du vestiaire masculin moderne","robots":{"index":"index","follow":"follow","max-snippet":"max-snippet:-1","max-image-preview":"max-image-preview:large","max-video-preview":"max-video-preview:-1"},"canonical":"https:\/\/kevinragonneau.fr\/blog\/le-manteau-piece-maitresse-du-vestiaire-masculin-moderne","og_locale":"fr_FR","og_type":"article","og_title":"Le manteau : pi\u00e8ce ma\u00eetresse du vestiaire masculin moderne","og_description":"Dans un monde o\u00f9 l\u2019\u00e9l\u00e9gance se r\u00e9invente chaque saison, le manteau demeure un pilier du style masculin. Plus qu\u2019un simple v\u00eatement de transition, il incarne la personnalit\u00e9, compl\u00e8te une tenue&hellip;","og_url":"https:\/\/kevinragonneau.fr\/blog\/le-manteau-piece-maitresse-du-vestiaire-masculin-moderne","og_site_name":"Kevin Ragonneau","article_publisher":"http:\/\/facebook.com\/kevinragonneau","article_author":"facebook","article_published_time":"2025-10-27T09:10:10+00:00","article_modified_time":"2026-04-21T13:46:47+00:00","og_image":[{"width":1800,"height":1200,"url":"https:\/\/kevinragonneau.fr\/blog\/wp-content\/uploads\/2025\/10\/01K839E4D73E2S292MP6JBSDF1-1.jpg","type":"image\/jpeg"}],"author":"kevin","twitter_card":"summary_large_image","twitter_creator":"@K_Ragonneau","twitter_site":"@K_Ragonneau","twitter_misc":{"\u00c9crit par":"kevin","Dur\u00e9e de lecture estim\u00e9e":"4 minutes"},"schema":{"@context":"https:\/\/schema.org","@graph":[{"@type":"Article","@id":"https:\/\/kevinragonneau.fr\/blog\/le-manteau-piece-maitresse-du-vestiaire-masculin-moderne#article","isPartOf":{"@id":"https:\/\/kevinragonneau.fr\/blog\/le-manteau-piece-maitresse-du-vestiaire-masculin-moderne"},"author":{"name":"kevin","@id":"https:\/\/kevinragonneau.fr\/blog\/#\/schema\/person\/699d420145eef6a72e6ee2874017089b"},"headline":"Le manteau : pi\u00e8ce ma\u00eetresse du vestiaire masculin moderne","datePublished":"2025-10-27T09:10:10+00:00","dateModified":"2026-04-21T13:46:47+00:00","mainEntityOfPage":{"@id":"https:\/\/kevinragonneau.fr\/blog\/le-manteau-piece-maitresse-du-vestiaire-masculin-moderne"},"wordCount":700,"commentCount":0,"image":{"@id":"https:\/\/kevinragonneau.fr\/blog\/le-manteau-piece-maitresse-du-vestiaire-masculin-moderne#primaryimage"},"thumbnailUrl":"https:\/\/kevinragonneau.fr\/blog\/wp-content\/uploads\/2025\/10\/01K839E4D73E2S292MP6JBSDF1-1.jpg","keywords":["top1"],"articleSection":["Mode"],"inLanguage":"fr-FR","potentialAction":[{"@type":"CommentAction","name":"Comment","target":["https:\/\/kevinragonneau.fr\/blog\/le-manteau-piece-maitresse-du-vestiaire-masculin-moderne#respond"]}]},{"@type":"WebPage","@id":"https:\/\/kevinragonneau.fr\/blog\/le-manteau-piece-maitresse-du-vestiaire-masculin-moderne","url":"https:\/\/kevinragonneau.fr\/blog\/le-manteau-piece-maitresse-du-vestiaire-masculin-moderne","name":"Le manteau : pi\u00e8ce ma\u00eetresse du vestiaire masculin moderne","isPartOf":{"@id":"https:\/\/kevinragonneau.fr\/blog\/#website"},"primaryImageOfPage":{"@id":"https:\/\/kevinragonneau.fr\/blog\/le-manteau-piece-maitresse-du-vestiaire-masculin-moderne#primaryimage"},"image":{"@id":"https:\/\/kevinragonneau.fr\/blog\/le-manteau-piece-maitresse-du-vestiaire-masculin-moderne#primaryimage"},"thumbnailUrl":"https:\/\/kevinragonneau.fr\/blog\/wp-content\/uploads\/2025\/10\/01K839E4D73E2S292MP6JBSDF1-1.jpg","datePublished":"2025-10-27T09:10:10+00:00","dateModified":"2026-04-21T13:46:47+00:00","author":{"@id":"https:\/\/kevinragonneau.fr\/blog\/#\/schema\/person\/699d420145eef6a72e6ee2874017089b"},"breadcrumb":{"@id":"https:\/\/kevinragonneau.fr\/blog\/le-manteau-piece-maitresse-du-vestiaire-masculin-moderne#breadcrumb"},"inLanguage":"fr-FR","potentialAction":[{"@type":"ReadAction","target":["https:\/\/kevinragonneau.fr\/blog\/le-manteau-piece-maitresse-du-vestiaire-masculin-moderne"]}]},{"@type":"ImageObject","inLanguage":"fr-FR","@id":"https:\/\/kevinragonneau.fr\/blog\/le-manteau-piece-maitresse-du-vestiaire-masculin-moderne#primaryimage","url":"https:\/\/kevinragonneau.fr\/blog\/wp-content\/uploads\/2025\/10\/01K839E4D73E2S292MP6JBSDF1-1.jpg","contentUrl":"https:\/\/kevinragonneau.fr\/blog\/wp-content\/uploads\/2025\/10\/01K839E4D73E2S292MP6JBSDF1-1.jpg","width":1800,"height":1200},{"@type":"BreadcrumbList","@id":"https:\/\/kevinragonneau.fr\/blog\/le-manteau-piece-maitresse-du-vestiaire-masculin-moderne#breadcrumb","itemListElement":[{"@type":"ListItem","position":1,"name":"Accueil","item":"https:\/\/kevinragonneau.fr\/blog\/"},{"@type":"ListItem","position":2,"name":"Le manteau : pi\u00e8ce ma\u00eetresse du vestiaire masculin moderne"}]},{"@type":"WebSite","@id":"https:\/\/kevinragonneau.fr\/blog\/#website","url":"https:\/\/kevinragonneau.fr\/blog\/","name":"Blog Lifestyle : Conseils de Voyage, Mode, Marketing Digital et Vie de Famille Inspirante","description":"Blog Lifestyle : Conseils de Voyage, Mode, Marketing Digital et Vie de Famille Inspirante","alternateName":"Blog de Kevin Ragonneau","potentialAction":[{"@type":"SearchAction","target":{"@type":"EntryPoint","urlTemplate":"https:\/\/kevinragonneau.fr\/blog\/?s={search_term_string}"},"query-input":{"@type":"PropertyValueSpecification","valueRequired":true,"valueName":"search_term_string"}}],"inLanguage":"fr-FR"},{"@type":"Person","@id":"https:\/\/kevinragonneau.fr\/blog\/#\/schema\/person\/699d420145eef6a72e6ee2874017089b","name":"kevin","image":{"@type":"ImageObject","inLanguage":"fr-FR","@id":"https:\/\/secure.gravatar.com\/avatar\/13848386d61634190fd948f9c9942d9dbd215b2fb0cc6c7462a7427b3f9d264e?s=96&d=mm&r=g","url":"https:\/\/secure.gravatar.com\/avatar\/13848386d61634190fd948f9c9942d9dbd215b2fb0cc6c7462a7427b3f9d264e?s=96&d=mm&r=g","contentUrl":"https:\/\/secure.gravatar.com\/avatar\/13848386d61634190fd948f9c9942d9dbd215b2fb0cc6c7462a7427b3f9d264e?s=96&d=mm&r=g","caption":"kevin"},"description":"26 ans, Paris. D\u00e9veloppeur web &amp; Blogueur.","sameAs":["http:\/\/www.kevinragonneau.fr\/blog","facebook","instagram"],"url":"https:\/\/kevinragonneau.fr\/blog\/author\/kevin"}]}},"_links":{"self":[{"href":"https:\/\/kevinragonneau.fr\/blog\/wp-json\/wp\/v2\/posts\/13840","targetHints":{"allow":["GET"]}}],"collection":[{"href":"https:\/\/kevinragonneau.fr\/blog\/wp-json\/wp\/v2\/posts"}],"about":[{"href":"https:\/\/kevinragonneau.fr\/blog\/wp-json\/wp\/v2\/types\/post"}],"author":[{"embeddable":true,"href":"https:\/\/kevinragonneau.fr\/blog\/wp-json\/wp\/v2\/users\/1"}],"replies":[{"embeddable":true,"href":"https:\/\/kevinragonneau.fr\/blog\/wp-json\/wp\/v2\/comments?post=13840"}],"version-history":[{"count":2,"href":"https:\/\/kevinragonneau.fr\/blog\/wp-json\/wp\/v2\/posts\/13840\/revisions"}],"predecessor-version":[{"id":13843,"href":"https:\/\/kevinragonneau.fr\/blog\/wp-json\/wp\/v2\/posts\/13840\/revisions\/13843"}],"wp:featuredmedia":[{"embeddable":true,"href":"https:\/\/kevinragonneau.fr\/blog\/wp-json\/wp\/v2\/media\/13841"}],"wp:attachment":[{"href":"https:\/\/kevinragonneau.fr\/blog\/wp-json\/wp\/v2\/media?parent=13840"}],"wp:term":[{"taxonomy":"category","embeddable":true,"href":"https:\/\/kevinragonneau.fr\/blog\/wp-json\/wp\/v2\/categories?post=13840"},{"taxonomy":"post_tag","embeddable":true,"href":"https:\/\/kevinragonneau.fr\/blog\/wp-json\/wp\/v2\/tags?post=13840"},{"taxonomy":"powerkit_post_featured","embeddable":true,"href":"https:\/\/kevinragonneau.fr\/blog\/wp-json\/wp\/v2\/powerkit_post_featured?post=13840"}],"curies":[{"name":"wp","href":"https:\/\/api.w.org\/{rel}","templated":true}]}}