{"id":1768,"date":"2016-09-28T09:48:13","date_gmt":"2016-09-28T09:48:13","guid":{"rendered":"http:\/\/kevinragonneau.fr\/blog\/?p=1768"},"modified":"2022-06-06T12:34:18","modified_gmt":"2022-06-06T10:34:18","slug":"choisir-porter-polo","status":"publish","type":"post","link":"https:\/\/kevinragonneau.fr\/blog\/choisir-porter-polo","title":{"rendered":"Comment choisir et porter un polo ?"},"content":{"rendered":"<p class=\"p1\"><span class=\"s1\">Tout cet \u00e9t\u00e9, la temp\u00e9rature n\u2019a cess\u00e9 de faire les montagnes russes et c\u2019est toujours aussi compliqu\u00e9 de choisir quoi mettre en partant le matin sans risquer d\u2019avoir (vraiment) trop chaud, ou carr\u00e9ment trop froid. Brrh, vraiment pas pratique tout \u00e7a ! Pour prendre le moins de risque possible, et parce que je trouve cela tout aussi sympa j\u2019ai souvent pr\u00e9f\u00e9r\u00e9 mettre un polo avec une veste dans mon sac \u00e0 mettre au cas o\u00f9, plut\u00f4t qu\u2019une chemise seule ou un t-shirt.<\/span><\/p>\n<p>&nbsp;<\/p>\n<h2 id=\"comment-bien-porter-son-polo\" class=\"p1\"><span class=\"s2\">Comment bien porter son polo ? <\/span><\/h2>\n<p class=\"p1\"><span class=\"s1\">Pour moi, il est important pour une pi\u00e8ce comme le polo d\u2019avoir une coupe bien ajust\u00e9e et des finitions tr\u00e8s travaill\u00e9es. Le choix du col est aussi primordial, car on voit trop souvent des cols tout flagada tomber de chaque c\u00f4t\u00e9 et personnellement je n\u2019aime pas du tout !<\/span><\/p>\n<p class=\"p1\"><span class=\"s1\">Pour le reste de la tenue, rien de compliqu\u00e9. Le polo se porte en g\u00e9n\u00e9ral tr\u00e8s bien avec un jean brut assez fonc\u00e9 ou un chino sur lesquels les couleurs se marient bien. <\/span><\/p>\n<p class=\"p1\"><span class=\"s1\">Au niveau des chaussures, le polo \u00e9tant une pi\u00e8ce casual-chic assez cam\u00e9l\u00e9on\u2026 vous pourrez tr\u00e8s bien mettre des sneakers passent partout comme les superstars ou les Stan Smith pour un look tr\u00e8s urbain BCBG, ou des derbies\/richelieu pour faire ressortir tout le chic de votre tenue.<\/span><\/p>\n[show_shopthepost_widget id=\u00a0\u00bb4777503&Prime;]\n<p>&nbsp;<\/p>\n<h3 id=\"quelques-conseils-pour-choisir-un-polo\" class=\"p1\">Quelques conseils pour choisir un polo :<\/h3>\n<p>Le polo allie \u00e9l\u00e9gance, confort\u00a0et reste\u00a0une pi\u00e8ce tr\u00e8s pratique au quotidien ! Je l&rsquo;aime particuli\u00e8rement\u00a0car il fait toujours son effet tout en \u00e9tant\u00a0simple\u00a0<img decoding=\"async\" class=\"wp-smiley\" src=\"http:\/\/www.giabiconistyle.com\/wp\/wp-includes\/images\/smilies\/icon_wink.gif\" alt=\";)\" \/><\/p>\n<p>Personnellement, je vous d\u00e9conseille le polo coupe droite.\u00a0Cela donne une image beaucoup trop d\u00e9contract\u00e9 \/ vacances \u00e0 mes yeux pour \u00eatre port\u00e9 dans une routine de tous les jours.<\/p>\n<p>N\u2019oubliez pas que le plus important est de vous sentir a l\u2019aise !<\/p>\n<p>&nbsp;<\/p>\n<h3 id=\"la-maison-vinifera-des-polos-elegants-aux-finitions-soignees\" class=\"p1\"><span class=\"s2\">La maison VINIFERA, des polos \u00e9l\u00e9gants aux finitions soign\u00e9es ! <\/span><\/h3>\n<p class=\"p1\"><span class=\"s1\">Vinifera met un point d\u2019honneur sur le confort, les finitions et l\u2019\u00e9l\u00e9gance de leurs polos. Tout cela n&rsquo;est certes que du bla-bla, mais d\u00e8s que j\u2019ai pu en essayer un\u2026 tout prenait sens, j\u2019\u00e9tais conquis !<\/span><\/p>\n<p class=\"p1\"><span class=\"s1\">Le gros plus de cette marque r\u00e9side surtout dans leur innovation apport\u00e9e aux cols de leurs polos afin que ceux-ci puissent se porter sous une veste sans que \u00e7a ne le d\u00e9forme !<\/span><\/p>\n<h3 id=\"\" class=\"p1\">\u00a0<img loading=\"lazy\" decoding=\"async\" class=\"aligncenter wp-image-1796 size-large\" src=\"http:\/\/kevinragonneau.fr\/blog\/wp-content\/uploads\/2016\/09\/GC7A1689-1024x683.jpg\" alt=\"Polo Vinifera\" width=\"780\" height=\"520\" \/><\/h3>\n<p>&nbsp;<\/p>\n<h2 id=\"porter-un-polo-sous-une-veste\" class=\"p1\"><span class=\"s2\">Porter un polo sous une veste ? <\/span><\/h2>\n<p class=\"p1\"><span class=\"s1\">Porter un polo sous une veste d\u00e9forme souvent le col de celui-ci en le faisant tomber. En plus de l\u2019abimer, ce n\u2019est clairement pas tr\u00e8s esth\u00e9tique\u2026 La maison Vinifiera s\u2019est donc pench\u00e9e un an sur la question, et a trouv\u00e9 une solution !<\/span><\/p>\n<p class=\"p1\"><span class=\"s1\">Un proc\u00e9d\u00e9 nouveau \u00e0 l\u2019int\u00e9rieur du col avec une languette munie de petits bouchons cach\u00e9s permet de renforcer son maintien. Gr\u00e2ce \u00e0 cette innovation, le polo peut se porter seul ou sous la veste, sans transiger sur l\u2019\u00e9l\u00e9gance.<\/span><\/p>\n<p>&nbsp;<\/p>\n<h2 id=\"la-tenue-en-photos\" class=\"p1\">La tenue en photos<\/h2>\n<p class=\"p1\"><span class=\"s1\">Les photos ont \u00e9t\u00e9 prises par <a href=\"http:\/\/instagram.com\/edwardspict\/\" target=\"_blank\" rel=\"noopener\">Edward Berthelot<\/a>, dans la cour du mus\u00e9e du Louvre \u00e0 Paris.<\/span><\/p>\n<p class=\"p1\"><img loading=\"lazy\" decoding=\"async\" class=\"aligncenter wp-image-1789 size-large\" src=\"http:\/\/kevinragonneau.fr\/blog\/wp-content\/uploads\/2016\/09\/GC7A1598-683x1024.jpg\" alt=\"Polo pour homme\" width=\"683\" height=\"1024\" \/><\/p>\n<p class=\"p1\"><img loading=\"lazy\" decoding=\"async\" class=\"aligncenter wp-image-1793 size-large\" src=\"http:\/\/kevinragonneau.fr\/blog\/wp-content\/uploads\/2016\/09\/GC7A1657-1024x683.jpg\" alt=\"Chaussures Mr Moustache\" width=\"780\" height=\"520\" \/><\/p>\n<p class=\"p1\"><img loading=\"lazy\" decoding=\"async\" class=\"aligncenter wp-image-1791 size-large\" src=\"http:\/\/kevinragonneau.fr\/blog\/wp-content\/uploads\/2016\/09\/GC7A1629-1024x683.jpg\" alt=\"Look pour homme\" width=\"780\" height=\"520\" \/><\/p>\n<p class=\"p1\"><img loading=\"lazy\" decoding=\"async\" class=\"aligncenter wp-image-1790 size-large\" src=\"http:\/\/kevinragonneau.fr\/blog\/wp-content\/uploads\/2016\/09\/GC7A1599-683x1024.jpg\" alt=\"Sac weekend homme\" width=\"683\" height=\"1024\" \/><\/p>\n<p class=\"p1\" style=\"text-align: center;\"><img loading=\"lazy\" decoding=\"async\" class=\"aligncenter wp-image-1795 size-large\" src=\"http:\/\/kevinragonneau.fr\/blog\/wp-content\/uploads\/2016\/09\/GC7A1688-1024x683.jpg\" alt=\"Kevin Ragonneau\" width=\"780\" height=\"520\" \/><em>Lunettes de soleil : <a href=\"https:\/\/timeforwood.fr\/\" target=\"_blank\" rel=\"noopener\">Time for Wood<\/a>\u00a0(-20% avec le code \u00ab\u00a0CODEINSTA20\u00a0\u00bb)<\/em><\/p>\n<p class=\"p1\"><img loading=\"lazy\" decoding=\"async\" class=\"aligncenter wp-image-1797 size-large\" src=\"http:\/\/kevinragonneau.fr\/blog\/wp-content\/uploads\/2016\/09\/GC7A1693-1024x683.jpg\" alt=\"Sac Lacoste homme\" width=\"780\" height=\"520\" \/><\/p>\n<p class=\"p1\"><img loading=\"lazy\" decoding=\"async\" class=\"aligncenter wp-image-1798 size-large\" src=\"http:\/\/kevinragonneau.fr\/blog\/wp-content\/uploads\/2016\/09\/GC7A1695-1024x683.jpg\" alt=\"Chaussures Monsieur Moustache\" width=\"780\" height=\"520\" \/><\/p>\n<p class=\"p1\" style=\"text-align: center;\"><em>\u00a0Chaussures : <a href=\"http:\/\/www.m-moustache.com\/fr\/\" target=\"_blank\" rel=\"noopener\">M. Moustache<\/a><\/em><\/p>\n<p class=\"p1\" style=\"text-align: left;\">Pour d\u00e9couvrir tous les produits de la marque Vinifera :\u00a0<a href=\"http:\/\/www.vini-fera.com\/\" target=\"_blank\" rel=\"noopener\">www.vini-fera.com<\/a><\/p>\n<p class=\"p1\"><em><span class=\"s1\">N\u2019h\u00e9sitez pas \u00e0 me dire ce que vous pensez des polos, et\u00a0comment vous aimez les porter \ud83d\ude42<\/span><\/em><\/p>\n<p class=\"p1\"><span class=\"s1\">J\u2019esp\u00e8re que ce look vous plaira ! \u00c0 tr\u00e8s vite pour un nouvel article \ud83d\ude42<\/span><\/p>\n","protected":false},"excerpt":{"rendered":"<p>Tout cet \u00e9t\u00e9, la temp\u00e9rature n\u2019a cess\u00e9 de faire les montagnes russes et c\u2019est toujours aussi compliqu\u00e9 de choisir quoi mettre en partant le matin sans risquer d\u2019avoir (vraiment) trop&hellip;<\/p>\n","protected":false},"author":1,"featured_media":1794,"comment_status":"open","ping_status":"open","sticky":false,"template":"","format":"standard","meta":{"footnotes":""},"categories":[339],"tags":[],"powerkit_post_featured":[],"class_list":{"0":"post-1768","1":"post","2":"type-post","3":"status-publish","4":"format-standard","5":"has-post-thumbnail","7":"category-mode"},"yoast_head":"<!-- This site is optimized with the Yoast SEO plugin v27.4 - https:\/\/yoast.com\/product\/yoast-seo-wordpress\/ -->\n<title>Comment choisir et porter un polo ?<\/title>\n<meta name=\"robots\" content=\"index, follow, max-snippet:-1, max-image-preview:large, max-video-preview:-1\" \/>\n<link rel=\"canonical\" href=\"https:\/\/kevinragonneau.fr\/blog\/choisir-porter-polo\" \/>\n<meta property=\"og:locale\" content=\"fr_FR\" \/>\n<meta property=\"og:type\" content=\"article\" \/>\n<meta property=\"og:title\" content=\"Comment choisir et porter un polo ?\" \/>\n<meta property=\"og:description\" content=\"Tout cet \u00e9t\u00e9, la temp\u00e9rature n\u2019a cess\u00e9 de faire les montagnes russes et c\u2019est toujours aussi compliqu\u00e9 de choisir quoi mettre en partant le matin sans risquer d\u2019avoir (vraiment) trop&hellip;\" \/>\n<meta property=\"og:url\" content=\"https:\/\/kevinragonneau.fr\/blog\/choisir-porter-polo\" \/>\n<meta property=\"og:site_name\" content=\"Kevin Ragonneau\" \/>\n<meta property=\"article:publisher\" content=\"http:\/\/facebook.com\/kevinragonneau\" \/>\n<meta property=\"article:author\" content=\"facebook\" \/>\n<meta property=\"article:published_time\" content=\"2016-09-28T09:48:13+00:00\" \/>\n<meta property=\"article:modified_time\" content=\"2022-06-06T10:34:18+00:00\" \/>\n<meta property=\"og:image\" content=\"https:\/\/kevinragonneau.fr\/blog\/wp-content\/uploads\/2016\/09\/GC7A1669.jpg\" \/>\n\t<meta property=\"og:image:width\" content=\"2000\" \/>\n\t<meta property=\"og:image:height\" content=\"1333\" \/>\n\t<meta property=\"og:image:type\" content=\"image\/jpeg\" \/>\n<meta name=\"author\" content=\"kevin\" \/>\n<meta name=\"twitter:card\" content=\"summary_large_image\" \/>\n<meta name=\"twitter:creator\" content=\"@K_Ragonneau\" \/>\n<meta name=\"twitter:site\" content=\"@K_Ragonneau\" \/>\n<meta name=\"twitter:label1\" content=\"\u00c9crit par\" \/>\n\t<meta name=\"twitter:data1\" content=\"kevin\" \/>\n\t<meta name=\"twitter:label2\" content=\"Dur\u00e9e de lecture estim\u00e9e\" \/>\n\t<meta name=\"twitter:data2\" content=\"5 minutes\" \/>\n<script type=\"application\/ld+json\" class=\"yoast-schema-graph\">{\"@context\":\"https:\\\/\\\/schema.org\",\"@graph\":[{\"@type\":\"Article\",\"@id\":\"https:\\\/\\\/kevinragonneau.fr\\\/blog\\\/choisir-porter-polo#article\",\"isPartOf\":{\"@id\":\"https:\\\/\\\/kevinragonneau.fr\\\/blog\\\/choisir-porter-polo\"},\"author\":{\"name\":\"kevin\",\"@id\":\"https:\\\/\\\/kevinragonneau.fr\\\/blog\\\/#\\\/schema\\\/person\\\/699d420145eef6a72e6ee2874017089b\"},\"headline\":\"Comment choisir et porter un polo ?\",\"datePublished\":\"2016-09-28T09:48:13+00:00\",\"dateModified\":\"2022-06-06T10:34:18+00:00\",\"mainEntityOfPage\":{\"@id\":\"https:\\\/\\\/kevinragonneau.fr\\\/blog\\\/choisir-porter-polo\"},\"wordCount\":601,\"commentCount\":0,\"image\":{\"@id\":\"https:\\\/\\\/kevinragonneau.fr\\\/blog\\\/choisir-porter-polo#primaryimage\"},\"thumbnailUrl\":\"https:\\\/\\\/kevinragonneau.fr\\\/blog\\\/wp-content\\\/uploads\\\/2016\\\/09\\\/GC7A1669.jpg\",\"articleSection\":[\"Mode\"],\"inLanguage\":\"fr-FR\",\"potentialAction\":[{\"@type\":\"CommentAction\",\"name\":\"Comment\",\"target\":[\"https:\\\/\\\/kevinragonneau.fr\\\/blog\\\/choisir-porter-polo#respond\"]}]},{\"@type\":\"WebPage\",\"@id\":\"https:\\\/\\\/kevinragonneau.fr\\\/blog\\\/choisir-porter-polo\",\"url\":\"https:\\\/\\\/kevinragonneau.fr\\\/blog\\\/choisir-porter-polo\",\"name\":\"Comment choisir et porter un polo ?\",\"isPartOf\":{\"@id\":\"https:\\\/\\\/kevinragonneau.fr\\\/blog\\\/#website\"},\"primaryImageOfPage\":{\"@id\":\"https:\\\/\\\/kevinragonneau.fr\\\/blog\\\/choisir-porter-polo#primaryimage\"},\"image\":{\"@id\":\"https:\\\/\\\/kevinragonneau.fr\\\/blog\\\/choisir-porter-polo#primaryimage\"},\"thumbnailUrl\":\"https:\\\/\\\/kevinragonneau.fr\\\/blog\\\/wp-content\\\/uploads\\\/2016\\\/09\\\/GC7A1669.jpg\",\"datePublished\":\"2016-09-28T09:48:13+00:00\",\"dateModified\":\"2022-06-06T10:34:18+00:00\",\"author\":{\"@id\":\"https:\\\/\\\/kevinragonneau.fr\\\/blog\\\/#\\\/schema\\\/person\\\/699d420145eef6a72e6ee2874017089b\"},\"breadcrumb\":{\"@id\":\"https:\\\/\\\/kevinragonneau.fr\\\/blog\\\/choisir-porter-polo#breadcrumb\"},\"inLanguage\":\"fr-FR\",\"potentialAction\":[{\"@type\":\"ReadAction\",\"target\":[\"https:\\\/\\\/kevinragonneau.fr\\\/blog\\\/choisir-porter-polo\"]}]},{\"@type\":\"ImageObject\",\"inLanguage\":\"fr-FR\",\"@id\":\"https:\\\/\\\/kevinragonneau.fr\\\/blog\\\/choisir-porter-polo#primaryimage\",\"url\":\"https:\\\/\\\/kevinragonneau.fr\\\/blog\\\/wp-content\\\/uploads\\\/2016\\\/09\\\/GC7A1669.jpg\",\"contentUrl\":\"https:\\\/\\\/kevinragonneau.fr\\\/blog\\\/wp-content\\\/uploads\\\/2016\\\/09\\\/GC7A1669.jpg\",\"width\":2000,\"height\":1333,\"caption\":\"Kevin Ragonneau\"},{\"@type\":\"BreadcrumbList\",\"@id\":\"https:\\\/\\\/kevinragonneau.fr\\\/blog\\\/choisir-porter-polo#breadcrumb\",\"itemListElement\":[{\"@type\":\"ListItem\",\"position\":1,\"name\":\"Accueil\",\"item\":\"https:\\\/\\\/kevinragonneau.fr\\\/blog\\\/\"},{\"@type\":\"ListItem\",\"position\":2,\"name\":\"Comment choisir et porter un polo ?\"}]},{\"@type\":\"WebSite\",\"@id\":\"https:\\\/\\\/kevinragonneau.fr\\\/blog\\\/#website\",\"url\":\"https:\\\/\\\/kevinragonneau.fr\\\/blog\\\/\",\"name\":\"Blog Lifestyle : Conseils de Voyage, Mode, Marketing Digital et Vie de Famille Inspirante\",\"description\":\"Blog Lifestyle : Conseils de Voyage, Mode, Marketing Digital et Vie de Famille Inspirante\",\"alternateName\":\"Blog de Kevin Ragonneau\",\"potentialAction\":[{\"@type\":\"SearchAction\",\"target\":{\"@type\":\"EntryPoint\",\"urlTemplate\":\"https:\\\/\\\/kevinragonneau.fr\\\/blog\\\/?s={search_term_string}\"},\"query-input\":{\"@type\":\"PropertyValueSpecification\",\"valueRequired\":true,\"valueName\":\"search_term_string\"}}],\"inLanguage\":\"fr-FR\"},{\"@type\":\"Person\",\"@id\":\"https:\\\/\\\/kevinragonneau.fr\\\/blog\\\/#\\\/schema\\\/person\\\/699d420145eef6a72e6ee2874017089b\",\"name\":\"kevin\",\"image\":{\"@type\":\"ImageObject\",\"inLanguage\":\"fr-FR\",\"@id\":\"https:\\\/\\\/secure.gravatar.com\\\/avatar\\\/13848386d61634190fd948f9c9942d9dbd215b2fb0cc6c7462a7427b3f9d264e?s=96&d=mm&r=g\",\"url\":\"https:\\\/\\\/secure.gravatar.com\\\/avatar\\\/13848386d61634190fd948f9c9942d9dbd215b2fb0cc6c7462a7427b3f9d264e?s=96&d=mm&r=g\",\"contentUrl\":\"https:\\\/\\\/secure.gravatar.com\\\/avatar\\\/13848386d61634190fd948f9c9942d9dbd215b2fb0cc6c7462a7427b3f9d264e?s=96&d=mm&r=g\",\"caption\":\"kevin\"},\"description\":\"26 ans, Paris. D\u00e9veloppeur web &amp; Blogueur.\",\"sameAs\":[\"http:\\\/\\\/www.kevinragonneau.fr\\\/blog\",\"facebook\",\"instagram\"],\"url\":\"https:\\\/\\\/kevinragonneau.fr\\\/blog\\\/author\\\/kevin\"}]}<\/script>\n<!-- \/ Yoast SEO plugin. -->","yoast_head_json":{"title":"Comment choisir et porter un polo ?","robots":{"index":"index","follow":"follow","max-snippet":"max-snippet:-1","max-image-preview":"max-image-preview:large","max-video-preview":"max-video-preview:-1"},"canonical":"https:\/\/kevinragonneau.fr\/blog\/choisir-porter-polo","og_locale":"fr_FR","og_type":"article","og_title":"Comment choisir et porter un polo ?","og_description":"Tout cet \u00e9t\u00e9, la temp\u00e9rature n\u2019a cess\u00e9 de faire les montagnes russes et c\u2019est toujours aussi compliqu\u00e9 de choisir quoi mettre en partant le matin sans risquer d\u2019avoir (vraiment) trop&hellip;","og_url":"https:\/\/kevinragonneau.fr\/blog\/choisir-porter-polo","og_site_name":"Kevin Ragonneau","article_publisher":"http:\/\/facebook.com\/kevinragonneau","article_author":"facebook","article_published_time":"2016-09-28T09:48:13+00:00","article_modified_time":"2022-06-06T10:34:18+00:00","og_image":[{"width":2000,"height":1333,"url":"https:\/\/kevinragonneau.fr\/blog\/wp-content\/uploads\/2016\/09\/GC7A1669.jpg","type":"image\/jpeg"}],"author":"kevin","twitter_card":"summary_large_image","twitter_creator":"@K_Ragonneau","twitter_site":"@K_Ragonneau","twitter_misc":{"\u00c9crit par":"kevin","Dur\u00e9e de lecture estim\u00e9e":"5 minutes"},"schema":{"@context":"https:\/\/schema.org","@graph":[{"@type":"Article","@id":"https:\/\/kevinragonneau.fr\/blog\/choisir-porter-polo#article","isPartOf":{"@id":"https:\/\/kevinragonneau.fr\/blog\/choisir-porter-polo"},"author":{"name":"kevin","@id":"https:\/\/kevinragonneau.fr\/blog\/#\/schema\/person\/699d420145eef6a72e6ee2874017089b"},"headline":"Comment choisir et porter un polo ?","datePublished":"2016-09-28T09:48:13+00:00","dateModified":"2022-06-06T10:34:18+00:00","mainEntityOfPage":{"@id":"https:\/\/kevinragonneau.fr\/blog\/choisir-porter-polo"},"wordCount":601,"commentCount":0,"image":{"@id":"https:\/\/kevinragonneau.fr\/blog\/choisir-porter-polo#primaryimage"},"thumbnailUrl":"https:\/\/kevinragonneau.fr\/blog\/wp-content\/uploads\/2016\/09\/GC7A1669.jpg","articleSection":["Mode"],"inLanguage":"fr-FR","potentialAction":[{"@type":"CommentAction","name":"Comment","target":["https:\/\/kevinragonneau.fr\/blog\/choisir-porter-polo#respond"]}]},{"@type":"WebPage","@id":"https:\/\/kevinragonneau.fr\/blog\/choisir-porter-polo","url":"https:\/\/kevinragonneau.fr\/blog\/choisir-porter-polo","name":"Comment choisir et porter un polo ?","isPartOf":{"@id":"https:\/\/kevinragonneau.fr\/blog\/#website"},"primaryImageOfPage":{"@id":"https:\/\/kevinragonneau.fr\/blog\/choisir-porter-polo#primaryimage"},"image":{"@id":"https:\/\/kevinragonneau.fr\/blog\/choisir-porter-polo#primaryimage"},"thumbnailUrl":"https:\/\/kevinragonneau.fr\/blog\/wp-content\/uploads\/2016\/09\/GC7A1669.jpg","datePublished":"2016-09-28T09:48:13+00:00","dateModified":"2022-06-06T10:34:18+00:00","author":{"@id":"https:\/\/kevinragonneau.fr\/blog\/#\/schema\/person\/699d420145eef6a72e6ee2874017089b"},"breadcrumb":{"@id":"https:\/\/kevinragonneau.fr\/blog\/choisir-porter-polo#breadcrumb"},"inLanguage":"fr-FR","potentialAction":[{"@type":"ReadAction","target":["https:\/\/kevinragonneau.fr\/blog\/choisir-porter-polo"]}]},{"@type":"ImageObject","inLanguage":"fr-FR","@id":"https:\/\/kevinragonneau.fr\/blog\/choisir-porter-polo#primaryimage","url":"https:\/\/kevinragonneau.fr\/blog\/wp-content\/uploads\/2016\/09\/GC7A1669.jpg","contentUrl":"https:\/\/kevinragonneau.fr\/blog\/wp-content\/uploads\/2016\/09\/GC7A1669.jpg","width":2000,"height":1333,"caption":"Kevin Ragonneau"},{"@type":"BreadcrumbList","@id":"https:\/\/kevinragonneau.fr\/blog\/choisir-porter-polo#breadcrumb","itemListElement":[{"@type":"ListItem","position":1,"name":"Accueil","item":"https:\/\/kevinragonneau.fr\/blog\/"},{"@type":"ListItem","position":2,"name":"Comment choisir et porter un polo ?"}]},{"@type":"WebSite","@id":"https:\/\/kevinragonneau.fr\/blog\/#website","url":"https:\/\/kevinragonneau.fr\/blog\/","name":"Blog Lifestyle : Conseils de Voyage, Mode, Marketing Digital et Vie de Famille Inspirante","description":"Blog Lifestyle : Conseils de Voyage, Mode, Marketing Digital et Vie de Famille Inspirante","alternateName":"Blog de Kevin Ragonneau","potentialAction":[{"@type":"SearchAction","target":{"@type":"EntryPoint","urlTemplate":"https:\/\/kevinragonneau.fr\/blog\/?s={search_term_string}"},"query-input":{"@type":"PropertyValueSpecification","valueRequired":true,"valueName":"search_term_string"}}],"inLanguage":"fr-FR"},{"@type":"Person","@id":"https:\/\/kevinragonneau.fr\/blog\/#\/schema\/person\/699d420145eef6a72e6ee2874017089b","name":"kevin","image":{"@type":"ImageObject","inLanguage":"fr-FR","@id":"https:\/\/secure.gravatar.com\/avatar\/13848386d61634190fd948f9c9942d9dbd215b2fb0cc6c7462a7427b3f9d264e?s=96&d=mm&r=g","url":"https:\/\/secure.gravatar.com\/avatar\/13848386d61634190fd948f9c9942d9dbd215b2fb0cc6c7462a7427b3f9d264e?s=96&d=mm&r=g","contentUrl":"https:\/\/secure.gravatar.com\/avatar\/13848386d61634190fd948f9c9942d9dbd215b2fb0cc6c7462a7427b3f9d264e?s=96&d=mm&r=g","caption":"kevin"},"description":"26 ans, Paris. D\u00e9veloppeur web &amp; Blogueur.","sameAs":["http:\/\/www.kevinragonneau.fr\/blog","facebook","instagram"],"url":"https:\/\/kevinragonneau.fr\/blog\/author\/kevin"}]}},"_links":{"self":[{"href":"https:\/\/kevinragonneau.fr\/blog\/wp-json\/wp\/v2\/posts\/1768","targetHints":{"allow":["GET"]}}],"collection":[{"href":"https:\/\/kevinragonneau.fr\/blog\/wp-json\/wp\/v2\/posts"}],"about":[{"href":"https:\/\/kevinragonneau.fr\/blog\/wp-json\/wp\/v2\/types\/post"}],"author":[{"embeddable":true,"href":"https:\/\/kevinragonneau.fr\/blog\/wp-json\/wp\/v2\/users\/1"}],"replies":[{"embeddable":true,"href":"https:\/\/kevinragonneau.fr\/blog\/wp-json\/wp\/v2\/comments?post=1768"}],"version-history":[{"count":0,"href":"https:\/\/kevinragonneau.fr\/blog\/wp-json\/wp\/v2\/posts\/1768\/revisions"}],"wp:featuredmedia":[{"embeddable":true,"href":"https:\/\/kevinragonneau.fr\/blog\/wp-json\/wp\/v2\/media\/1794"}],"wp:attachment":[{"href":"https:\/\/kevinragonneau.fr\/blog\/wp-json\/wp\/v2\/media?parent=1768"}],"wp:term":[{"taxonomy":"category","embeddable":true,"href":"https:\/\/kevinragonneau.fr\/blog\/wp-json\/wp\/v2\/categories?post=1768"},{"taxonomy":"post_tag","embeddable":true,"href":"https:\/\/kevinragonneau.fr\/blog\/wp-json\/wp\/v2\/tags?post=1768"},{"taxonomy":"powerkit_post_featured","embeddable":true,"href":"https:\/\/kevinragonneau.fr\/blog\/wp-json\/wp\/v2\/powerkit_post_featured?post=1768"}],"curies":[{"name":"wp","href":"https:\/\/api.w.org\/{rel}","templated":true}]}}