{"id":1773,"date":"2016-09-30T11:11:29","date_gmt":"2016-09-30T11:11:29","guid":{"rendered":"http:\/\/kevinragonneau.fr\/blog\/?p=1773"},"modified":"2017-04-26T15:40:56","modified_gmt":"2017-04-26T15:40:56","slug":"dimanche-a-tour-eiffel","status":"publish","type":"post","link":"https:\/\/kevinragonneau.fr\/blog\/dimanche-a-tour-eiffel","title":{"rendered":"Un dimanche \u00e0 la Tour Eiffel"},"content":{"rendered":"<p class=\"p1\"><span class=\"s1\">Yo tout le monde ! J\u2019esp\u00e8re que vous allez bien ? Pour ma part tout roule et je pense que ce shooting sous le soleil parisien, \u00e0 la Tour Eiffel traduit parfaitement le fun de mes week-ends qui arrivent. Je me suis vraiment \u00e9clat\u00e9 lors de cette journ\u00e9e durant laquelle nous \u00e9tions \u00e0 la base partis prendre des photos pour couvrir l\u2019\u00e9v\u00e8nement <a href=\"http:\/\/kevinragonneau.fr\/blog\/quiz-connais-vraiment-pokemon\">Pokemon Go<\/a> avec mon pote Edward, mais comme souvent, nous n\u2019avons pas r\u00e9sist\u00e9 \u00e0 faire pas mal d\u2019autres photos que j\u2019ai h\u00e2te de vous montrer !<\/span><\/p>\n<h2 id=\"un-touriste-devant-la-tour-eiffel-ou-ca\" class=\"p1\"><span class=\"s2\">Un touriste devant la Tour Eiffel ? O\u00f9 \u00e7a ? <\/span><\/h2>\n<p class=\"p1\"><span class=\"s1\">\u00ab\u00a0Parisian blogger\u00a0\u00bb est une phrase que j\u2019avais mise il y a quelques mois comme description dans ma bio <a href=\"http:\/\/instagram.com\/kevinragonneau\" target=\"_blank\">instagram<\/a>. J\u2019ai depuis quelque peu chang\u00e9 celle-ci, mais je tenais quand m\u00eame absolument \u00e0 faire au moins un shooting devant la Tour Eiffel. Cette majestueuse dame de fer qui a elle seule arrive \u00e0 repr\u00e9senter Paris de la plus belle des fa\u00e7ons. <\/span><\/p>\n<p class=\"p1\"><span class=\"s1\">Nous nous y sommes donc donn\u00e9 rendez-vous un dimanche apr\u00e8s-midi afin d\u2019y shooter un look ensemble, sous un soleil de plomb qui fait du bien au moral \ud83d\ude42<\/span><\/p>\n<p class=\"p1\"><img loading=\"lazy\" decoding=\"async\" class=\"aligncenter wp-image-1781 size-large\" src=\"http:\/\/kevinragonneau.fr\/blog\/wp-content\/uploads\/2016\/09\/GC7A7169-1024x683.jpg\" alt=\"Belle photo Tour Eiffel\" width=\"780\" height=\"520\" \/><\/p>\n<p class=\"p1\"><img loading=\"lazy\" decoding=\"async\" class=\"aligncenter wp-image-1783 size-large\" src=\"http:\/\/kevinragonneau.fr\/blog\/wp-content\/uploads\/2016\/09\/GC7A7145-1024x683.jpg\" alt=\"Saut devant la tour eiffel\" width=\"780\" height=\"520\" \/><\/p>\n<h2 id=\"comment-prendre-des-photos-devant-la-tour-eiffel-sans-personne-derriere\" class=\"p1\"><span class=\"s2\">Comment prendre des photos devant la tour Eiffel, sans personne derri\u00e8re ?<\/span><\/h2>\n<p class=\"p1\"><span class=\"s1\">Comme vous le remarquerez sur mes photos, on a l\u2019impression que je suis alone devant la tour Eiffel, sans aucune autres personnes autour. Or, comme tous les jours \u00e0 cet endroit-l\u00e0 il y a bien des centaines &amp; des centaines de personnes autour de moi. Il nous a donc fallu trouver un moyen de cr\u00e9er cette illusion. C\u2019est en fait facilement faisable en se positionnant au niveau des jets d\u2019eau en haut du Trocad\u00e9ro\u2026 une fois ceux-ci \u00e9teints, \u00e9videmment \ud83d\ude09<br \/>\n<\/span><\/p>\n<p class=\"p1\"><img loading=\"lazy\" decoding=\"async\" class=\"aligncenter wp-image-1784 size-large\" src=\"http:\/\/kevinragonneau.fr\/blog\/wp-content\/uploads\/2016\/09\/GC7A7162-1024x683.jpg\" alt=\"Kevin Ragonneau Tour Eiffel\" width=\"780\" height=\"520\" \/><\/p>\n<h3 id=\"ma-tenue-en-photos\" class=\"p1\"><span class=\"s2\">Ma tenue en photos <\/span><\/h3>\n<p class=\"p1\"><span class=\"s1\">Pour cette journ\u00e9e \u00e0 fl\u00e2ner dans les rues de Paris, j\u2019ai choisi un look simpliste mais toujours efficace ! Un t-shirt en maille noir, un chino bleu fonc\u00e9 de chez Zara &amp; <a href=\"http:\/\/kevinragonneau.fr\/blog\/mes-chaussures-du-moment-barons-papillom-et-faguo\">ma paire pr\u00e9f\u00e9r\u00e9 de Faguo aux pieds<\/a>. Pour les accessoires, ma montre comme mes lunettes de soleil viennent de chez Kapten and Son.<\/span><\/p>\n<p class=\"p1\"><span class=\"s1\">Toutes les photos ont \u00e9t\u00e9 prises par <a href=\"http:\/\/instagram.com\/edwardspict\/\" target=\"_blank\">Edward Berthelot<\/a> au Trocad\u00e9ro.<\/span><\/p>\n<p class=\"p1\" style=\"text-align: center;\"><img loading=\"lazy\" decoding=\"async\" class=\"aligncenter wp-image-1785 size-large\" src=\"http:\/\/kevinragonneau.fr\/blog\/wp-content\/uploads\/2016\/09\/GC7A7118-2-683x1024.jpg\" alt=\"Kevin Ragonneau Tour Eiffel\" width=\"683\" height=\"1024\" \/><em>Chaussures : Faguo<\/em><\/p>\n<p class=\"p1\" style=\"text-align: center;\"><img loading=\"lazy\" decoding=\"async\" class=\"aligncenter wp-image-1778 size-large\" src=\"http:\/\/kevinragonneau.fr\/blog\/wp-content\/uploads\/2016\/09\/GC7A7197-1024x683.jpg\" alt=\"Photo devant la Tour Eiffel\" width=\"780\" height=\"520\" \/><em>T-shirt et pantalon : Zara<\/em><\/p>\n<p class=\"p1\" style=\"text-align: center;\"><img loading=\"lazy\" decoding=\"async\" class=\"aligncenter wp-image-1779 size-large\" src=\"http:\/\/kevinragonneau.fr\/blog\/wp-content\/uploads\/2016\/09\/GC7A7185-1024x683.jpg\" alt=\"Shooting devant la tour eiffel\" width=\"780\" height=\"520\" \/><em>Lunettes de soleil &amp; montre : <a href=\"http:\/\/kapten-son.fr\" target=\"_blank\">Kapten and Son<\/a><\/em><\/p>\n<p class=\"p1\" style=\"text-align: center;\"><img loading=\"lazy\" decoding=\"async\" class=\"aligncenter wp-image-1780 size-large\" src=\"http:\/\/kevinragonneau.fr\/blog\/wp-content\/uploads\/2016\/09\/GC7A7175-1024x683.jpg\" alt=\"A man in front of Tour EIffel\" width=\"780\" height=\"520\" \/><\/p>\n<p class=\"p1\"><span class=\"s1\">J\u2019esp\u00e8re que ce shooting vous plaira ! \u00c0 tr\u00e8s vite pour un nouvel article \ud83d\ude42<\/span><\/p>\n<p class=\"p1\"><img loading=\"lazy\" decoding=\"async\" class=\"size-medium wp-image-650 alignright\" src=\"http:\/\/kevinragonneau.fr\/blog\/wp-content\/uploads\/2016\/02\/signatureblog-300x83.png\" alt=\"Kevin Ragonneau\" width=\"300\" height=\"83\" \/><\/p>\n","protected":false},"excerpt":{"rendered":"<p>Yo tout le monde ! J\u2019esp\u00e8re que vous allez bien ? Pour ma part tout roule et je pense que ce shooting sous le soleil parisien, \u00e0 la Tour Eiffel&hellip;<\/p>\n","protected":false},"author":1,"featured_media":1782,"comment_status":"open","ping_status":"open","sticky":false,"template":"","format":"standard","meta":{"footnotes":""},"categories":[339],"tags":[],"powerkit_post_featured":[],"class_list":{"0":"post-1773","1":"post","2":"type-post","3":"status-publish","4":"format-standard","5":"has-post-thumbnail","7":"category-mode"},"yoast_head":"<!-- This site is optimized with the Yoast SEO plugin v27.4 - https:\/\/yoast.com\/product\/yoast-seo-wordpress\/ -->\n<title>Un dimanche \u00e0 la Tour Eiffel<\/title>\n<meta name=\"robots\" content=\"index, follow, max-snippet:-1, max-image-preview:large, max-video-preview:-1\" \/>\n<link rel=\"canonical\" href=\"https:\/\/kevinragonneau.fr\/blog\/dimanche-a-tour-eiffel\" \/>\n<meta property=\"og:locale\" content=\"fr_FR\" \/>\n<meta property=\"og:type\" content=\"article\" \/>\n<meta property=\"og:title\" content=\"Un dimanche \u00e0 la Tour Eiffel\" \/>\n<meta property=\"og:description\" content=\"Yo tout le monde ! J\u2019esp\u00e8re que vous allez bien ? Pour ma part tout roule et je pense que ce shooting sous le soleil parisien, \u00e0 la Tour Eiffel&hellip;\" \/>\n<meta property=\"og:url\" content=\"https:\/\/kevinragonneau.fr\/blog\/dimanche-a-tour-eiffel\" \/>\n<meta property=\"og:site_name\" content=\"Kevin Ragonneau\" \/>\n<meta property=\"article:publisher\" content=\"http:\/\/facebook.com\/kevinragonneau\" \/>\n<meta property=\"article:author\" content=\"facebook\" \/>\n<meta property=\"article:published_time\" content=\"2016-09-30T11:11:29+00:00\" \/>\n<meta property=\"article:modified_time\" content=\"2017-04-26T15:40:56+00:00\" \/>\n<meta property=\"og:image\" content=\"https:\/\/kevinragonneau.fr\/blog\/wp-content\/uploads\/2016\/09\/GC7A7155-1.jpg\" \/>\n\t<meta property=\"og:image:width\" content=\"2000\" \/>\n\t<meta property=\"og:image:height\" content=\"1333\" \/>\n\t<meta property=\"og:image:type\" content=\"image\/jpeg\" \/>\n<meta name=\"author\" content=\"kevin\" \/>\n<meta name=\"twitter:card\" content=\"summary_large_image\" \/>\n<meta name=\"twitter:creator\" content=\"@K_Ragonneau\" \/>\n<meta name=\"twitter:site\" content=\"@K_Ragonneau\" \/>\n<meta name=\"twitter:label1\" content=\"\u00c9crit par\" \/>\n\t<meta name=\"twitter:data1\" content=\"kevin\" \/>\n\t<meta name=\"twitter:label2\" content=\"Dur\u00e9e de lecture estim\u00e9e\" \/>\n\t<meta name=\"twitter:data2\" content=\"2 minutes\" \/>\n<script type=\"application\/ld+json\" class=\"yoast-schema-graph\">{\"@context\":\"https:\\\/\\\/schema.org\",\"@graph\":[{\"@type\":\"Article\",\"@id\":\"https:\\\/\\\/kevinragonneau.fr\\\/blog\\\/dimanche-a-tour-eiffel#article\",\"isPartOf\":{\"@id\":\"https:\\\/\\\/kevinragonneau.fr\\\/blog\\\/dimanche-a-tour-eiffel\"},\"author\":{\"name\":\"kevin\",\"@id\":\"https:\\\/\\\/kevinragonneau.fr\\\/blog\\\/#\\\/schema\\\/person\\\/699d420145eef6a72e6ee2874017089b\"},\"headline\":\"Un dimanche \u00e0 la Tour Eiffel\",\"datePublished\":\"2016-09-30T11:11:29+00:00\",\"dateModified\":\"2017-04-26T15:40:56+00:00\",\"mainEntityOfPage\":{\"@id\":\"https:\\\/\\\/kevinragonneau.fr\\\/blog\\\/dimanche-a-tour-eiffel\"},\"wordCount\":397,\"commentCount\":2,\"image\":{\"@id\":\"https:\\\/\\\/kevinragonneau.fr\\\/blog\\\/dimanche-a-tour-eiffel#primaryimage\"},\"thumbnailUrl\":\"https:\\\/\\\/kevinragonneau.fr\\\/blog\\\/wp-content\\\/uploads\\\/2016\\\/09\\\/GC7A7155-1.jpg\",\"articleSection\":[\"Mode\"],\"inLanguage\":\"fr-FR\",\"potentialAction\":[{\"@type\":\"CommentAction\",\"name\":\"Comment\",\"target\":[\"https:\\\/\\\/kevinragonneau.fr\\\/blog\\\/dimanche-a-tour-eiffel#respond\"]}]},{\"@type\":\"WebPage\",\"@id\":\"https:\\\/\\\/kevinragonneau.fr\\\/blog\\\/dimanche-a-tour-eiffel\",\"url\":\"https:\\\/\\\/kevinragonneau.fr\\\/blog\\\/dimanche-a-tour-eiffel\",\"name\":\"Un dimanche \u00e0 la Tour Eiffel\",\"isPartOf\":{\"@id\":\"https:\\\/\\\/kevinragonneau.fr\\\/blog\\\/#website\"},\"primaryImageOfPage\":{\"@id\":\"https:\\\/\\\/kevinragonneau.fr\\\/blog\\\/dimanche-a-tour-eiffel#primaryimage\"},\"image\":{\"@id\":\"https:\\\/\\\/kevinragonneau.fr\\\/blog\\\/dimanche-a-tour-eiffel#primaryimage\"},\"thumbnailUrl\":\"https:\\\/\\\/kevinragonneau.fr\\\/blog\\\/wp-content\\\/uploads\\\/2016\\\/09\\\/GC7A7155-1.jpg\",\"datePublished\":\"2016-09-30T11:11:29+00:00\",\"dateModified\":\"2017-04-26T15:40:56+00:00\",\"author\":{\"@id\":\"https:\\\/\\\/kevinragonneau.fr\\\/blog\\\/#\\\/schema\\\/person\\\/699d420145eef6a72e6ee2874017089b\"},\"breadcrumb\":{\"@id\":\"https:\\\/\\\/kevinragonneau.fr\\\/blog\\\/dimanche-a-tour-eiffel#breadcrumb\"},\"inLanguage\":\"fr-FR\",\"potentialAction\":[{\"@type\":\"ReadAction\",\"target\":[\"https:\\\/\\\/kevinragonneau.fr\\\/blog\\\/dimanche-a-tour-eiffel\"]}]},{\"@type\":\"ImageObject\",\"inLanguage\":\"fr-FR\",\"@id\":\"https:\\\/\\\/kevinragonneau.fr\\\/blog\\\/dimanche-a-tour-eiffel#primaryimage\",\"url\":\"https:\\\/\\\/kevinragonneau.fr\\\/blog\\\/wp-content\\\/uploads\\\/2016\\\/09\\\/GC7A7155-1.jpg\",\"contentUrl\":\"https:\\\/\\\/kevinragonneau.fr\\\/blog\\\/wp-content\\\/uploads\\\/2016\\\/09\\\/GC7A7155-1.jpg\",\"width\":2000,\"height\":1333,\"caption\":\"magnifique photo paris tour eiffel\"},{\"@type\":\"BreadcrumbList\",\"@id\":\"https:\\\/\\\/kevinragonneau.fr\\\/blog\\\/dimanche-a-tour-eiffel#breadcrumb\",\"itemListElement\":[{\"@type\":\"ListItem\",\"position\":1,\"name\":\"Accueil\",\"item\":\"https:\\\/\\\/kevinragonneau.fr\\\/blog\\\/\"},{\"@type\":\"ListItem\",\"position\":2,\"name\":\"Un dimanche \u00e0 la Tour Eiffel\"}]},{\"@type\":\"WebSite\",\"@id\":\"https:\\\/\\\/kevinragonneau.fr\\\/blog\\\/#website\",\"url\":\"https:\\\/\\\/kevinragonneau.fr\\\/blog\\\/\",\"name\":\"Blog Lifestyle : Conseils de Voyage, Mode, Marketing Digital et Vie de Famille Inspirante\",\"description\":\"Blog Lifestyle : Conseils de Voyage, Mode, Marketing Digital et Vie de Famille Inspirante\",\"alternateName\":\"Blog de Kevin Ragonneau\",\"potentialAction\":[{\"@type\":\"SearchAction\",\"target\":{\"@type\":\"EntryPoint\",\"urlTemplate\":\"https:\\\/\\\/kevinragonneau.fr\\\/blog\\\/?s={search_term_string}\"},\"query-input\":{\"@type\":\"PropertyValueSpecification\",\"valueRequired\":true,\"valueName\":\"search_term_string\"}}],\"inLanguage\":\"fr-FR\"},{\"@type\":\"Person\",\"@id\":\"https:\\\/\\\/kevinragonneau.fr\\\/blog\\\/#\\\/schema\\\/person\\\/699d420145eef6a72e6ee2874017089b\",\"name\":\"kevin\",\"image\":{\"@type\":\"ImageObject\",\"inLanguage\":\"fr-FR\",\"@id\":\"https:\\\/\\\/secure.gravatar.com\\\/avatar\\\/13848386d61634190fd948f9c9942d9dbd215b2fb0cc6c7462a7427b3f9d264e?s=96&d=mm&r=g\",\"url\":\"https:\\\/\\\/secure.gravatar.com\\\/avatar\\\/13848386d61634190fd948f9c9942d9dbd215b2fb0cc6c7462a7427b3f9d264e?s=96&d=mm&r=g\",\"contentUrl\":\"https:\\\/\\\/secure.gravatar.com\\\/avatar\\\/13848386d61634190fd948f9c9942d9dbd215b2fb0cc6c7462a7427b3f9d264e?s=96&d=mm&r=g\",\"caption\":\"kevin\"},\"description\":\"26 ans, Paris. D\u00e9veloppeur web &amp; Blogueur.\",\"sameAs\":[\"http:\\\/\\\/www.kevinragonneau.fr\\\/blog\",\"facebook\",\"instagram\"],\"url\":\"https:\\\/\\\/kevinragonneau.fr\\\/blog\\\/author\\\/kevin\"}]}<\/script>\n<!-- \/ Yoast SEO plugin. -->","yoast_head_json":{"title":"Un dimanche \u00e0 la Tour Eiffel","robots":{"index":"index","follow":"follow","max-snippet":"max-snippet:-1","max-image-preview":"max-image-preview:large","max-video-preview":"max-video-preview:-1"},"canonical":"https:\/\/kevinragonneau.fr\/blog\/dimanche-a-tour-eiffel","og_locale":"fr_FR","og_type":"article","og_title":"Un dimanche \u00e0 la Tour Eiffel","og_description":"Yo tout le monde ! J\u2019esp\u00e8re que vous allez bien ? Pour ma part tout roule et je pense que ce shooting sous le soleil parisien, \u00e0 la Tour Eiffel&hellip;","og_url":"https:\/\/kevinragonneau.fr\/blog\/dimanche-a-tour-eiffel","og_site_name":"Kevin Ragonneau","article_publisher":"http:\/\/facebook.com\/kevinragonneau","article_author":"facebook","article_published_time":"2016-09-30T11:11:29+00:00","article_modified_time":"2017-04-26T15:40:56+00:00","og_image":[{"width":2000,"height":1333,"url":"https:\/\/kevinragonneau.fr\/blog\/wp-content\/uploads\/2016\/09\/GC7A7155-1.jpg","type":"image\/jpeg"}],"author":"kevin","twitter_card":"summary_large_image","twitter_creator":"@K_Ragonneau","twitter_site":"@K_Ragonneau","twitter_misc":{"\u00c9crit par":"kevin","Dur\u00e9e de lecture estim\u00e9e":"2 minutes"},"schema":{"@context":"https:\/\/schema.org","@graph":[{"@type":"Article","@id":"https:\/\/kevinragonneau.fr\/blog\/dimanche-a-tour-eiffel#article","isPartOf":{"@id":"https:\/\/kevinragonneau.fr\/blog\/dimanche-a-tour-eiffel"},"author":{"name":"kevin","@id":"https:\/\/kevinragonneau.fr\/blog\/#\/schema\/person\/699d420145eef6a72e6ee2874017089b"},"headline":"Un dimanche \u00e0 la Tour Eiffel","datePublished":"2016-09-30T11:11:29+00:00","dateModified":"2017-04-26T15:40:56+00:00","mainEntityOfPage":{"@id":"https:\/\/kevinragonneau.fr\/blog\/dimanche-a-tour-eiffel"},"wordCount":397,"commentCount":2,"image":{"@id":"https:\/\/kevinragonneau.fr\/blog\/dimanche-a-tour-eiffel#primaryimage"},"thumbnailUrl":"https:\/\/kevinragonneau.fr\/blog\/wp-content\/uploads\/2016\/09\/GC7A7155-1.jpg","articleSection":["Mode"],"inLanguage":"fr-FR","potentialAction":[{"@type":"CommentAction","name":"Comment","target":["https:\/\/kevinragonneau.fr\/blog\/dimanche-a-tour-eiffel#respond"]}]},{"@type":"WebPage","@id":"https:\/\/kevinragonneau.fr\/blog\/dimanche-a-tour-eiffel","url":"https:\/\/kevinragonneau.fr\/blog\/dimanche-a-tour-eiffel","name":"Un dimanche \u00e0 la Tour Eiffel","isPartOf":{"@id":"https:\/\/kevinragonneau.fr\/blog\/#website"},"primaryImageOfPage":{"@id":"https:\/\/kevinragonneau.fr\/blog\/dimanche-a-tour-eiffel#primaryimage"},"image":{"@id":"https:\/\/kevinragonneau.fr\/blog\/dimanche-a-tour-eiffel#primaryimage"},"thumbnailUrl":"https:\/\/kevinragonneau.fr\/blog\/wp-content\/uploads\/2016\/09\/GC7A7155-1.jpg","datePublished":"2016-09-30T11:11:29+00:00","dateModified":"2017-04-26T15:40:56+00:00","author":{"@id":"https:\/\/kevinragonneau.fr\/blog\/#\/schema\/person\/699d420145eef6a72e6ee2874017089b"},"breadcrumb":{"@id":"https:\/\/kevinragonneau.fr\/blog\/dimanche-a-tour-eiffel#breadcrumb"},"inLanguage":"fr-FR","potentialAction":[{"@type":"ReadAction","target":["https:\/\/kevinragonneau.fr\/blog\/dimanche-a-tour-eiffel"]}]},{"@type":"ImageObject","inLanguage":"fr-FR","@id":"https:\/\/kevinragonneau.fr\/blog\/dimanche-a-tour-eiffel#primaryimage","url":"https:\/\/kevinragonneau.fr\/blog\/wp-content\/uploads\/2016\/09\/GC7A7155-1.jpg","contentUrl":"https:\/\/kevinragonneau.fr\/blog\/wp-content\/uploads\/2016\/09\/GC7A7155-1.jpg","width":2000,"height":1333,"caption":"magnifique photo paris tour eiffel"},{"@type":"BreadcrumbList","@id":"https:\/\/kevinragonneau.fr\/blog\/dimanche-a-tour-eiffel#breadcrumb","itemListElement":[{"@type":"ListItem","position":1,"name":"Accueil","item":"https:\/\/kevinragonneau.fr\/blog\/"},{"@type":"ListItem","position":2,"name":"Un dimanche \u00e0 la Tour Eiffel"}]},{"@type":"WebSite","@id":"https:\/\/kevinragonneau.fr\/blog\/#website","url":"https:\/\/kevinragonneau.fr\/blog\/","name":"Blog Lifestyle : Conseils de Voyage, Mode, Marketing Digital et Vie de Famille Inspirante","description":"Blog Lifestyle : Conseils de Voyage, Mode, Marketing Digital et Vie de Famille Inspirante","alternateName":"Blog de Kevin Ragonneau","potentialAction":[{"@type":"SearchAction","target":{"@type":"EntryPoint","urlTemplate":"https:\/\/kevinragonneau.fr\/blog\/?s={search_term_string}"},"query-input":{"@type":"PropertyValueSpecification","valueRequired":true,"valueName":"search_term_string"}}],"inLanguage":"fr-FR"},{"@type":"Person","@id":"https:\/\/kevinragonneau.fr\/blog\/#\/schema\/person\/699d420145eef6a72e6ee2874017089b","name":"kevin","image":{"@type":"ImageObject","inLanguage":"fr-FR","@id":"https:\/\/secure.gravatar.com\/avatar\/13848386d61634190fd948f9c9942d9dbd215b2fb0cc6c7462a7427b3f9d264e?s=96&d=mm&r=g","url":"https:\/\/secure.gravatar.com\/avatar\/13848386d61634190fd948f9c9942d9dbd215b2fb0cc6c7462a7427b3f9d264e?s=96&d=mm&r=g","contentUrl":"https:\/\/secure.gravatar.com\/avatar\/13848386d61634190fd948f9c9942d9dbd215b2fb0cc6c7462a7427b3f9d264e?s=96&d=mm&r=g","caption":"kevin"},"description":"26 ans, Paris. D\u00e9veloppeur web &amp; Blogueur.","sameAs":["http:\/\/www.kevinragonneau.fr\/blog","facebook","instagram"],"url":"https:\/\/kevinragonneau.fr\/blog\/author\/kevin"}]}},"_links":{"self":[{"href":"https:\/\/kevinragonneau.fr\/blog\/wp-json\/wp\/v2\/posts\/1773","targetHints":{"allow":["GET"]}}],"collection":[{"href":"https:\/\/kevinragonneau.fr\/blog\/wp-json\/wp\/v2\/posts"}],"about":[{"href":"https:\/\/kevinragonneau.fr\/blog\/wp-json\/wp\/v2\/types\/post"}],"author":[{"embeddable":true,"href":"https:\/\/kevinragonneau.fr\/blog\/wp-json\/wp\/v2\/users\/1"}],"replies":[{"embeddable":true,"href":"https:\/\/kevinragonneau.fr\/blog\/wp-json\/wp\/v2\/comments?post=1773"}],"version-history":[{"count":0,"href":"https:\/\/kevinragonneau.fr\/blog\/wp-json\/wp\/v2\/posts\/1773\/revisions"}],"wp:featuredmedia":[{"embeddable":true,"href":"https:\/\/kevinragonneau.fr\/blog\/wp-json\/wp\/v2\/media\/1782"}],"wp:attachment":[{"href":"https:\/\/kevinragonneau.fr\/blog\/wp-json\/wp\/v2\/media?parent=1773"}],"wp:term":[{"taxonomy":"category","embeddable":true,"href":"https:\/\/kevinragonneau.fr\/blog\/wp-json\/wp\/v2\/categories?post=1773"},{"taxonomy":"post_tag","embeddable":true,"href":"https:\/\/kevinragonneau.fr\/blog\/wp-json\/wp\/v2\/tags?post=1773"},{"taxonomy":"powerkit_post_featured","embeddable":true,"href":"https:\/\/kevinragonneau.fr\/blog\/wp-json\/wp\/v2\/powerkit_post_featured?post=1773"}],"curies":[{"name":"wp","href":"https:\/\/api.w.org\/{rel}","templated":true}]}}