{"id":1955,"date":"2016-11-28T21:45:15","date_gmt":"2016-11-28T21:45:15","guid":{"rendered":"http:\/\/kevinragonneau.fr\/blog\/?p=1955"},"modified":"2021-05-05T12:27:11","modified_gmt":"2021-05-05T10:27:11","slug":"sejour-aux-fermes-de-marie-a-megeve-france","status":"publish","type":"post","link":"https:\/\/kevinragonneau.fr\/blog\/sejour-aux-fermes-de-marie-a-megeve-france","title":{"rendered":"Mon s\u00e9jour aux Fermes de Marie, \u00e0 Meg\u00e8ve (France)"},"content":{"rendered":"<p>Ayant 4 jours de libre d\u00e9but novembre, nous nous sommes mis rapidement \u00e0 chercher o\u00f9 nous pourrions partir pour profiter au mieux de ces quelques jours de cong\u00e9s. \u00a0Je voulais <a href=\"http:\/\/kevinragonneau.fr\/blog\/grande-evasion-tic-tac-breeze\" target=\"_blank\" rel=\"noopener noreferrer\">d\u00e9couvrir de nouveaux paysages<\/a> et vraiment sentir un d\u00e9paysement total&#8230; le tout accessible en voiture sans y\u00a0perdre plus de 5 &#8211; 6 heures !\u00a0Apr\u00e8s pas mal de temps pass\u00e9 sur Internet, je me suis arr\u00eat\u00e9 sur les Alpes et plus particuli\u00e8rement le village de Meg\u00e8ve !<\/p>\n<h2 id=\"les-fermes-de-marie-un-hotel-5-etoiles-en-plein-coeur-des-alpes\">Les fermes de Marie,\u00a0un h\u00f4tel 5 \u00e9toiles en plein coeur des Alpes<\/h2>\n<p>Une fois notre destination choisie, il ne me manquait plus qu&rsquo;\u00e0 trouver un h\u00f4tel si je ne voulais pas \u00eatre contraint de checker les tutos Youtube \u00ab\u00a0<a href=\"https:\/\/www.youtube.com\/watch?v=BHRIxMAyhHo\" target=\"_blank\" rel=\"noopener noreferrer\">comment construire un Igloo<\/a>\u00ab\u00a0. Je suis tomb\u00e9 sur le site <a href=\"https:\/\/www.experience-sibuet.com\/#!experiences\/hiver\/voyages-luxe\" target=\"_blank\" rel=\"noopener noreferrer\">Exp\u00e9rience Sibuet<\/a>\u00a0et j&rsquo;ai tout de suite rep\u00e9r\u00e9 un de leurs \u00e9tablissements&#8230; les fermes de Marie, \u00e0 Meg\u00e8ve !<\/p>\n<p><img loading=\"lazy\" decoding=\"async\" class=\"aligncenter wp-image-2007 size-large\" src=\"http:\/\/kevinragonneau.fr\/blog\/wp-content\/uploads\/2016\/11\/IMG_9633-e1480037025616-1024x1024.jpg\" alt=\"img_9633\" width=\"780\" height=\"780\" \/><\/p>\n<h2 id=\"megeve-un-village-dynamique-typiquement-savoyard\">Meg\u00e8ve, un village dynamique typiquement savoyard<\/h2>\n<p>En plein coeur d&rsquo;un impressionnant massif alpin\u00a0(le mont Blanc, le mont Charvin, les aiguilles de Chamonix, les cha\u00eenes de Warrens et des Aravis&#8230;), Meg\u00e8ve est une destination hivernale parfaite pour profiter de tous les plaisirs et toutes les activit\u00e9s de la neige.<\/p>\n<p>Pour nous qui y sommes all\u00e9s en mi-saison automnale, je ne peux que vous conseiller les superbes promenades en montagne qui vous r\u00e9servent d&rsquo;impressionnants panoramas ! Vous allez en prendre plein la vue et plein les oreilles (tellement le calme est audible !).\u00a0Je vous ferais un petit r\u00e9cap&rsquo; des choses \u00e0 faire dans le coin tr\u00e8s prochainement \ud83d\ude42<\/p>\n<p><img loading=\"lazy\" decoding=\"async\" class=\"aligncenter wp-image-2001 size-large\" src=\"http:\/\/kevinragonneau.fr\/blog\/wp-content\/uploads\/2016\/11\/IMG_9555-1024x683.jpg\" alt=\"Les alpes en automne\" width=\"780\" height=\"520\" \/><\/p>\n<p>Pour vous le situer rapidement, Meg\u00e8ve est une commune situ\u00e9e dans le d\u00e9partement de la Haute-Savoie, en r\u00e9gion Auvergne-Rh\u00f4ne-Alpes (merci wiki!). Bon, concr\u00e8tement j&rsquo;ai mis 6h en voiture de Paris pour y aller ; 1h15 pour faire\u00a0Meg\u00e8ve &gt; Annecy et 1h00 pour aller de Gen\u00e8ve (Suisse) \u00e0 Meg\u00e8ve again. Si vous ne\u00a0voyez toujours pas&#8230; c&rsquo;est ici\u00a0&#x270c;&#xfe0f;<\/p>\n<p><img loading=\"lazy\" decoding=\"async\" class=\"aligncenter wp-image-1989 size-large\" src=\"http:\/\/kevinragonneau.fr\/blog\/wp-content\/uploads\/2016\/11\/Capture-d\u2019e\u0301cran-2016-11-25-a\u0300-01.25.27-1024x679.png\" alt=\"meg\u00e8ve sur une carte\" width=\"780\" height=\"517\" \/><\/p>\n<h2 id=\"un-lieu-de-tradition-et-de-charme\">Un lieu de tradition et de charme<\/h2>\n<p>\u00c0 peine arriv\u00e9s \u00e0 l&rsquo;h\u00f4tel, une personne de l&rsquo;\u00e9tablissement vient nous aider \u00e0 porter les sacs et garer la voiture. Ici tout est dans le luxe discret mais de qualit\u00e9. C&rsquo;est tellement agr\u00e9able ! \u00c0 l&rsquo;int\u00e9rieur, nous sommes surpris \u00e0 faire un grand \u00ab\u00a0waouh\u00a0\u00bb tout en se regardant&#8230; la r\u00e9ception\u00a0situ\u00e9e dans le chalet principal est exceptionnelle ! L&rsquo;architecture typique d&rsquo;un chalet montagnard parfaitement d\u00e9cor\u00e9 comme nous le voyons dans les films\u00a0n&rsquo;est ici pas un r\u00eave mais bien une r\u00e9alit\u00e9, c&rsquo;est magnifique ! Pour la suite, nous allons de surprises en surprises avec une visite de l&rsquo;h\u00f4tel et de son SPA avec piscine, salle de sport, Hammam, Jacuzzi int\u00e9rieur et ext\u00e9rieur&#8230; le paradis !<\/p>\n<p><img loading=\"lazy\" decoding=\"async\" class=\"aligncenter wp-image-1990 size-large\" src=\"http:\/\/kevinragonneau.fr\/blog\/wp-content\/uploads\/2016\/11\/IMG_9310-1024x683.jpg\" alt=\"Salon les fermes de marie\" width=\"780\" height=\"520\" \/><\/p>\n<p><img loading=\"lazy\" decoding=\"async\" class=\"aligncenter wp-image-1991 size-large\" src=\"http:\/\/kevinragonneau.fr\/blog\/wp-content\/uploads\/2016\/11\/IMG_9318-1024x683.jpg\" alt=\"Hotel 5 \u00e9toiles \u00e0 Meg\u00e8ve\" width=\"780\" height=\"520\" \/><\/p>\n<p><img loading=\"lazy\" decoding=\"async\" class=\"aligncenter wp-image-2030 size-large\" src=\"http:\/\/kevinragonneau.fr\/blog\/wp-content\/uploads\/2016\/11\/IMG_9275-1024x683.jpg\" alt=\"Salon de l'hotel les fermes de marie\" width=\"780\" height=\"520\" \/><\/p>\n<p><img loading=\"lazy\" decoding=\"async\" class=\"aligncenter wp-image-2009 size-large\" src=\"http:\/\/kevinragonneau.fr\/blog\/wp-content\/uploads\/2016\/11\/IMG_9641-1024x1024.jpg\" alt=\"Chambre d'hotel \u00e0 Megeve\" width=\"780\" height=\"780\" \/><\/p>\n<p>&nbsp;<\/p>\n<h3 id=\"la-decouverte-de-notre-chambre-le-luxe-authentique-et-abordable\">La d\u00e9couverte de notre chambre, le luxe authentique et abordable !<\/h3>\n<p>Nous avons pris une\u00a0\u00ab\u00a0Chambre coin salon\u00a0\u00bb de 32m2 pouvant accueillir jusqu&rsquo;\u00e0 3 personnes (1 grand lit + un canap\u00e9), qui est en ce moment \u00e0 260\u20ac la nuit. Un tarif qui vaut carr\u00e9ment le coup vu le lieu, la chambre et le service !!\u00a0Franchement, nous ne pouvions pas r\u00eaver mieux ! De la disposition \u00e0 la d\u00e9coration en passant par\u00a0la vue du balcon, tout \u00e9tait magnifique ! Je pourrais vous en parler des heures avec des yeux qui p\u00e9tillent voulant dire (on y retourne quaaaaand ?) mais je sais que vous attendez de voir tout \u00e7a alors voici quelques photos\u00a0de notre chambre \ud83d\ude42<\/p>\n<p><img loading=\"lazy\" decoding=\"async\" class=\"aligncenter wp-image-1993 size-large\" src=\"http:\/\/kevinragonneau.fr\/blog\/wp-content\/uploads\/2016\/11\/IMG_9352-1024x683.jpg\" alt=\"Hotel ski 5 etoiles\" width=\"780\" height=\"520\" \/><\/p>\n<p><img loading=\"lazy\" decoding=\"async\" class=\"aligncenter wp-image-1992 size-large\" src=\"http:\/\/kevinragonneau.fr\/blog\/wp-content\/uploads\/2016\/11\/IMG_9349-1024x683.jpg\" alt=\"Hotel de luxe dans les alpes\" width=\"780\" height=\"520\" \/><\/p>\n<p><img loading=\"lazy\" decoding=\"async\" class=\"aligncenter wp-image-2010 size-large\" src=\"http:\/\/kevinragonneau.fr\/blog\/wp-content\/uploads\/2016\/11\/IMG_9627-e1480037293686-1024x1024.jpg\" alt=\"chambre d'hotel les fermes de marie\" width=\"780\" height=\"780\" \/><\/p>\n<p><img loading=\"lazy\" decoding=\"async\" class=\"aligncenter wp-image-1994 size-large\" src=\"http:\/\/kevinragonneau.fr\/blog\/wp-content\/uploads\/2016\/11\/IMG_9355-1024x683.jpg\" alt=\"Salle de bain les fermes de marie\" width=\"780\" height=\"520\" \/><\/p>\n<h3 id=\"le-jacuzzi-exterieur-sorry-not-sorry\">Le jacuzzi ext\u00e9rieur, sorry not sorry !<\/h3>\n<p>Comme si tout cela ne suffisait pas, un SPA et un institut sont disponibles \u00e0 l&rsquo;int\u00e9rieur des fermes de\u00a0Marie ! Autant vous dire que nous avons bien profit\u00e9s de la piscine et des jacuzzis ! Je n&rsquo;avais jamais eu l&rsquo;occasion d&rsquo;en faire un en ext\u00e9rieur mais si j&rsquo;avais su.. j&rsquo;aurais cherch\u00e9 \u00e7a plus t\u00f4t ! C&rsquo;est carr\u00e9ment top (bon, \u00e0 part le moment o\u00f9 il faut sortir) et c&rsquo;est clair qu&rsquo;on y passerait bien des heures \u00e0 parler ou simplement se d\u00e9tendre et se reposer.<\/p>\n<h3 id=\"\"><img loading=\"lazy\" decoding=\"async\" class=\"aligncenter wp-image-1995 size-large\" src=\"http:\/\/kevinragonneau.fr\/blog\/wp-content\/uploads\/2016\/11\/IMG_9385-1024x683.jpg\" alt=\"Jacuzzi exterieur\" width=\"780\" height=\"520\" \/><\/h3>\n<p><img loading=\"lazy\" decoding=\"async\" class=\"aligncenter wp-image-2006 size-large\" src=\"http:\/\/kevinragonneau.fr\/blog\/wp-content\/uploads\/2016\/11\/IMG_9862-1024x768.jpg\" alt=\"salle de sport hotel les fermes de marie\" width=\"780\" height=\"585\" \/><\/p>\n<p><img loading=\"lazy\" decoding=\"async\" class=\"aligncenter wp-image-2031 size-large\" src=\"http:\/\/kevinragonneau.fr\/blog\/wp-content\/uploads\/2016\/11\/IMG_9617-1080x810-1024x768.jpg\" alt=\"piscine les fermes de marie\" width=\"780\" height=\"585\" srcset=\"https:\/\/kevinragonneau.fr\/blog\/wp-content\/uploads\/2016\/11\/IMG_9617-1080x810-1024x768.jpg 1024w, https:\/\/kevinragonneau.fr\/blog\/wp-content\/uploads\/2016\/11\/IMG_9617-1080x810-800x600.jpg 800w, https:\/\/kevinragonneau.fr\/blog\/wp-content\/uploads\/2016\/11\/IMG_9617-1080x810-320x240.jpg 320w, https:\/\/kevinragonneau.fr\/blog\/wp-content\/uploads\/2016\/11\/IMG_9617-1080x810-300x225.jpg 300w, https:\/\/kevinragonneau.fr\/blog\/wp-content\/uploads\/2016\/11\/IMG_9617-1080x810-120x90.jpg 120w, https:\/\/kevinragonneau.fr\/blog\/wp-content\/uploads\/2016\/11\/IMG_9617-1080x810-90x68.jpg 90w, https:\/\/kevinragonneau.fr\/blog\/wp-content\/uploads\/2016\/11\/IMG_9617-1080x810-560x420.jpg 560w, https:\/\/kevinragonneau.fr\/blog\/wp-content\/uploads\/2016\/11\/IMG_9617-1080x810.jpg 1080w\" sizes=\"auto, (max-width: 780px) 100vw, 780px\" \/><\/p>\n<p><img loading=\"lazy\" decoding=\"async\" class=\"aligncenter wp-image-1996 size-large\" src=\"http:\/\/kevinragonneau.fr\/blog\/wp-content\/uploads\/2016\/11\/IMG_9446-1024x683.jpg\" alt=\"Piscine hotel les fermes de marie\" width=\"780\" height=\"520\" \/><\/p>\n<h3 id=\"-2\"><img loading=\"lazy\" decoding=\"async\" class=\"aligncenter wp-image-2005 size-large\" src=\"http:\/\/kevinragonneau.fr\/blog\/wp-content\/uploads\/2016\/11\/IMG_9955-1024x768.jpg\" alt=\"men with coffee\" width=\"780\" height=\"585\" \/><\/h3>\n<h3 id=\"on-y-retourne\">On y retourne ?<\/h3>\n<p>Tr\u00e8s clairement, si j&rsquo;ai un jour\u00a0l&rsquo;occasion de retourner faire un tour du c\u00f4t\u00e9 des Alpes, que ce soit pour skier ou se d\u00e9tendre c&rsquo;est encore une fois cette adresse \u00e0 laquelle je penserai et que je vous conseille si vous allez dans le coin !<\/p>\n<h2 id=\"reserver-aux-fermes-de-marie\">R\u00e9server aux Fermes de Marie :<\/h2>\n<p>Toutes les informations sont disponibles sur le <a href=\"http:\/\/www.fermesdemarie.com\" target=\"_blank\" rel=\"noopener noreferrer\">site de l&rsquo;h\u00f4tel<\/a> ainsi que sur le site Experience Sibuet.<\/p>\n<p>Pour r\u00e9server directement :\u00a0<a href=\"https:\/\/booking.groupe-sibuet.com\" target=\"_blank\" rel=\"noopener noreferrer\">https:\/\/booking.groupe-sibuet.com<\/a><\/p>\n<h3 id=\"informations-supplementaires\">Informations suppl\u00e9mentaires :<\/h3>\n<div class=\"mod\" data-md=\"1002\" data-ved=\"0ahUKEwiHpJ602cLQAhVCsxQKHSddBt4QkCkIpAEoAzAS\">\n<div class=\"_eFb\">\n<div class=\"_mr kno-fb-ctx\" data-dtype=\"d3adr\" data-ved=\"0ahUKEwiHpJ602cLQAhVCsxQKHSddBt4QghwIpQEoADAS\"><span class=\"_xdb\"><a class=\"fl\" href=\"https:\/\/www.google.fr\/search?espv=2&amp;biw=1280&amp;bih=611&amp;site=webhp&amp;q=les+fermes+de+marie+adresse&amp;stick=H4sIAAAAAAAAAOPgE-LRT9c3NMrJMUrPzcnWks1OttLPyU9OLMnMz4MzrBJTUopSi4sBBpdRgC8AAAA&amp;sa=X&amp;ved=0ahUKEwiHpJ602cLQAhVCsxQKHSddBt4Q6BMIpgEwEg\" data-ved=\"0ahUKEwiHpJ602cLQAhVCsxQKHSddBt4Q6BMIpgEwEg\">Adresse<\/a>\u00a0: <\/span><span class=\"_Xbe\">163 Chemin de la Riante Colline, 74120 Meg\u00e8ve<\/span><\/div>\n<\/div>\n<\/div>\n<div class=\"mod\" data-md=\"1006\" data-ved=\"0ahUKEwiHpJ602cLQAhVCsxQKHSddBt4QkCkIpwEoBDAT\">\n<div class=\"_eFb\">\n<div class=\"_mr kno-fb-ctx\" data-dtype=\"d3ph\" data-ved=\"0ahUKEwiHpJ602cLQAhVCsxQKHSddBt4Q8I0BCKgBKAAwEw\"><span class=\"_xdb\"><a class=\"fl\" href=\"https:\/\/www.google.fr\/search?espv=2&amp;biw=1280&amp;bih=611&amp;site=webhp&amp;q=les+fermes+de+marie+t%C3%A9l%C3%A9phone&amp;stick=H4sIAAAAAAAAAOPgE-LRT9c3NMrJMUrPzcnW0s9OttJPzs_JSU0uyczP08_Oyy_PSU1JT40vSMxLzSnWz0gsji_IyM9LtQKTAEnwxEhBAAAA&amp;sa=X&amp;ved=0ahUKEwiHpJ602cLQAhVCsxQKHSddBt4Q6BMIqQEwEw\" data-ved=\"0ahUKEwiHpJ602cLQAhVCsxQKHSddBt4Q6BMIqQEwEw\">T\u00e9l\u00e9phone<\/a>\u00a0: <\/span><span class=\"_Xbe _ZWk kno-fv\"><a class=\"fl r-i07rtodTlvuI\" title=\"Appeler avec Hangouts\" data-number=\"+33450930310\" data-pstn-out-call-url=\"\" data-rtid=\"i07rtodTlvuI\" data-ved=\"0ahUKEwiHpJ602cLQAhVCsxQKHSddBt4QkAgIqgEwEw\">04 50 93 03 10<\/a><\/span><\/div>\n<\/div>\n<\/div>\n<div class=\"_mr kno-fb-ctx\" data-dtype=\"d3ph\" data-ved=\"0ahUKEwiHpJ602cLQAhVCsxQKHSddBt4Q8I0BCKgBKAAwEw\"><\/div>\n<div class=\"_mr kno-fb-ctx\" data-dtype=\"d3ph\" data-ved=\"0ahUKEwiHpJ602cLQAhVCsxQKHSddBt4Q8I0BCKgBKAAwEw\">J&rsquo;esp\u00e8re que cet article vous aura plu, \u00e0\u00a0tr\u00e8s vite\u00a0pour de nouvelles aventures !<\/div>\n<div class=\"_mr kno-fb-ctx\" data-dtype=\"d3ph\" data-ved=\"0ahUKEwiHpJ602cLQAhVCsxQKHSddBt4Q8I0BCKgBKAAwEw\"><img loading=\"lazy\" decoding=\"async\" class=\"size-medium wp-image-650 alignright\" src=\"http:\/\/kevinragonneau.fr\/blog\/wp-content\/uploads\/2016\/02\/signatureblog-300x83.png\" alt=\"signature\" width=\"300\" height=\"83\" \/><\/div>\n<div class=\"_mr kno-fb-ctx\" data-dtype=\"d3ph\" data-ved=\"0ahUKEwiHpJ602cLQAhVCsxQKHSddBt4Q8I0BCKgBKAAwEw\"><\/div>\n<div class=\"_mr kno-fb-ctx\" data-dtype=\"d3ph\" data-ved=\"0ahUKEwiHpJ602cLQAhVCsxQKHSddBt4Q8I0BCKgBKAAwEw\"><\/div>\n<div class=\"_mr kno-fb-ctx\" data-dtype=\"d3ph\" data-ved=\"0ahUKEwiHpJ602cLQAhVCsxQKHSddBt4Q8I0BCKgBKAAwEw\"><\/div>\n<p>&nbsp;<\/p>\n","protected":false},"excerpt":{"rendered":"<p>Ayant 4 jours de libre d\u00e9but novembre, nous nous sommes mis rapidement \u00e0 chercher o\u00f9 nous pourrions partir pour profiter au mieux de ces quelques jours de cong\u00e9s. \u00a0Je voulais&hellip;<\/p>\n","protected":false},"author":1,"featured_media":2311,"comment_status":"open","ping_status":"open","sticky":false,"template":"","format":"standard","meta":{"footnotes":""},"categories":[334,369,157],"tags":[],"powerkit_post_featured":[],"class_list":{"0":"post-1955","1":"post","2":"type-post","3":"status-publish","4":"format-standard","5":"has-post-thumbnail","7":"category-europe","8":"category-france","9":"category-voyage"},"yoast_head":"<!-- This site is optimized with the Yoast SEO plugin v27.4 - https:\/\/yoast.com\/product\/yoast-seo-wordpress\/ -->\n<title>Mon s\u00e9jour aux Fermes de Marie, \u00e0 Meg\u00e8ve (France)<\/title>\n<meta name=\"robots\" content=\"index, follow, max-snippet:-1, max-image-preview:large, max-video-preview:-1\" \/>\n<link rel=\"canonical\" href=\"https:\/\/kevinragonneau.fr\/blog\/sejour-aux-fermes-de-marie-a-megeve-france\" \/>\n<meta property=\"og:locale\" content=\"fr_FR\" \/>\n<meta property=\"og:type\" content=\"article\" \/>\n<meta property=\"og:title\" content=\"Mon s\u00e9jour aux Fermes de Marie, \u00e0 Meg\u00e8ve (France)\" \/>\n<meta property=\"og:description\" content=\"Ayant 4 jours de libre d\u00e9but novembre, nous nous sommes mis rapidement \u00e0 chercher o\u00f9 nous pourrions partir pour profiter au mieux de ces quelques jours de cong\u00e9s. \u00a0Je voulais&hellip;\" \/>\n<meta property=\"og:url\" content=\"https:\/\/kevinragonneau.fr\/blog\/sejour-aux-fermes-de-marie-a-megeve-france\" \/>\n<meta property=\"og:site_name\" content=\"Kevin Ragonneau\" \/>\n<meta property=\"article:publisher\" content=\"http:\/\/facebook.com\/kevinragonneau\" \/>\n<meta property=\"article:author\" content=\"facebook\" \/>\n<meta property=\"article:published_time\" content=\"2016-11-28T21:45:15+00:00\" \/>\n<meta property=\"article:modified_time\" content=\"2021-05-05T10:27:11+00:00\" \/>\n<meta property=\"og:image\" content=\"https:\/\/kevinragonneau.fr\/blog\/wp-content\/uploads\/2016\/12\/IMG_8989-2.jpg\" \/>\n\t<meta property=\"og:image:width\" content=\"1024\" \/>\n\t<meta property=\"og:image:height\" content=\"683\" \/>\n\t<meta property=\"og:image:type\" content=\"image\/jpeg\" \/>\n<meta name=\"author\" content=\"kevin\" \/>\n<meta name=\"twitter:card\" content=\"summary_large_image\" \/>\n<meta name=\"twitter:creator\" content=\"@K_Ragonneau\" \/>\n<meta name=\"twitter:site\" content=\"@K_Ragonneau\" \/>\n<meta name=\"twitter:label1\" content=\"\u00c9crit par\" \/>\n\t<meta name=\"twitter:data1\" content=\"kevin\" \/>\n\t<meta name=\"twitter:label2\" content=\"Dur\u00e9e de lecture estim\u00e9e\" \/>\n\t<meta name=\"twitter:data2\" content=\"4 minutes\" \/>\n<script type=\"application\/ld+json\" class=\"yoast-schema-graph\">{\"@context\":\"https:\\\/\\\/schema.org\",\"@graph\":[{\"@type\":\"Article\",\"@id\":\"https:\\\/\\\/kevinragonneau.fr\\\/blog\\\/sejour-aux-fermes-de-marie-a-megeve-france#article\",\"isPartOf\":{\"@id\":\"https:\\\/\\\/kevinragonneau.fr\\\/blog\\\/sejour-aux-fermes-de-marie-a-megeve-france\"},\"author\":{\"name\":\"kevin\",\"@id\":\"https:\\\/\\\/kevinragonneau.fr\\\/blog\\\/#\\\/schema\\\/person\\\/699d420145eef6a72e6ee2874017089b\"},\"headline\":\"Mon s\u00e9jour aux Fermes de Marie, \u00e0 Meg\u00e8ve (France)\",\"datePublished\":\"2016-11-28T21:45:15+00:00\",\"dateModified\":\"2021-05-05T10:27:11+00:00\",\"mainEntityOfPage\":{\"@id\":\"https:\\\/\\\/kevinragonneau.fr\\\/blog\\\/sejour-aux-fermes-de-marie-a-megeve-france\"},\"wordCount\":813,\"commentCount\":1,\"image\":{\"@id\":\"https:\\\/\\\/kevinragonneau.fr\\\/blog\\\/sejour-aux-fermes-de-marie-a-megeve-france#primaryimage\"},\"thumbnailUrl\":\"https:\\\/\\\/kevinragonneau.fr\\\/blog\\\/wp-content\\\/uploads\\\/2016\\\/12\\\/IMG_8989-2.jpg\",\"articleSection\":[\"Europe\",\"France\",\"Voyage\"],\"inLanguage\":\"fr-FR\",\"potentialAction\":[{\"@type\":\"CommentAction\",\"name\":\"Comment\",\"target\":[\"https:\\\/\\\/kevinragonneau.fr\\\/blog\\\/sejour-aux-fermes-de-marie-a-megeve-france#respond\"]}]},{\"@type\":\"WebPage\",\"@id\":\"https:\\\/\\\/kevinragonneau.fr\\\/blog\\\/sejour-aux-fermes-de-marie-a-megeve-france\",\"url\":\"https:\\\/\\\/kevinragonneau.fr\\\/blog\\\/sejour-aux-fermes-de-marie-a-megeve-france\",\"name\":\"Mon s\u00e9jour aux Fermes de Marie, \u00e0 Meg\u00e8ve (France)\",\"isPartOf\":{\"@id\":\"https:\\\/\\\/kevinragonneau.fr\\\/blog\\\/#website\"},\"primaryImageOfPage\":{\"@id\":\"https:\\\/\\\/kevinragonneau.fr\\\/blog\\\/sejour-aux-fermes-de-marie-a-megeve-france#primaryimage\"},\"image\":{\"@id\":\"https:\\\/\\\/kevinragonneau.fr\\\/blog\\\/sejour-aux-fermes-de-marie-a-megeve-france#primaryimage\"},\"thumbnailUrl\":\"https:\\\/\\\/kevinragonneau.fr\\\/blog\\\/wp-content\\\/uploads\\\/2016\\\/12\\\/IMG_8989-2.jpg\",\"datePublished\":\"2016-11-28T21:45:15+00:00\",\"dateModified\":\"2021-05-05T10:27:11+00:00\",\"author\":{\"@id\":\"https:\\\/\\\/kevinragonneau.fr\\\/blog\\\/#\\\/schema\\\/person\\\/699d420145eef6a72e6ee2874017089b\"},\"breadcrumb\":{\"@id\":\"https:\\\/\\\/kevinragonneau.fr\\\/blog\\\/sejour-aux-fermes-de-marie-a-megeve-france#breadcrumb\"},\"inLanguage\":\"fr-FR\",\"potentialAction\":[{\"@type\":\"ReadAction\",\"target\":[\"https:\\\/\\\/kevinragonneau.fr\\\/blog\\\/sejour-aux-fermes-de-marie-a-megeve-france\"]}]},{\"@type\":\"ImageObject\",\"inLanguage\":\"fr-FR\",\"@id\":\"https:\\\/\\\/kevinragonneau.fr\\\/blog\\\/sejour-aux-fermes-de-marie-a-megeve-france#primaryimage\",\"url\":\"https:\\\/\\\/kevinragonneau.fr\\\/blog\\\/wp-content\\\/uploads\\\/2016\\\/12\\\/IMG_8989-2.jpg\",\"contentUrl\":\"https:\\\/\\\/kevinragonneau.fr\\\/blog\\\/wp-content\\\/uploads\\\/2016\\\/12\\\/IMG_8989-2.jpg\",\"width\":1024,\"height\":683,\"caption\":\"Les fermes de marie\"},{\"@type\":\"BreadcrumbList\",\"@id\":\"https:\\\/\\\/kevinragonneau.fr\\\/blog\\\/sejour-aux-fermes-de-marie-a-megeve-france#breadcrumb\",\"itemListElement\":[{\"@type\":\"ListItem\",\"position\":1,\"name\":\"Accueil\",\"item\":\"https:\\\/\\\/kevinragonneau.fr\\\/blog\\\/\"},{\"@type\":\"ListItem\",\"position\":2,\"name\":\"Mon s\u00e9jour aux Fermes de Marie, \u00e0 Meg\u00e8ve (France)\"}]},{\"@type\":\"WebSite\",\"@id\":\"https:\\\/\\\/kevinragonneau.fr\\\/blog\\\/#website\",\"url\":\"https:\\\/\\\/kevinragonneau.fr\\\/blog\\\/\",\"name\":\"Blog Lifestyle : Conseils de Voyage, Mode, Marketing Digital et Vie de Famille Inspirante\",\"description\":\"Blog Lifestyle : Conseils de Voyage, Mode, Marketing Digital et Vie de Famille Inspirante\",\"alternateName\":\"Blog de Kevin Ragonneau\",\"potentialAction\":[{\"@type\":\"SearchAction\",\"target\":{\"@type\":\"EntryPoint\",\"urlTemplate\":\"https:\\\/\\\/kevinragonneau.fr\\\/blog\\\/?s={search_term_string}\"},\"query-input\":{\"@type\":\"PropertyValueSpecification\",\"valueRequired\":true,\"valueName\":\"search_term_string\"}}],\"inLanguage\":\"fr-FR\"},{\"@type\":\"Person\",\"@id\":\"https:\\\/\\\/kevinragonneau.fr\\\/blog\\\/#\\\/schema\\\/person\\\/699d420145eef6a72e6ee2874017089b\",\"name\":\"kevin\",\"image\":{\"@type\":\"ImageObject\",\"inLanguage\":\"fr-FR\",\"@id\":\"https:\\\/\\\/secure.gravatar.com\\\/avatar\\\/13848386d61634190fd948f9c9942d9dbd215b2fb0cc6c7462a7427b3f9d264e?s=96&d=mm&r=g\",\"url\":\"https:\\\/\\\/secure.gravatar.com\\\/avatar\\\/13848386d61634190fd948f9c9942d9dbd215b2fb0cc6c7462a7427b3f9d264e?s=96&d=mm&r=g\",\"contentUrl\":\"https:\\\/\\\/secure.gravatar.com\\\/avatar\\\/13848386d61634190fd948f9c9942d9dbd215b2fb0cc6c7462a7427b3f9d264e?s=96&d=mm&r=g\",\"caption\":\"kevin\"},\"description\":\"26 ans, Paris. D\u00e9veloppeur web &amp; Blogueur.\",\"sameAs\":[\"http:\\\/\\\/www.kevinragonneau.fr\\\/blog\",\"facebook\",\"instagram\"],\"url\":\"https:\\\/\\\/kevinragonneau.fr\\\/blog\\\/author\\\/kevin\"}]}<\/script>\n<!-- \/ Yoast SEO plugin. -->","yoast_head_json":{"title":"Mon s\u00e9jour aux Fermes de Marie, \u00e0 Meg\u00e8ve (France)","robots":{"index":"index","follow":"follow","max-snippet":"max-snippet:-1","max-image-preview":"max-image-preview:large","max-video-preview":"max-video-preview:-1"},"canonical":"https:\/\/kevinragonneau.fr\/blog\/sejour-aux-fermes-de-marie-a-megeve-france","og_locale":"fr_FR","og_type":"article","og_title":"Mon s\u00e9jour aux Fermes de Marie, \u00e0 Meg\u00e8ve (France)","og_description":"Ayant 4 jours de libre d\u00e9but novembre, nous nous sommes mis rapidement \u00e0 chercher o\u00f9 nous pourrions partir pour profiter au mieux de ces quelques jours de cong\u00e9s. \u00a0Je voulais&hellip;","og_url":"https:\/\/kevinragonneau.fr\/blog\/sejour-aux-fermes-de-marie-a-megeve-france","og_site_name":"Kevin Ragonneau","article_publisher":"http:\/\/facebook.com\/kevinragonneau","article_author":"facebook","article_published_time":"2016-11-28T21:45:15+00:00","article_modified_time":"2021-05-05T10:27:11+00:00","og_image":[{"width":1024,"height":683,"url":"https:\/\/kevinragonneau.fr\/blog\/wp-content\/uploads\/2016\/12\/IMG_8989-2.jpg","type":"image\/jpeg"}],"author":"kevin","twitter_card":"summary_large_image","twitter_creator":"@K_Ragonneau","twitter_site":"@K_Ragonneau","twitter_misc":{"\u00c9crit par":"kevin","Dur\u00e9e de lecture estim\u00e9e":"4 minutes"},"schema":{"@context":"https:\/\/schema.org","@graph":[{"@type":"Article","@id":"https:\/\/kevinragonneau.fr\/blog\/sejour-aux-fermes-de-marie-a-megeve-france#article","isPartOf":{"@id":"https:\/\/kevinragonneau.fr\/blog\/sejour-aux-fermes-de-marie-a-megeve-france"},"author":{"name":"kevin","@id":"https:\/\/kevinragonneau.fr\/blog\/#\/schema\/person\/699d420145eef6a72e6ee2874017089b"},"headline":"Mon s\u00e9jour aux Fermes de Marie, \u00e0 Meg\u00e8ve (France)","datePublished":"2016-11-28T21:45:15+00:00","dateModified":"2021-05-05T10:27:11+00:00","mainEntityOfPage":{"@id":"https:\/\/kevinragonneau.fr\/blog\/sejour-aux-fermes-de-marie-a-megeve-france"},"wordCount":813,"commentCount":1,"image":{"@id":"https:\/\/kevinragonneau.fr\/blog\/sejour-aux-fermes-de-marie-a-megeve-france#primaryimage"},"thumbnailUrl":"https:\/\/kevinragonneau.fr\/blog\/wp-content\/uploads\/2016\/12\/IMG_8989-2.jpg","articleSection":["Europe","France","Voyage"],"inLanguage":"fr-FR","potentialAction":[{"@type":"CommentAction","name":"Comment","target":["https:\/\/kevinragonneau.fr\/blog\/sejour-aux-fermes-de-marie-a-megeve-france#respond"]}]},{"@type":"WebPage","@id":"https:\/\/kevinragonneau.fr\/blog\/sejour-aux-fermes-de-marie-a-megeve-france","url":"https:\/\/kevinragonneau.fr\/blog\/sejour-aux-fermes-de-marie-a-megeve-france","name":"Mon s\u00e9jour aux Fermes de Marie, \u00e0 Meg\u00e8ve (France)","isPartOf":{"@id":"https:\/\/kevinragonneau.fr\/blog\/#website"},"primaryImageOfPage":{"@id":"https:\/\/kevinragonneau.fr\/blog\/sejour-aux-fermes-de-marie-a-megeve-france#primaryimage"},"image":{"@id":"https:\/\/kevinragonneau.fr\/blog\/sejour-aux-fermes-de-marie-a-megeve-france#primaryimage"},"thumbnailUrl":"https:\/\/kevinragonneau.fr\/blog\/wp-content\/uploads\/2016\/12\/IMG_8989-2.jpg","datePublished":"2016-11-28T21:45:15+00:00","dateModified":"2021-05-05T10:27:11+00:00","author":{"@id":"https:\/\/kevinragonneau.fr\/blog\/#\/schema\/person\/699d420145eef6a72e6ee2874017089b"},"breadcrumb":{"@id":"https:\/\/kevinragonneau.fr\/blog\/sejour-aux-fermes-de-marie-a-megeve-france#breadcrumb"},"inLanguage":"fr-FR","potentialAction":[{"@type":"ReadAction","target":["https:\/\/kevinragonneau.fr\/blog\/sejour-aux-fermes-de-marie-a-megeve-france"]}]},{"@type":"ImageObject","inLanguage":"fr-FR","@id":"https:\/\/kevinragonneau.fr\/blog\/sejour-aux-fermes-de-marie-a-megeve-france#primaryimage","url":"https:\/\/kevinragonneau.fr\/blog\/wp-content\/uploads\/2016\/12\/IMG_8989-2.jpg","contentUrl":"https:\/\/kevinragonneau.fr\/blog\/wp-content\/uploads\/2016\/12\/IMG_8989-2.jpg","width":1024,"height":683,"caption":"Les fermes de marie"},{"@type":"BreadcrumbList","@id":"https:\/\/kevinragonneau.fr\/blog\/sejour-aux-fermes-de-marie-a-megeve-france#breadcrumb","itemListElement":[{"@type":"ListItem","position":1,"name":"Accueil","item":"https:\/\/kevinragonneau.fr\/blog\/"},{"@type":"ListItem","position":2,"name":"Mon s\u00e9jour aux Fermes de Marie, \u00e0 Meg\u00e8ve (France)"}]},{"@type":"WebSite","@id":"https:\/\/kevinragonneau.fr\/blog\/#website","url":"https:\/\/kevinragonneau.fr\/blog\/","name":"Blog Lifestyle : Conseils de Voyage, Mode, Marketing Digital et Vie de Famille Inspirante","description":"Blog Lifestyle : Conseils de Voyage, Mode, Marketing Digital et Vie de Famille Inspirante","alternateName":"Blog de Kevin Ragonneau","potentialAction":[{"@type":"SearchAction","target":{"@type":"EntryPoint","urlTemplate":"https:\/\/kevinragonneau.fr\/blog\/?s={search_term_string}"},"query-input":{"@type":"PropertyValueSpecification","valueRequired":true,"valueName":"search_term_string"}}],"inLanguage":"fr-FR"},{"@type":"Person","@id":"https:\/\/kevinragonneau.fr\/blog\/#\/schema\/person\/699d420145eef6a72e6ee2874017089b","name":"kevin","image":{"@type":"ImageObject","inLanguage":"fr-FR","@id":"https:\/\/secure.gravatar.com\/avatar\/13848386d61634190fd948f9c9942d9dbd215b2fb0cc6c7462a7427b3f9d264e?s=96&d=mm&r=g","url":"https:\/\/secure.gravatar.com\/avatar\/13848386d61634190fd948f9c9942d9dbd215b2fb0cc6c7462a7427b3f9d264e?s=96&d=mm&r=g","contentUrl":"https:\/\/secure.gravatar.com\/avatar\/13848386d61634190fd948f9c9942d9dbd215b2fb0cc6c7462a7427b3f9d264e?s=96&d=mm&r=g","caption":"kevin"},"description":"26 ans, Paris. D\u00e9veloppeur web &amp; Blogueur.","sameAs":["http:\/\/www.kevinragonneau.fr\/blog","facebook","instagram"],"url":"https:\/\/kevinragonneau.fr\/blog\/author\/kevin"}]}},"_links":{"self":[{"href":"https:\/\/kevinragonneau.fr\/blog\/wp-json\/wp\/v2\/posts\/1955","targetHints":{"allow":["GET"]}}],"collection":[{"href":"https:\/\/kevinragonneau.fr\/blog\/wp-json\/wp\/v2\/posts"}],"about":[{"href":"https:\/\/kevinragonneau.fr\/blog\/wp-json\/wp\/v2\/types\/post"}],"author":[{"embeddable":true,"href":"https:\/\/kevinragonneau.fr\/blog\/wp-json\/wp\/v2\/users\/1"}],"replies":[{"embeddable":true,"href":"https:\/\/kevinragonneau.fr\/blog\/wp-json\/wp\/v2\/comments?post=1955"}],"version-history":[{"count":0,"href":"https:\/\/kevinragonneau.fr\/blog\/wp-json\/wp\/v2\/posts\/1955\/revisions"}],"wp:featuredmedia":[{"embeddable":true,"href":"https:\/\/kevinragonneau.fr\/blog\/wp-json\/wp\/v2\/media\/2311"}],"wp:attachment":[{"href":"https:\/\/kevinragonneau.fr\/blog\/wp-json\/wp\/v2\/media?parent=1955"}],"wp:term":[{"taxonomy":"category","embeddable":true,"href":"https:\/\/kevinragonneau.fr\/blog\/wp-json\/wp\/v2\/categories?post=1955"},{"taxonomy":"post_tag","embeddable":true,"href":"https:\/\/kevinragonneau.fr\/blog\/wp-json\/wp\/v2\/tags?post=1955"},{"taxonomy":"powerkit_post_featured","embeddable":true,"href":"https:\/\/kevinragonneau.fr\/blog\/wp-json\/wp\/v2\/powerkit_post_featured?post=1955"}],"curies":[{"name":"wp","href":"https:\/\/api.w.org\/{rel}","templated":true}]}}