{"id":6117,"date":"2018-11-30T10:28:49","date_gmt":"2018-11-30T09:28:49","guid":{"rendered":"https:\/\/kevinragonneau.fr\/blog\/?p=6117"},"modified":"2023-08-18T12:46:54","modified_gmt":"2023-08-18T10:46:54","slug":"this-is-america-et-big-love-la-musique-comme-instrument-politique","status":"publish","type":"post","link":"https:\/\/kevinragonneau.fr\/blog\/this-is-america-et-big-love-la-musique-comme-instrument-politique","title":{"rendered":"This Is America et Big Love, la musique comme instrument politique"},"content":{"rendered":"<p class=\"p1\"><strong><span id=\"p168\">Si traditionnellement la participation aux \u00e9lections de mi-mandats aux \u00c9tats-Unis est faible, elle a cette ann\u00e9e atteint les 48<span id=\"214\" class=\"s-rg-t\">%.<\/span>\u00a0Un record depuis 1966.<\/span><span id=\"p169\">\u00a0En cause, une plus forte mobilisation dans les rangs des minorit\u00e9s et des jeunes, tr\u00e8s remont\u00e9s contre les mesures mises en place par l\u2019administration\u00a0<span id=\"215\" class=\"s-rg-t\">Trump<\/span>.<\/span><span id=\"p170\">\u00a0Des votes qui pourraient bien avoir \u00e9t\u00e9 influenc\u00e9s par l\u2019engament\u00a0<span id=\"216\" class=\"s-rg-t\">politique<\/span>\u00a0d\u2019artistes concern\u00e9s, qui ont fait de la musique et des clips\u00a0vid\u00e9o, les nouveaux instruments\u00a0politiques\u00a0de 2018.<\/span><span id=\"p171\">\u00a0<\/span><\/strong><\/p>\n<p>&nbsp;<\/p>\n<h2 id=\"une-puissance-politique-qui-ne-date-pas-dhier\" class=\"p1\">Une puissance politique qui ne date pas d&rsquo;hier<\/h2>\n<p class=\"p1\"><span id=\"p172\">Ce mardi 6 novembre, plus de 250 millions d\u2019\u00e9lecteurs am\u00e9ricains ont \u00e9t\u00e9 appel\u00e9s \u00e0 voter dans le cadre des \u00e9lections de\u00a0mi-mandats, les\u00a0<span id=\"220\" class=\"s-rg-t\">Midterms<\/span>.<\/span><span id=\"p276\">\u00a0114 millions ont r\u00e9pondu pr\u00e9sent, permettant au Parti d\u00e9mocrate de r\u00e9cup\u00e9rer la majorit\u00e9 dans la Chambre des repr\u00e9sentants, jusqu\u2019alors domin\u00e9e par le Parti r\u00e9publicain.<\/span><span id=\"p174\">\u00a0Cette supr\u00e9matie du Parti de droite a notamment men\u00e9 \u00e0 l\u2019\u00e9lection de Donald\u00a0<span id=\"224\" class=\"s-rg-t\">Trump<\/span>\u00a0le 20 janvier 2017, le Pr\u00e9sident le plus controvers\u00e9 de l\u2019histoire\u00a0am\u00e9ricaine.<\/span><span id=\"p175\">\u00a0<strong>Un mandat m\u00eame pas encore \u00e0 mi-chemin et d\u00e9j\u00e0 parsem\u00e9 de pol\u00e9miques virales<\/strong>.<\/span><span id=\"p176\">\u00a0Immigration, port d\u2019armes, s\u00e9gr\u00e9gation\u2026<\/span><span id=\"p177\">\u00a0Autant de sujets sensibles brid\u00e9s par les m\u00e9dias\u00a0<span id=\"226\">pro-Trump<\/span>, que des artistes ont d\u00e9cid\u00e9 d\u2019aborder dans des cr\u00e9ations coups de\u00a0<span id=\"227\">poing<\/span>.<\/span><span id=\"p178\">\u00a0<span id=\"228\">Pourtant, la<\/span>\u00a0pratique ne date pas d\u2019hier chez les Am\u00e9ricains :<\/span><span id=\"p179\">\u00a0<em><span id=\"229\" class=\"s-rg-t\">Talkin&rsquo;<\/span>\u00a0Bout A\u00a0<span id=\"230\" class=\"s-rg-t\">Revolution<\/span><\/em>\u00a0de Tracy\u00a0<span id=\"231\" class=\"s-rg-t\">Chapman<\/span>,\u00a0<em><span id=\"232\" class=\"s-rg-t\">Wake<\/span>\u00a0Me\u00a0<span id=\"233\" class=\"s-rg-t\">Up<\/span>\u00a0<span id=\"234\" class=\"s-rg-t\">When<\/span>\u00a0<span id=\"235\" class=\"s-rg-t\">September<\/span>\u00a0<span id=\"236\" class=\"s-rg-t\">Ends<\/span><\/em>\u00a0de Green Day, <em>Hurricane<\/em> de Bob Dylan,<em>\u00a0<span id=\"237\" class=\"s-rg-t\">Hallelujah<\/span><\/em>\u00a0d\u2019Alicia Keys, <em>Formation<\/em> de\u00a0<span id=\"238\" class=\"s-rg-t\">Beyonc\u00e9<\/span>\u2026<\/span><span id=\"p180\">\u00a0<\/span><\/p>\n<p><iframe loading=\"lazy\" title=\"Beyonc\u00e9 - Formation (Official Video)\" width=\"1160\" height=\"653\" src=\"https:\/\/www.youtube.com\/embed\/WDZJPJV__bQ?feature=oembed\" frameborder=\"0\" allow=\"accelerometer; autoplay; clipboard-write; encrypted-media; gyroscope; picture-in-picture; web-share\" referrerpolicy=\"strict-origin-when-cross-origin\" allowfullscreen><\/iframe><\/p>\n<p class=\"p1\"><span id=\"p180\">La musique est devenue un moyen efficace de sensibiliser le grand public aux probl\u00e8mes d\u2019un pays et d\u2019un monde qui va mal.<\/span><span id=\"p277\">\u00a0<strong>Qualifions-la d\u2019instrument de frappe politique privil\u00e9gi\u00e9<\/strong>.<\/span><span id=\"p182\">\u00a02018 n\u2019<span id=\"240\" class=\"s-ve-t\">aura<\/span>\u00a0pas fait exception \u00e0 la r\u00e8gle.<\/span><\/p>\n<p><span id=\"p184\">La fusillade du lyc\u00e9e de\u00a0<span id=\"241\" class=\"s-rg-t\">Parkland<\/span>, le\u00a014\u00a0f\u00e9vrier\u00a0dernier en Floride, a fait\u00a017\u00a0morts.<\/span><span id=\"p185\">\u00a0<a href=\"https:\/\/www.nytimes.com\/2018\/06\/07\/us\/police-shooting-stephon-clark.html\"><span id=\"242\" class=\"s-rg-t\">Stephon<\/span>\u00a0Clark<\/a>, jeune\u00a0Afro-am\u00e9ricain\u00a0de 22 ans, a \u00e9t\u00e9 assassin\u00e9 dans son jardin en mars dernier parce que son t\u00e9l\u00e9phone a \u00e9t\u00e9 \u00ab\u00a0confondu\u00a0\u00bb avec un pistolet par la police locale.<\/span><span id=\"p186\">\u00a0La politique de Donald\u00a0<span id=\"244\" class=\"s-rg-t\">Trump<\/span>\u00a0visant \u00e0\u00a0dissuader\u00a0les migrants venus d\u2019Am\u00e9rique centrale d\u2019entrer sur le territoire am\u00e9ricain via le Mexique, a s\u00e9par\u00e9 des centaines d\u2019enfants de leurs parents durant des mois en d\u00e9but d\u2019ann\u00e9e.<\/span><span id=\"p187\">\u00a0<strong>Rien qu\u2019en 2018, ces \u00e9v\u00e9nements ont attis\u00e9 la fureur des Am\u00e9ricains et particuli\u00e8rement des communaut\u00e9s minoritaires<\/strong>.<\/span><span id=\"p188\">\u00a0Des incidents d\u00e9chirants, qu\u2019ont\u00a0d\u00e9peints <strong>The Black Eyed Peas<\/strong> et\u00a0<strong><span id=\"246\" class=\"s-rg-t\">Childish<\/span>\u00a0<span id=\"247\" class=\"s-rg-t\">Gambino<\/span><\/strong>.<\/span><span id=\"p189\">\u00a0Les premiers font partis des groupes les plus adul\u00e9s de la g\u00e9n\u00e9ration Y, le second conna\u00eet un succ\u00e8s plus confidentiel, mais encens\u00e9 par la critique.<\/span><span id=\"p278\">\u00a0En seulement deux clips, <strong>ils ont secou\u00e9 plus de 432 millions d\u2019\u00e2mes<\/strong>, parfois ignorantes de cette triste r\u00e9alit\u00e9.<\/span><span id=\"p191\">\u00a0C\u2019est plus que la population des \u00c9tats-Unis\u00a0<span id=\"p183\">(325,7\u00a0millions)<\/span>.<\/span><span id=\"p279\">\u00a0Diff\u00e9rents de par leur traitement et les \u00e9v\u00e9nements auxquels ils s\u2019attachent, ils n\u2019en sont pas moins radicalement similaires dans leurs volont\u00e9s primaires.<\/span><span id=\"p193\">\u00a0<strong>Informer, marquer, secouer et surtout, f\u00e9d\u00e9rer.<\/strong><\/span><span id=\"p280\">\u00a0D\u00e9cryptage de deux ph\u00e9nom\u00e8nes qui font r\u00e9agir, pour le bien de la conscience am\u00e9ricaine, si ce n\u2019est mondiale.<\/span><span id=\"p195\">\u00a0<\/span><\/p>\n<p>&nbsp;<\/p>\n<h2 id=\"childish-gambino-avec-this-is-america-la-violence-americaine-sous-couvert-de-segregation-raciale\" class=\"p1\"><span id=\"p196\"><span id=\"252\" class=\"s-rg-t\">Childish<\/span>\u00a0<span id=\"253\" class=\"s-rg-t\">Gambino<\/span>\u00a0avec\u00a0<span id=\"254\" class=\"s-rg-t\">This<\/span>\u00a0<span id=\"255\" class=\"s-rg-t\">Is<\/span>\u00a0<span id=\"256\" class=\"s-rg-t\">America<\/span>\u00a0&#8211;\u00a0<span id=\"257\" class=\"s-or-t\">La<\/span>\u00a0violence Am\u00e9ricaine sous couvert de s\u00e9gr\u00e9gation raciale.<\/span><span id=\"p197\">\u00a0<\/span><\/h2>\n<p class=\"p1\"><span id=\"p198\">Acteur, sc\u00e9nariste, r\u00e9alisateur, producteur, humoriste, rappeur et DJ, Donald\u00a0<span id=\"258\" class=\"s-rg-t\">McKinley<\/span>\u00a0Glover a plus d\u2019une corde \u00e0 son arc.<\/span><span id=\"p199\">\u00a0Celui que l\u2019industrie musicale conna\u00eet mieux sous le nom de\u00a0<strong><span id=\"259\" class=\"s-rg-t\">Childish<\/span>\u00a0<span id=\"260\" class=\"s-rg-t\">Gambino<\/span>\u00a0sait mettre de la poigne dans toutes ses cr\u00e9ations<\/strong>.<\/span><span id=\"p200\">\u00a0En 2016 d\u00e9j\u00e0, son engagement dans sa premi\u00e8re s\u00e9rie en t\u00eate d\u2019affiche, Atlanta, est lou\u00e9 par la critique.<\/span><span id=\"p201\">\u00a0La question du racisme est subtilement trait\u00e9e, le r\u00e9alisme du sc\u00e9nario habilement mis en sc\u00e8ne.<\/span><span id=\"p202\">\u00a0Des pr\u00e9occupations qu\u2019il d\u00e9cortiquait d\u00e9j\u00e0 dans son stand-up en 2008.<\/span><span id=\"p203\">\u00a0En 10 ans, si ses sujets de fond n\u2019ont pas chang\u00e9, l\u2019actualit\u00e9 s\u2019est port\u00e9e volontaire pour les renforcer.<\/span><span id=\"p204\">\u00a0<\/span><\/p>\n<p><iframe loading=\"lazy\" title=\"Childish Gambino - This Is America (Official Video)\" width=\"1160\" height=\"653\" src=\"https:\/\/www.youtube.com\/embed\/VYOjWnS4cMY?feature=oembed\" frameborder=\"0\" allow=\"accelerometer; autoplay; clipboard-write; encrypted-media; gyroscope; picture-in-picture; web-share\" referrerpolicy=\"strict-origin-when-cross-origin\" allowfullscreen><\/iframe><\/p>\n<p class=\"p1\"><em>This\u00a0<span id=\"262\" class=\"s-rg-t\">is<\/span>\u00a0<span id=\"263\" class=\"s-rg-t\">America<\/span><\/em>\u00a0<strong>est un rap violent, pos\u00e9 d\u00e9licatement sur un clip \u00e9loquent de talent<\/strong>, sign\u00e9 Hiro Murai et chor\u00e9graphi\u00e9 par\u00a0<span id=\"264\" class=\"s-rg-t\">Sherrie<\/span>\u00a0<span id=\"265\" class=\"s-rg-t\">Silver<\/span>.<span id=\"p206\">\u00a0Avec ce sc\u00e9nario,\u00a0<span id=\"266\" class=\"s-rg-t\">Childish<\/span>\u00a0<span id=\"267\" class=\"s-rg-t\">Gambino<\/span>\u00a0frappe tr\u00e8s, tr\u00e8s fort.<\/span><span id=\"p207\">\u00a0Quatre minutes de \u00ab\u00a0divertissement\u00a0\u00bb qu\u2019il faut regarder les yeux et l\u2019esprit grands ouverts, car pour peu que l\u2019on se concentre sur les d\u00e9monstrations festives au premier plan, on peut ais\u00e9ment oblit\u00e9rer\u00a0le chaos explosif \u00e0 l\u2019arri\u00e8re.<\/span><span id=\"p281\">\u00a0Si vous y regardez bien, <strong>vous pourrez discerner 200 ans de violence dans la r\u00e9alit\u00e9 du quotidien des Afro-am\u00e9ricains aux \u00c9tats-Unis<\/strong>.<\/span><span id=\"p209\">\u00a0Un ordinaire bien diff\u00e9rent de celui d\u00e9peint dans les m\u00e9dias sirupeux, faisant preuve d\u2019autant de racisme que de sexisme dans le traitement de l\u2019information.<\/span><span id=\"p282\">\u00a0Pour d\u00e9noncer cette animosit\u00e9 s\u00e9gr\u00e9gative, Donald endosse le r\u00f4le d\u2019une figure bien connue de l\u2019histoire am\u00e9ricaine.<\/span><span id=\"p211\">\u00a0Au 19e si\u00e8cle, Jim\u00a0<span id=\"270\" class=\"s-rg-t\">Crow<\/span>,\u00a0alias Thomas\u00a0<span id=\"271\" class=\"s-rg-t\">Dartmouth<\/span>\u00a0<span id=\"272\" class=\"s-rg-t\">Rice<\/span>, est un com\u00e9dien blanc gagnant sa vie en se noircissant le visage et les mains pour raconter les d\u00e9boires d\u2019un esclave noir dans la chanson populaire\u00a0<em><span id=\"273\" class=\"s-rg-t\">Jump<\/span>\u00a0Jim\u00a0<span id=\"274\" class=\"s-rg-t\">Crow<\/span><\/em>.<\/span><span id=\"p212\">\u00a0Si populairement raciste, qu\u2019entre 1876 et 1964, les lois <em>\u00ab\u00a0Jim\u00a0<span id=\"275\" class=\"s-rg-t\">Crow<\/span>\u00a0\u00bb<\/em> distingueront les citoyens selon leur appartenance raciale, imposant une s\u00e9gr\u00e9gation\u00a0de droit\u00a0dans tous les lieux et services publics.<\/span><span id=\"p213\">\u00a0<\/span><\/p>\n<p>&nbsp;<\/p>\n<h3 id=\"des-scenes-puissantes-a-double-sens\">Des sc\u00e8nes puissantes \u00e0 double sens<\/h3>\n<p><span id=\"p290\"><img loading=\"lazy\" decoding=\"async\" class=\"aligncenter wp-image-6120 size-full\" src=\"https:\/\/kevinragonneau.fr\/blog\/wp-content\/uploads\/2019\/07\/thisisamerica.jpeg\" alt=\"\" width=\"1244\" height=\"700\" srcset=\"https:\/\/kevinragonneau.fr\/blog\/wp-content\/uploads\/2019\/07\/thisisamerica.jpeg 1244w, https:\/\/kevinragonneau.fr\/blog\/wp-content\/uploads\/2019\/07\/thisisamerica-768x432.jpeg 768w, https:\/\/kevinragonneau.fr\/blog\/wp-content\/uploads\/2019\/07\/thisisamerica-770x433.jpeg 770w\" sizes=\"auto, (max-width: 1244px) 100vw, 1244px\" \/><br \/>\nSon personnage lourd de sens encha\u00eene les chor\u00e9graphies saccad\u00e9es, passant du sourire psychopathe \u00e0 l\u2019indiff\u00e9rence la plus totale.<\/span><span id=\"p291\">\u00a0<strong>Une m\u00e9taphore expressive du d\u00e9sint\u00e9r\u00eat \u00e0 peine maquill\u00e9 des\u00a0<span id=\"349\" class=\"s-rg-t\">supr\u00e9macistes<\/span>\u00a0blancs,<\/strong> face aux s\u00e9vices subis par la communaut\u00e9 noire.<\/span><span id=\"p292\">\u00a0Les sc\u00e8nes, brillamment construites, feront forc\u00e9ment r\u00e9sonner quelques cloches dans votre m\u00e9moire.<\/span><span id=\"p293\">\u00a0Lorsqu\u2019il danse le<span id=\"p212\"><em>\u00ab\u00a0<\/em><\/span><span id=\"350\" class=\"s-rg-t\"><em>Gwara Gwara\u00a0<\/em><span id=\"p212\"><em>\u00bb<\/em><\/span><\/span>, mouvements originaires d\u2019Afrique du Sud,\u00a0<span id=\"351\" class=\"s-rg-t\">Gambino<\/span>\u00a0cache en\u00a0arri\u00e8re-plan\u00a0les \u00e9meutes de Baltimore, en r\u00e9action \u00e0 la\u00a0mort de <a href=\"https:\/\/www.nytimes.com\/2017\/09\/12\/us\/freddie-gray-baltimore-police-federal-charges.html\">Freddie Gray<\/a> en 2015.<\/span><span id=\"p389\">\u00a0Quand il fusille une chorale, il se glisse dans la peau de Dylann Roof, jeune extr\u00e9miste blanc qui abat de sang-froid\u00a0<span id=\"390\" class=\"s-rg-t\">neufs fid\u00e8les<\/span>\u00a0de l\u2019\u00e9glise \u00e9piscopale de <a href=\"https:\/\/www.npr.org\/tags\/415878235\/charleston-shooting?t=1541601557601\">Charleston<\/a>, toujours en 2015.<\/span><span id=\"p295\">\u00a0En insistant sur la jeunesse coll\u00e9e \u00e0 son smartphone, il rappelle le cas de\u00a0<span id=\"354\" class=\"s-rg-t\">Stephon<\/span>\u00a0Clark, en 2018.<\/span><span id=\"p296\">\u00a0D\u2019une pierre, plusieurs coups, <strong>Glover d\u00e9nonce les bavures des forces de l\u2019ordre\u00a0am\u00e9ricaines, le racisme extr\u00e9miste et la supr\u00e9matie des armes \u00e0 feu<\/strong>, port\u00e9e par le lobby de la\u00a0<span id=\"356\" class=\"s-rg-t\">NRA<\/span>.<\/span><span id=\"p391\">\u00a0D\u2019autres r\u00e9f\u00e9rences peuvent vous sauter aux yeux, si vous pr\u00eatez bien attention aux d\u00e9tails.<\/span><span id=\"p298\">\u00a0Un Cavalier de l\u2019Apocalypse annon\u00e7ant la fin du monde, <strong>un\u00a0<span id=\"358\" class=\"s-rg-t\">cam\u00e9o<\/span>\u00a0de la chanteuse\u00a0<span id=\"359\" class=\"s-rg-t\">SZA<\/span><\/strong>, en retrait, symbolisant la position de la femme noire, ou encore la fuite de la derni\u00e8re sc\u00e8ne, qu\u2019on peut imputer au film\u00a0<span id=\"360\" class=\"s-rg-t\">Get<\/span>\u00a0Out de Jordan\u00a0<span id=\"361\" class=\"s-rg-t\">Peele<\/span>, dont la bande originale est marqu\u00e9e par la chanson\u00a0<em><span id=\"p212\">\u00ab\u00a0<\/span><span id=\"362\" class=\"s-rg-t\">Redbone\u00a0<span id=\"p212\">\u00bb<\/span><\/span><\/em>\u00a0de\u2026<\/span><span id=\"p299\">\u00a0<span id=\"363\" class=\"s-rg-t\">Childish<\/span>\u00a0<span id=\"364\" class=\"s-rg-t\">Gambino<\/span>.<\/span><span id=\"p300\">\u00a0<\/span><\/p>\n<p><span id=\"p392\">Mais parce qu\u2019une analyse compl\u00e8te de ce clip magistral pourrait faire l\u2019objet d\u2019une th\u00e8se, on finira par en <strong>saluer sa justesse et sa finesse<\/strong>, intelligemment enrob\u00e9es par des sc\u00e8nes aussi bruyantes que <strong>les appels \u00e0 l\u2019\u00e9galit\u00e9 d\u2019une communaut\u00e9 brim\u00e9e.<\/strong><\/span><strong><span id=\"p302\">\u00a0<\/span><\/strong><\/p>\n<p>&nbsp;<\/p>\n<h2 id=\"black-eyed-peas-avec-big-love-limmigration-et-le-port-darmes-vedettes-accablantes-dun-clip-tristement-realiste\"><span id=\"p303\">Black Eyed Peas avec Big Love &#8211;\u00a0<span id=\"366\" class=\"s-or-t\">L<\/span>\u2019immigration et le port d\u2019armes, vedettes accablantes d\u2019un\u00a0clip tristement\u00a0r\u00e9aliste.<\/span><span id=\"p304\">\u00a0<\/span><\/h2>\n<p><iframe loading=\"lazy\" title=\"The Black Eyed Peas - BIG LOVE\" width=\"1160\" height=\"653\" src=\"https:\/\/www.youtube.com\/embed\/rPmcLzgnlo8?feature=oembed\" frameborder=\"0\" allow=\"accelerometer; autoplay; clipboard-write; encrypted-media; gyroscope; picture-in-picture; web-share\" referrerpolicy=\"strict-origin-when-cross-origin\" allowfullscreen><\/iframe><\/p>\n<p><span id=\"p305\">\u00ab<em>\u00a0Attention, ce que vous allez voir est difficile \u00e0 regarder.<\/em><\/span><em><span id=\"p306\">\u00a0Mais c&rsquo;est tout l&rsquo;int\u00e9r\u00eat de ce film.<\/span><span id=\"p307\">\u00a0Ce doit \u00eatre difficile \u00e0 regarder.<\/span><span id=\"p308\">\u00a0Alors imaginez devoir le vivre.<\/span><\/em><span id=\"p309\"><em>\u00a0Aucun enfant ne devrait traverser ce que vous \u00eates sur le point de voir<\/em>\u00a0\u00bb.<\/span><span id=\"p310\">\u00a08 ans de silence depuis\u00a0<span id=\"p305\">\u00ab<\/span><em>The\u00a0<span id=\"369\" class=\"s-rg-t\">Beginning<\/span>\u00a0<\/em>\u00bb.<\/span><span id=\"p311\">\u00a0The Black Eyed Peas reviennent pourtant aussi imp\u00e9tueux qu\u2019avant avec cet avertissement, qui a de quoi intriguer.<\/span><span id=\"p312\">\u00a0Si on ne sait pas \u00e0 quoi s\u2019attendre en cliquant sur\u00a0<span id=\"370\" class=\"s-rg-t\">Play<\/span>, on comprend vite de quoi il retourne.<\/span><span id=\"p313\">\u00a07 mois apr\u00e8s la fusillade du lyc\u00e9e de\u00a0<a href=\"https:\/\/www.youtube.com\/watch?v=Zoby1ODY14w\"><span id=\"371\" class=\"s-rg-t\">Parkland<\/span><\/a>, 4 mois apr\u00e8s l\u2019assassinat de dix adolescents dans une \u00e9cole du Texas.<\/span><span id=\"p314\">\u00a0Cette r\u00e9alisation l\u00e9ch\u00e9e, dans laquelle <strong>les chanteurs se fondent au milieu d\u2019adolescents paniqu\u00e9s et poursuivis<\/strong>, prend aux tripes.<\/span><span id=\"p315\">\u00a0Difficile de ne pas \u00eatre un minimum\u00a0<span id=\"372\" class=\"s-ve-t\">touch\u00e9s<\/span>\u00a0par cette histoire au go\u00fbt trop prononc\u00e9 de\u00a0<span id=\"373\" class=\"s-rg-t\">d\u00e9j\u00e0-vu<\/span>.<\/span><span id=\"p316\">\u00a0Une description lente et imag\u00e9e, un aper\u00e7u \u00e0 peine voil\u00e9 de ce qu\u2019ont pu vivre les centaines d\u2019\u00e9l\u00e8ves et professeurs ayant fait face \u00e0 un tueur arm\u00e9.<\/span><span id=\"p317\">\u00a0Le spectateur n\u2019est pas \u00e9pargn\u00e9, tant mieux.<\/span><span id=\"p318\">\u00a0<strong>Un r\u00e9alisme prenant, aliment\u00e9 par des dizaines de t\u00e9moignages<\/strong> que vous pouvez retrouver sur le site <a href=\"https:\/\/biglove.com\/\">biglove.com<\/a>.<\/span><span id=\"p319\">\u00a0<\/span><\/p>\n<p><span id=\"p393\">Pouss\u00e9s par <strong>la triste \u00e9vidence que repr\u00e9sente le sort des migrants<\/strong>, les membres du groupe se sont mis dans leur peau pour une deuxi\u00e8me partie de court-m\u00e9trage, toute aussi poignante.<\/span><span id=\"p321\">\u00a0L\u2019attente, l\u2019angoisse, le d\u00e9sespoir, l\u2019espoir, la peur\u2026<\/span><span id=\"p322\">\u00a0Autant d\u2019\u00e9motions passant sur les visages de ceux qui esp\u00e8rent, mais qui finissent embarqu\u00e9s, s\u00e9par\u00e9s de leur famille et renvoy\u00e9s sans foi, ni loi.<\/span><span id=\"p323\">\u00a0<strong>Des enfants parqu\u00e9s dans des camps, affubl\u00e9s de l\u2019\u00e9tiquette \u00ab\u00a0<em>criminels<\/em>\u00a0\u00bb<\/strong>, habill\u00e9s d\u2019orange et dont les pleurs sont savamment ignor\u00e9s.<\/span><span id=\"p324\">\u00a0Des images qu\u2019on aurait rang\u00e9 dans la case \u00ab\u00a0<em>fiction<\/em>\u00a0\u00bb de notre cerveau il y a quelques ann\u00e9es, mais qui n\u2019en sont pas moins r\u00e9elles en 2018.<\/span><span id=\"p325\">\u00a0<\/span><\/p>\n<p>&nbsp;<\/p>\n<h3 id=\"une-interpretation-facile-des-politiques-bornes\">Une interpr\u00e9tation facile, des politiques born\u00e9s<\/h3>\n<p><span id=\"p326\"><img loading=\"lazy\" decoding=\"async\" class=\"aligncenter wp-image-6119 size-full\" src=\"https:\/\/kevinragonneau.fr\/blog\/wp-content\/uploads\/2019\/07\/blackeyedpeas.jpg\" alt=\"\" width=\"1290\" height=\"669\" srcset=\"https:\/\/kevinragonneau.fr\/blog\/wp-content\/uploads\/2019\/07\/blackeyedpeas.jpg 1290w, https:\/\/kevinragonneau.fr\/blog\/wp-content\/uploads\/2019\/07\/blackeyedpeas-768x398.jpg 768w, https:\/\/kevinragonneau.fr\/blog\/wp-content\/uploads\/2019\/07\/blackeyedpeas-770x399.jpg 770w\" sizes=\"auto, (max-width: 1290px) 100vw, 1290px\" \/><br \/>\nIl y a 18 ans, leur deuxi\u00e8me album, \u00ab\u00a0<em><span id=\"375\" class=\"s-rg-t\">Bridging<\/span>\u00a0The Gap<\/em>\u00a0\u00bb, sonnait d\u00e9j\u00e0 comme un rap engag\u00e9.<\/span><span id=\"p327\">\u00a0Le racisme, la politique ou encore la violence polici\u00e8re en \u00e9taient les principaux th\u00e8mes.<\/span><span id=\"p394\">\u00a0Pas si \u00e9tonnant donc que The Black Eyed Peas se penchent sur des ph\u00e9nom\u00e8nes qui font saigner l\u2019actualit\u00e9, les transformant en cri du c\u0153ur et appel \u00e0 l\u2019unit\u00e9.<\/span><span id=\"p329\">\u00a0En toute transparence, <strong>le groupe dresse le portrait d\u2019une Am\u00e9rique mutil\u00e9e et fractionn\u00e9e<\/strong>.<\/span><span id=\"p330\">\u00a0Ces 10 minutes sont dures, d\u00e9primantes et dirait-on m\u00eame, incommodes \u00e0 regarder.<\/span><span id=\"p331\">\u00a0Mais c\u2019est une n\u00e9cessit\u00e9 repr\u00e9sentant aussi une mani\u00e8re d\u2019apostropher le Gouvernement actuel et de <strong>le confronter au danger permanent que repr\u00e9sente cette vision d\u00e9fensive de la Constitution<\/strong>.<\/span><span id=\"p332\">\u00a0Pourtant, plut\u00f4t que penser \u00e0 renforcer la l\u00e9gislation sur le port d\u2019armes, le Pr\u00e9sident pr\u00e9f\u00e8re aiguiller sa politique vers la peine de mort.<\/span><span id=\"p333\">\u00a0Il a m\u00eame fait part de son avis dans une r\u00e9plique \u00e9loquente :<\/span><span id=\"p395\">\u00a0\u00ab\u00a0<em>Quand des gens font ce genre de chose, ils devraient se voir infliger la peine capitale<\/em> \u00bb.<\/span><span id=\"p335\">\u00a0Un d\u00e9tournement de sujet qui renforce le message du clip, repla\u00e7ant le vrai contexte.<\/span><span id=\"p396\">\u00a0La citation de fin, simple, mais efficace, conclue ces images avec brio :<\/span><span id=\"p397\">\u00a0\u00ab <em>Ils retirent les enfants de leurs parents, mais ils ne retirent pas les armes des mains des enfants<\/em>\u00a0<\/span><span id=\"p398\">\u00bb.<\/span><\/p>\n<p><span id=\"p338\">Quant \u00e0 savoir si les messages sont pass\u00e9s, il\u00a0<span id=\"383\">suffit<\/span>\u00a0de tenir compte du nombre de vues et de commentaires dithyrambiques qui s\u2019y accrochent.<\/span><span id=\"p339\">\u00a0En juillet 2017, Google a publi\u00e9 une \u00e9tude intitul\u00e9e \u00ab\u00a0<a href=\"https:\/\/www.thinkwithgoogle.com\/intl\/fr-fr\/tendances\/insights\/sur-youtube-la-musique-secoute-avec-les-yeux\/\">Sur YouTube, la musique s\u2019\u00e9coute avec les yeux<\/a>\u00a0\u00bb.<\/span><span id=\"p340\">\u00a0Une mani\u00e8re de rappeler que l\u2019on fait <strong>plus qu\u2019entendre des paroles d\u00e9sormais<\/strong>.<\/span><span id=\"p341\">\u00a0On les voit, on les comprend, on les assimile.<\/span><span id=\"p342\">\u00a0Est-il si utopique de penser que la jeune g\u00e9n\u00e9ration puisse s\u2019en retrouver plus concern\u00e9e ?<\/span><span id=\"p343\">\u00a0<strong>Que les erreurs commises aujourd\u2019hui seront les le\u00e7ons film\u00e9es des enfants de demain<\/strong> ?<\/span><span id=\"p344\">\u00a0<span id=\"384\" class=\"s-rg-t\">will.i.am<\/span>\u00a0a sa propre opinion :<\/span><span id=\"p399\"><span id=\"401\" class=\"s-bl-t\">\u00a0\u00ab <em>Une<\/em><\/span><em>\u00a0chanson peut changer l\u2019opinion d\u2019un homme.<\/em><\/span><span id=\"p402\"><em>\u00a0La musique peut changer la\u00a0<\/em><span id=\"403\" class=\"s-bl-t\"><em>vie<\/em> \u00bb.<\/span><\/span><span id=\"p347\">\u00a0Croisons les doigts pour que ce soit vrai.<\/span><span id=\"p348\">\u00a0<\/span><\/p>\n","protected":false},"excerpt":{"rendered":"<p>Si traditionnellement la participation aux \u00e9lections de mi-mandats aux \u00c9tats-Unis est faible, elle a cette ann\u00e9e atteint les 48%.\u00a0Un record depuis 1966.\u00a0En cause, une plus forte mobilisation dans les rangs&hellip;<\/p>\n","protected":false},"author":9,"featured_media":6118,"comment_status":"open","ping_status":"open","sticky":false,"template":"","format":"standard","meta":{"footnotes":""},"categories":[459],"tags":[],"powerkit_post_featured":[],"class_list":{"0":"post-6117","1":"post","2":"type-post","3":"status-publish","4":"format-standard","5":"has-post-thumbnail","7":"category-musique"},"yoast_head":"<!-- This site is optimized with the Yoast SEO plugin v27.4 - https:\/\/yoast.com\/product\/yoast-seo-wordpress\/ -->\n<title>This Is America et Big Love, la musique comme instrument politique<\/title>\n<meta name=\"robots\" content=\"index, follow, max-snippet:-1, max-image-preview:large, max-video-preview:-1\" \/>\n<link rel=\"canonical\" href=\"https:\/\/kevinragonneau.fr\/blog\/this-is-america-et-big-love-la-musique-comme-instrument-politique\" \/>\n<meta property=\"og:locale\" content=\"fr_FR\" \/>\n<meta property=\"og:type\" content=\"article\" \/>\n<meta property=\"og:title\" content=\"This Is America et Big Love, la musique comme instrument politique\" \/>\n<meta property=\"og:description\" content=\"Si traditionnellement la participation aux \u00e9lections de mi-mandats aux \u00c9tats-Unis est faible, elle a cette ann\u00e9e atteint les 48%.\u00a0Un record depuis 1966.\u00a0En cause, une plus forte mobilisation dans les rangs&hellip;\" \/>\n<meta property=\"og:url\" content=\"https:\/\/kevinragonneau.fr\/blog\/this-is-america-et-big-love-la-musique-comme-instrument-politique\" \/>\n<meta property=\"og:site_name\" content=\"Kevin Ragonneau\" \/>\n<meta property=\"article:publisher\" content=\"http:\/\/facebook.com\/kevinragonneau\" \/>\n<meta property=\"article:published_time\" content=\"2018-11-30T09:28:49+00:00\" \/>\n<meta property=\"article:modified_time\" content=\"2023-08-18T10:46:54+00:00\" \/>\n<meta property=\"og:image\" content=\"https:\/\/kevinragonneau.fr\/blog\/wp-content\/uploads\/2019\/07\/childish-gambino.jpg\" \/>\n\t<meta property=\"og:image:width\" content=\"1280\" \/>\n\t<meta property=\"og:image:height\" content=\"675\" \/>\n\t<meta property=\"og:image:type\" content=\"image\/jpeg\" \/>\n<meta name=\"author\" content=\"La\u00ebtitia\" \/>\n<meta name=\"twitter:card\" content=\"summary_large_image\" \/>\n<meta name=\"twitter:creator\" content=\"@K_Ragonneau\" \/>\n<meta name=\"twitter:site\" content=\"@K_Ragonneau\" \/>\n<meta name=\"twitter:label1\" content=\"\u00c9crit par\" \/>\n\t<meta name=\"twitter:data1\" content=\"La\u00ebtitia\" \/>\n\t<meta name=\"twitter:label2\" content=\"Dur\u00e9e de lecture estim\u00e9e\" \/>\n\t<meta name=\"twitter:data2\" content=\"10 minutes\" \/>\n<script type=\"application\/ld+json\" class=\"yoast-schema-graph\">{\"@context\":\"https:\\\/\\\/schema.org\",\"@graph\":[{\"@type\":\"Article\",\"@id\":\"https:\\\/\\\/kevinragonneau.fr\\\/blog\\\/this-is-america-et-big-love-la-musique-comme-instrument-politique#article\",\"isPartOf\":{\"@id\":\"https:\\\/\\\/kevinragonneau.fr\\\/blog\\\/this-is-america-et-big-love-la-musique-comme-instrument-politique\"},\"author\":{\"name\":\"La\u00ebtitia\",\"@id\":\"https:\\\/\\\/kevinragonneau.fr\\\/blog\\\/#\\\/schema\\\/person\\\/10746466fadead8771cc211d98fac223\"},\"headline\":\"This Is America et Big Love, la musique comme instrument politique\",\"datePublished\":\"2018-11-30T09:28:49+00:00\",\"dateModified\":\"2023-08-18T10:46:54+00:00\",\"mainEntityOfPage\":{\"@id\":\"https:\\\/\\\/kevinragonneau.fr\\\/blog\\\/this-is-america-et-big-love-la-musique-comme-instrument-politique\"},\"wordCount\":2001,\"commentCount\":0,\"image\":{\"@id\":\"https:\\\/\\\/kevinragonneau.fr\\\/blog\\\/this-is-america-et-big-love-la-musique-comme-instrument-politique#primaryimage\"},\"thumbnailUrl\":\"https:\\\/\\\/kevinragonneau.fr\\\/blog\\\/wp-content\\\/uploads\\\/2019\\\/07\\\/childish-gambino.jpg\",\"articleSection\":[\"Musique\"],\"inLanguage\":\"fr-FR\",\"potentialAction\":[{\"@type\":\"CommentAction\",\"name\":\"Comment\",\"target\":[\"https:\\\/\\\/kevinragonneau.fr\\\/blog\\\/this-is-america-et-big-love-la-musique-comme-instrument-politique#respond\"]}]},{\"@type\":\"WebPage\",\"@id\":\"https:\\\/\\\/kevinragonneau.fr\\\/blog\\\/this-is-america-et-big-love-la-musique-comme-instrument-politique\",\"url\":\"https:\\\/\\\/kevinragonneau.fr\\\/blog\\\/this-is-america-et-big-love-la-musique-comme-instrument-politique\",\"name\":\"This Is America et Big Love, la musique comme instrument politique\",\"isPartOf\":{\"@id\":\"https:\\\/\\\/kevinragonneau.fr\\\/blog\\\/#website\"},\"primaryImageOfPage\":{\"@id\":\"https:\\\/\\\/kevinragonneau.fr\\\/blog\\\/this-is-america-et-big-love-la-musique-comme-instrument-politique#primaryimage\"},\"image\":{\"@id\":\"https:\\\/\\\/kevinragonneau.fr\\\/blog\\\/this-is-america-et-big-love-la-musique-comme-instrument-politique#primaryimage\"},\"thumbnailUrl\":\"https:\\\/\\\/kevinragonneau.fr\\\/blog\\\/wp-content\\\/uploads\\\/2019\\\/07\\\/childish-gambino.jpg\",\"datePublished\":\"2018-11-30T09:28:49+00:00\",\"dateModified\":\"2023-08-18T10:46:54+00:00\",\"author\":{\"@id\":\"https:\\\/\\\/kevinragonneau.fr\\\/blog\\\/#\\\/schema\\\/person\\\/10746466fadead8771cc211d98fac223\"},\"breadcrumb\":{\"@id\":\"https:\\\/\\\/kevinragonneau.fr\\\/blog\\\/this-is-america-et-big-love-la-musique-comme-instrument-politique#breadcrumb\"},\"inLanguage\":\"fr-FR\",\"potentialAction\":[{\"@type\":\"ReadAction\",\"target\":[\"https:\\\/\\\/kevinragonneau.fr\\\/blog\\\/this-is-america-et-big-love-la-musique-comme-instrument-politique\"]}]},{\"@type\":\"ImageObject\",\"inLanguage\":\"fr-FR\",\"@id\":\"https:\\\/\\\/kevinragonneau.fr\\\/blog\\\/this-is-america-et-big-love-la-musique-comme-instrument-politique#primaryimage\",\"url\":\"https:\\\/\\\/kevinragonneau.fr\\\/blog\\\/wp-content\\\/uploads\\\/2019\\\/07\\\/childish-gambino.jpg\",\"contentUrl\":\"https:\\\/\\\/kevinragonneau.fr\\\/blog\\\/wp-content\\\/uploads\\\/2019\\\/07\\\/childish-gambino.jpg\",\"width\":1280,\"height\":675},{\"@type\":\"BreadcrumbList\",\"@id\":\"https:\\\/\\\/kevinragonneau.fr\\\/blog\\\/this-is-america-et-big-love-la-musique-comme-instrument-politique#breadcrumb\",\"itemListElement\":[{\"@type\":\"ListItem\",\"position\":1,\"name\":\"Accueil\",\"item\":\"https:\\\/\\\/kevinragonneau.fr\\\/blog\\\/\"},{\"@type\":\"ListItem\",\"position\":2,\"name\":\"This Is America et Big Love, la musique comme instrument politique\"}]},{\"@type\":\"WebSite\",\"@id\":\"https:\\\/\\\/kevinragonneau.fr\\\/blog\\\/#website\",\"url\":\"https:\\\/\\\/kevinragonneau.fr\\\/blog\\\/\",\"name\":\"Blog Lifestyle : Conseils de Voyage, Mode, Marketing Digital et Vie de Famille Inspirante\",\"description\":\"Blog Lifestyle : Conseils de Voyage, Mode, Marketing Digital et Vie de Famille Inspirante\",\"alternateName\":\"Blog de Kevin Ragonneau\",\"potentialAction\":[{\"@type\":\"SearchAction\",\"target\":{\"@type\":\"EntryPoint\",\"urlTemplate\":\"https:\\\/\\\/kevinragonneau.fr\\\/blog\\\/?s={search_term_string}\"},\"query-input\":{\"@type\":\"PropertyValueSpecification\",\"valueRequired\":true,\"valueName\":\"search_term_string\"}}],\"inLanguage\":\"fr-FR\"},{\"@type\":\"Person\",\"@id\":\"https:\\\/\\\/kevinragonneau.fr\\\/blog\\\/#\\\/schema\\\/person\\\/10746466fadead8771cc211d98fac223\",\"name\":\"La\u00ebtitia\",\"image\":{\"@type\":\"ImageObject\",\"inLanguage\":\"fr-FR\",\"@id\":\"https:\\\/\\\/secure.gravatar.com\\\/avatar\\\/3200dd4d5d29bd84d38eec4f63c3afb0b2fb76cde5f040c35b5f0204772a3fc7?s=96&d=mm&r=g\",\"url\":\"https:\\\/\\\/secure.gravatar.com\\\/avatar\\\/3200dd4d5d29bd84d38eec4f63c3afb0b2fb76cde5f040c35b5f0204772a3fc7?s=96&d=mm&r=g\",\"contentUrl\":\"https:\\\/\\\/secure.gravatar.com\\\/avatar\\\/3200dd4d5d29bd84d38eec4f63c3afb0b2fb76cde5f040c35b5f0204772a3fc7?s=96&d=mm&r=g\",\"caption\":\"La\u00ebtitia\"},\"description\":\"Il y a 6 ans, Lily a d\u00e9cid\u00e9 de quitter son job de R\u00e9dactrice \\\/ Journaliste freelance pour partir \u00e0 la d\u00e9couverte de l'Australie et assouvir sa soif de voyage et d'aventure. Depuis, elle a fait 2 fois le tour de l'Australie en road trip et s'est finalement pos\u00e9e \u00e0 Perth, un vrai coup de c\u0153ur. Elle est d\u00e9sormais coordinatrice de voyage et profite de son temps libre pour continuer \u00e0 \u00e9crire et conseiller les globe-trotteurs\",\"sameAs\":[\"https:\\\/\\\/www.instagram.com\\\/Lilytravely\\\/\"],\"url\":\"https:\\\/\\\/kevinragonneau.fr\\\/blog\\\/author\\\/laetitia\"}]}<\/script>\n<!-- \/ Yoast SEO plugin. -->","yoast_head_json":{"title":"This Is America et Big Love, la musique comme instrument politique","robots":{"index":"index","follow":"follow","max-snippet":"max-snippet:-1","max-image-preview":"max-image-preview:large","max-video-preview":"max-video-preview:-1"},"canonical":"https:\/\/kevinragonneau.fr\/blog\/this-is-america-et-big-love-la-musique-comme-instrument-politique","og_locale":"fr_FR","og_type":"article","og_title":"This Is America et Big Love, la musique comme instrument politique","og_description":"Si traditionnellement la participation aux \u00e9lections de mi-mandats aux \u00c9tats-Unis est faible, elle a cette ann\u00e9e atteint les 48%.\u00a0Un record depuis 1966.\u00a0En cause, une plus forte mobilisation dans les rangs&hellip;","og_url":"https:\/\/kevinragonneau.fr\/blog\/this-is-america-et-big-love-la-musique-comme-instrument-politique","og_site_name":"Kevin Ragonneau","article_publisher":"http:\/\/facebook.com\/kevinragonneau","article_published_time":"2018-11-30T09:28:49+00:00","article_modified_time":"2023-08-18T10:46:54+00:00","og_image":[{"width":1280,"height":675,"url":"https:\/\/kevinragonneau.fr\/blog\/wp-content\/uploads\/2019\/07\/childish-gambino.jpg","type":"image\/jpeg"}],"author":"La\u00ebtitia","twitter_card":"summary_large_image","twitter_creator":"@K_Ragonneau","twitter_site":"@K_Ragonneau","twitter_misc":{"\u00c9crit par":"La\u00ebtitia","Dur\u00e9e de lecture estim\u00e9e":"10 minutes"},"schema":{"@context":"https:\/\/schema.org","@graph":[{"@type":"Article","@id":"https:\/\/kevinragonneau.fr\/blog\/this-is-america-et-big-love-la-musique-comme-instrument-politique#article","isPartOf":{"@id":"https:\/\/kevinragonneau.fr\/blog\/this-is-america-et-big-love-la-musique-comme-instrument-politique"},"author":{"name":"La\u00ebtitia","@id":"https:\/\/kevinragonneau.fr\/blog\/#\/schema\/person\/10746466fadead8771cc211d98fac223"},"headline":"This Is America et Big Love, la musique comme instrument politique","datePublished":"2018-11-30T09:28:49+00:00","dateModified":"2023-08-18T10:46:54+00:00","mainEntityOfPage":{"@id":"https:\/\/kevinragonneau.fr\/blog\/this-is-america-et-big-love-la-musique-comme-instrument-politique"},"wordCount":2001,"commentCount":0,"image":{"@id":"https:\/\/kevinragonneau.fr\/blog\/this-is-america-et-big-love-la-musique-comme-instrument-politique#primaryimage"},"thumbnailUrl":"https:\/\/kevinragonneau.fr\/blog\/wp-content\/uploads\/2019\/07\/childish-gambino.jpg","articleSection":["Musique"],"inLanguage":"fr-FR","potentialAction":[{"@type":"CommentAction","name":"Comment","target":["https:\/\/kevinragonneau.fr\/blog\/this-is-america-et-big-love-la-musique-comme-instrument-politique#respond"]}]},{"@type":"WebPage","@id":"https:\/\/kevinragonneau.fr\/blog\/this-is-america-et-big-love-la-musique-comme-instrument-politique","url":"https:\/\/kevinragonneau.fr\/blog\/this-is-america-et-big-love-la-musique-comme-instrument-politique","name":"This Is America et Big Love, la musique comme instrument politique","isPartOf":{"@id":"https:\/\/kevinragonneau.fr\/blog\/#website"},"primaryImageOfPage":{"@id":"https:\/\/kevinragonneau.fr\/blog\/this-is-america-et-big-love-la-musique-comme-instrument-politique#primaryimage"},"image":{"@id":"https:\/\/kevinragonneau.fr\/blog\/this-is-america-et-big-love-la-musique-comme-instrument-politique#primaryimage"},"thumbnailUrl":"https:\/\/kevinragonneau.fr\/blog\/wp-content\/uploads\/2019\/07\/childish-gambino.jpg","datePublished":"2018-11-30T09:28:49+00:00","dateModified":"2023-08-18T10:46:54+00:00","author":{"@id":"https:\/\/kevinragonneau.fr\/blog\/#\/schema\/person\/10746466fadead8771cc211d98fac223"},"breadcrumb":{"@id":"https:\/\/kevinragonneau.fr\/blog\/this-is-america-et-big-love-la-musique-comme-instrument-politique#breadcrumb"},"inLanguage":"fr-FR","potentialAction":[{"@type":"ReadAction","target":["https:\/\/kevinragonneau.fr\/blog\/this-is-america-et-big-love-la-musique-comme-instrument-politique"]}]},{"@type":"ImageObject","inLanguage":"fr-FR","@id":"https:\/\/kevinragonneau.fr\/blog\/this-is-america-et-big-love-la-musique-comme-instrument-politique#primaryimage","url":"https:\/\/kevinragonneau.fr\/blog\/wp-content\/uploads\/2019\/07\/childish-gambino.jpg","contentUrl":"https:\/\/kevinragonneau.fr\/blog\/wp-content\/uploads\/2019\/07\/childish-gambino.jpg","width":1280,"height":675},{"@type":"BreadcrumbList","@id":"https:\/\/kevinragonneau.fr\/blog\/this-is-america-et-big-love-la-musique-comme-instrument-politique#breadcrumb","itemListElement":[{"@type":"ListItem","position":1,"name":"Accueil","item":"https:\/\/kevinragonneau.fr\/blog\/"},{"@type":"ListItem","position":2,"name":"This Is America et Big Love, la musique comme instrument politique"}]},{"@type":"WebSite","@id":"https:\/\/kevinragonneau.fr\/blog\/#website","url":"https:\/\/kevinragonneau.fr\/blog\/","name":"Blog Lifestyle : Conseils de Voyage, Mode, Marketing Digital et Vie de Famille Inspirante","description":"Blog Lifestyle : Conseils de Voyage, Mode, Marketing Digital et Vie de Famille Inspirante","alternateName":"Blog de Kevin Ragonneau","potentialAction":[{"@type":"SearchAction","target":{"@type":"EntryPoint","urlTemplate":"https:\/\/kevinragonneau.fr\/blog\/?s={search_term_string}"},"query-input":{"@type":"PropertyValueSpecification","valueRequired":true,"valueName":"search_term_string"}}],"inLanguage":"fr-FR"},{"@type":"Person","@id":"https:\/\/kevinragonneau.fr\/blog\/#\/schema\/person\/10746466fadead8771cc211d98fac223","name":"La\u00ebtitia","image":{"@type":"ImageObject","inLanguage":"fr-FR","@id":"https:\/\/secure.gravatar.com\/avatar\/3200dd4d5d29bd84d38eec4f63c3afb0b2fb76cde5f040c35b5f0204772a3fc7?s=96&d=mm&r=g","url":"https:\/\/secure.gravatar.com\/avatar\/3200dd4d5d29bd84d38eec4f63c3afb0b2fb76cde5f040c35b5f0204772a3fc7?s=96&d=mm&r=g","contentUrl":"https:\/\/secure.gravatar.com\/avatar\/3200dd4d5d29bd84d38eec4f63c3afb0b2fb76cde5f040c35b5f0204772a3fc7?s=96&d=mm&r=g","caption":"La\u00ebtitia"},"description":"Il y a 6 ans, Lily a d\u00e9cid\u00e9 de quitter son job de R\u00e9dactrice \/ Journaliste freelance pour partir \u00e0 la d\u00e9couverte de l'Australie et assouvir sa soif de voyage et d'aventure. Depuis, elle a fait 2 fois le tour de l'Australie en road trip et s'est finalement pos\u00e9e \u00e0 Perth, un vrai coup de c\u0153ur. Elle est d\u00e9sormais coordinatrice de voyage et profite de son temps libre pour continuer \u00e0 \u00e9crire et conseiller les globe-trotteurs","sameAs":["https:\/\/www.instagram.com\/Lilytravely\/"],"url":"https:\/\/kevinragonneau.fr\/blog\/author\/laetitia"}]}},"_links":{"self":[{"href":"https:\/\/kevinragonneau.fr\/blog\/wp-json\/wp\/v2\/posts\/6117","targetHints":{"allow":["GET"]}}],"collection":[{"href":"https:\/\/kevinragonneau.fr\/blog\/wp-json\/wp\/v2\/posts"}],"about":[{"href":"https:\/\/kevinragonneau.fr\/blog\/wp-json\/wp\/v2\/types\/post"}],"author":[{"embeddable":true,"href":"https:\/\/kevinragonneau.fr\/blog\/wp-json\/wp\/v2\/users\/9"}],"replies":[{"embeddable":true,"href":"https:\/\/kevinragonneau.fr\/blog\/wp-json\/wp\/v2\/comments?post=6117"}],"version-history":[{"count":0,"href":"https:\/\/kevinragonneau.fr\/blog\/wp-json\/wp\/v2\/posts\/6117\/revisions"}],"wp:featuredmedia":[{"embeddable":true,"href":"https:\/\/kevinragonneau.fr\/blog\/wp-json\/wp\/v2\/media\/6118"}],"wp:attachment":[{"href":"https:\/\/kevinragonneau.fr\/blog\/wp-json\/wp\/v2\/media?parent=6117"}],"wp:term":[{"taxonomy":"category","embeddable":true,"href":"https:\/\/kevinragonneau.fr\/blog\/wp-json\/wp\/v2\/categories?post=6117"},{"taxonomy":"post_tag","embeddable":true,"href":"https:\/\/kevinragonneau.fr\/blog\/wp-json\/wp\/v2\/tags?post=6117"},{"taxonomy":"powerkit_post_featured","embeddable":true,"href":"https:\/\/kevinragonneau.fr\/blog\/wp-json\/wp\/v2\/powerkit_post_featured?post=6117"}],"curies":[{"name":"wp","href":"https:\/\/api.w.org\/{rel}","templated":true}]}}