{"id":7632,"date":"2021-01-13T12:11:38","date_gmt":"2021-01-13T11:11:38","guid":{"rendered":"https:\/\/kevinragonneau.fr\/blog\/?p=7632"},"modified":"2021-06-22T10:24:50","modified_gmt":"2021-06-22T08:24:50","slug":"mon-avis-sur-brabantia-la-marque-tendance-design-que-lon-a-choisi-pour-equiper-la-cuisine","status":"publish","type":"post","link":"https:\/\/kevinragonneau.fr\/blog\/mon-avis-sur-brabantia-la-marque-tendance-design-que-lon-a-choisi-pour-equiper-la-cuisine","title":{"rendered":"Mon avis sur Brabantia, la marque tendance &#038; design que l&rsquo;on a choisi pour r\u00e9-\u00e9quiper la cuisine (bocaux de conservation, poubelle et ustensiles de cuisine) !"},"content":{"rendered":"<p><strong>En 2020, nous avons d\u00e9couvert la marque Brabantia avec <a href=\"https:\/\/www.instagram.com\/missudette\/\" target=\"_blank\" rel=\"noopener noreferrer\">Marine<\/a> et avons command\u00e9 plusieurs de leurs produits pour notre cuisine. J&rsquo;ai souvent partag\u00e9 nos achats avec vous sur <a href=\"https:\/\/www.instagram.com\/kevinragonneau\/\" target=\"_blank\" rel=\"noopener noreferrer\">Instagram<\/a> et vos questions et retours m&rsquo;ont encourag\u00e9 \u00e0 \u00e9crire cet article, pour vous donner mon avis sur la marque, sur les produits et vous montrer en d\u00e9tail nos achats <a href=\"https:\/\/www.brabantia.com\/fr\/\" target=\"_blank\" rel=\"noopener noreferrer\">Brabantia<\/a> pour la cuisine !<\/strong><\/p>\n<p>&nbsp;<\/p>\n<h2 id=\"brabantia-une-marque-design-pour-un-interieur-qui-vous-ressemble\">Brabantia, une marque design pour un int\u00e9rieur qui vous ressemble<\/h2>\n<p>Quand j&rsquo;ai commenc\u00e9 \u00e0 regarder sur leur site, j&rsquo;ai tout de suite accroch\u00e9 \u00e0 <a href=\"https:\/\/amzn.to\/3styVrF\" target=\"_blank\" rel=\"noopener noreferrer\">l&rsquo;univers esth\u00e9tique de la marque et de leurs produits<\/a>. Ce que j&rsquo;aime (et ce qui me fait \u00e9crire \u00ab\u00a0pour un int\u00e9rieur qui vous ressemble\u00a0\u00bb en sous-titre) est leur tr\u00e8s large gamme de produits et surtout de couleurs pour de nombreux produits dont les poubelles, qui sont, pour le coup, vraiment canons. Et franchement, je ne pensais pas un jour associ\u00e9 un tel adjectif pour vous parler d&rsquo;une poubelle. Mais je reviendrais dessus un peu plus bas dans cet article.<\/p>\n<p>&nbsp;<\/p>\n<h3 id=\"a-propos-de-la-marque\">\u00c0 propos de la marque<\/h3>\n<p><a href=\"https:\/\/www.brabantia.com\/fr\/\" target=\"_blank\" rel=\"noopener noreferrer\">Brabantia<\/a> est une marque dont la r\u00e9putation n&rsquo;est plus \u00e0 faire. Fond\u00e9e en 1919 aux Pays-Bas, la marque ne cesse depuis plus de 100 ans de proposer de nouveaux produits pour la cuisine, la salle de bains et le soin du linge, tout en gardant son style et sa touche de design \u00e9l\u00e9gante sur des produits qui de base, ne le sont pas forc\u00e9ment.<\/p>\n<p>&nbsp;<\/p>\n<h3 id=\"brabantia-une-marque-engagee\">Brabantia, une marque engag\u00e9e<\/h3>\n<p>Soucieuse de son impact pour la plan\u00e8te, la marque imagine ses produits pour \u00eatre recyclables tout en leur permettant, quand cela est possible, d&rsquo;aider et de participer l&rsquo;utilisateur \u00e0 faire un geste \u00e0 son tour pour la plan\u00e8te.<\/p>\n<p>De la gestion responsable des d\u00e9chets avec les poubelles permettant le tri, les \u00e9tendoirs et s\u00e9choirs rotatifs pour un s\u00e9chage naturel, les bocaux de conservation pour \u00e9viter le gaspillage&#8230; Chaque produit ou presque joue un r\u00f4le dans cette mission engag\u00e9e.<\/p>\n<p>&nbsp;<\/p>\n<h2 id=\"a-la-decouverte-des-produits-brabantia-que-nous-avons-a-lappartement\">\u00c0 la d\u00e9couverte des produits Brabantia que nous avons \u00e0 l&rsquo;appartement<\/h2>\n<p>Maintenant que vous en savez un peu plus sur la marque, je sais que vous vous demandez s\u00fbrement ce sur quoi nous avons craqu\u00e9 pour l&rsquo;appartement&#8230; Et bien, \u00e7a tombe bien, c&rsquo;est maintenant que je vais en parler.<\/p>\n<p>&nbsp;<\/p>\n<h2 id=\"les-bocaux-de-conservation-brabantia-pour-limiter-le-gaspillage\">Les bocaux de conservation Brabantia pour limiter le gaspillage<\/h2>\n<p>Dans un premier temps, nous avons fait une commande de bocaux de conservation pour la cuisine.<\/p>\n<p><strong>Les bocaux de conservations Brabantia que nous avons, et que nous recommandons :<\/strong><\/p>\n<p>\u2022 <a href=\"https:\/\/amzn.to\/3qdAHuQ\" target=\"_blank\" rel=\"noopener noreferrer\">Set de trois bocaux en verre<\/a>, 0.3, 0.6 et 1.1 L<br \/>\n\u2022 <a href=\"https:\/\/www.brabantia.com\/fr\/accessoires-de-cuisine\/rangement-nourriture\/boites\/boite-fenetre-ronde\/boite-fenetre-ronde-1-4-litres\/\" target=\"_blank\" rel=\"noopener noreferrer\">Boite fen\u00eatre ronde<\/a>, 1.4 L<\/p>\n<p>Chaque geste compte et on utilise depuis plusieurs ann\u00e9es maintenant des bocaux de conservations pour tendre au maximum aux produits en vrac pour le quotidien et limiter le gaspillage.<\/p>\n<p>On avait toujours un peu de mal \u00e0 trouver de beaux bocaux pratiques, styl\u00e9s et bien herm\u00e9tiques, alors nous sommes ravis d&rsquo;avoir fait la connaissance de la large gamme propos\u00e9e par Brabantia qui change la donne. Une r\u00e9f\u00e9rence ! Leur place est toute trouv\u00e9e dans la cuisine et mention sp\u00e9ciale pour le c\u00f4t\u00e9 empilable et les couvercles doseurs de certains mod\u00e8les.<\/p>\n<div id='gallery-1' class='gallery galleryid-7632 gallery-columns-2 gallery-size-medium'><figure class='gallery-item'>\n\t\t\t<div class='gallery-icon portrait'>\n\t\t\t\t<img loading=\"lazy\" decoding=\"async\" width=\"750\" height=\"750\" src=\"https:\/\/kevinragonneau.fr\/blog\/wp-content\/uploads\/2021\/01\/IMG_5384-750x750.jpg\" class=\"attachment-medium size-medium\" alt=\"\" srcset=\"https:\/\/kevinragonneau.fr\/blog\/wp-content\/uploads\/2021\/01\/IMG_5384-750x750.jpg 750w, https:\/\/kevinragonneau.fr\/blog\/wp-content\/uploads\/2021\/01\/IMG_5384-150x150.jpg 150w, https:\/\/kevinragonneau.fr\/blog\/wp-content\/uploads\/2021\/01\/IMG_5384-300x300.jpg 300w\" sizes=\"auto, (max-width: 750px) 100vw, 750px\" \/>\n\t\t\t<\/div><\/figure><figure class='gallery-item'>\n\t\t\t<div class='gallery-icon portrait'>\n\t\t\t\t<img loading=\"lazy\" decoding=\"async\" width=\"750\" height=\"750\" src=\"https:\/\/kevinragonneau.fr\/blog\/wp-content\/uploads\/2021\/01\/3A6512E9-223D-4EE8-8EA5-568C52713ADC-750x750.jpg\" class=\"attachment-medium size-medium\" alt=\"\" srcset=\"https:\/\/kevinragonneau.fr\/blog\/wp-content\/uploads\/2021\/01\/3A6512E9-223D-4EE8-8EA5-568C52713ADC-750x750.jpg 750w, https:\/\/kevinragonneau.fr\/blog\/wp-content\/uploads\/2021\/01\/3A6512E9-223D-4EE8-8EA5-568C52713ADC-150x150.jpg 150w, https:\/\/kevinragonneau.fr\/blog\/wp-content\/uploads\/2021\/01\/3A6512E9-223D-4EE8-8EA5-568C52713ADC-300x300.jpg 300w\" sizes=\"auto, (max-width: 750px) 100vw, 750px\" \/>\n\t\t\t<\/div><\/figure>\n\t\t<\/div>\n\n<p><em>Nos bocaux de conservation Brabantia<\/em><\/p>\n<p>&nbsp;<\/p>\n<h2 id=\"la-poubelle-touch-bin-new-de-brabantia-couleur-amande-une-poubelle-stylee-enfin\">La poubelle Touch Bin New de Brabantia, couleur \u00ab\u00a0Amande\u00a0\u00bb : une poubelle styl\u00e9e, enfin !<\/h2>\n<p>Pour notre seconde commande, nous souhaitions changer notre poubelle. On ne va pas se mentir, franchement, la poubelle est rarement un bel \u00e9l\u00e9ment dans la cuisine. La notre en tout cas \u00e9tait l\u00e0 car il en faut bien une, mais c&rsquo;\u00e9tait la poubelle classique sans design particulier.<\/p>\n<p>Nous voulions donc en changer et avions rep\u00e9r\u00e9s les poubelles Brabantia sans pour autant r\u00e9ussir \u00e0 faire un choix jusque-l\u00e0. Notre question existentielle \u00e9tait : avec ou sans p\u00e9dale ? &#8230; Ah, la fameuse question. Notre pr\u00e9c\u00e9dente poubelle \u00e9tait \u00e0 p\u00e9dale et c&rsquo;\u00e9tait devenu un r\u00e9flexe que l&rsquo;on pensait absolument n\u00e9cessaire.<\/p>\n<p>Pour autant et par choix esth\u00e9tique, nous avons choisi le mod\u00e8le Touch Bin New&#8230; Qui ne poss\u00e8de pas de p\u00e9dale ! Alors .. ? Alors tout va tr\u00e8s bien pour nous. Cela nous va tr\u00e8s bien et la pression \u00e0 effectuer pour ouvrir la poubelle sur le dessus est top, RAS.<\/p>\n<p><strong>Notre choix de poubelle Brabantia :<\/strong><\/p>\n<p>\u2022 <a href=\"https:\/\/amzn.to\/39rXe07\" target=\"_blank\" rel=\"noopener noreferrer\">Touch Bin New 30L<\/a> &#8211; Couleur Amande<br \/>\n=&gt; Les sacs-poubelles qui vont avec sont les <a href=\"https:\/\/amzn.to\/3by0ZDV\" target=\"_blank\" rel=\"noopener noreferrer\">Bin Liners, taille G<\/a><\/p>\n<p>Niveau style, on l&rsquo;a choisi couleur Amande (\u00ab\u00a0Almond\u00a0\u00bb sur le site) pour aller avec le reste de nos appareils et de notre style et nous validons notre choix. La couleur cr\u00e8me est top et va parfaitement dans notre univers.<\/p>\n<p><img loading=\"lazy\" decoding=\"async\" class=\"aligncenter wp-image-7648 size-large\" src=\"https:\/\/kevinragonneau.fr\/blog\/wp-content\/uploads\/2021\/01\/FEFEF318-D7A6-4088-B403-176EC1A2E1F8-2FEFBF5E-BEF3-4ADC-9FEF-20263252BCF2-1601x2000.jpg\" alt=\"\" width=\"1170\" height=\"1462\" srcset=\"https:\/\/kevinragonneau.fr\/blog\/wp-content\/uploads\/2021\/01\/FEFEF318-D7A6-4088-B403-176EC1A2E1F8-2FEFBF5E-BEF3-4ADC-9FEF-20263252BCF2-1601x2000.jpg 1601w, https:\/\/kevinragonneau.fr\/blog\/wp-content\/uploads\/2021\/01\/FEFEF318-D7A6-4088-B403-176EC1A2E1F8-2FEFBF5E-BEF3-4ADC-9FEF-20263252BCF2-768x959.jpg 768w, https:\/\/kevinragonneau.fr\/blog\/wp-content\/uploads\/2021\/01\/FEFEF318-D7A6-4088-B403-176EC1A2E1F8-2FEFBF5E-BEF3-4ADC-9FEF-20263252BCF2-1230x1536.jpg 1230w, https:\/\/kevinragonneau.fr\/blog\/wp-content\/uploads\/2021\/01\/FEFEF318-D7A6-4088-B403-176EC1A2E1F8-2FEFBF5E-BEF3-4ADC-9FEF-20263252BCF2-scaled.jpg 1640w, https:\/\/kevinragonneau.fr\/blog\/wp-content\/uploads\/2021\/01\/FEFEF318-D7A6-4088-B403-176EC1A2E1F8-2FEFBF5E-BEF3-4ADC-9FEF-20263252BCF2-770x962.jpg 770w\" sizes=\"auto, (max-width: 1170px) 100vw, 1170px\" \/><\/p>\n<p>Pour info, nous avons pris le mod\u00e8le en 30L et utilisons depuis exclusivement les <a href=\"https:\/\/amzn.to\/3by0ZDV\" target=\"_blank\" rel=\"noopener noreferrer\">sacs-poubelles de la marque<\/a> qui vont parfaitement pour ce mod\u00e8le.<\/p>\n<p>&nbsp;<\/p>\n<h2 id=\"les-ustensiles-de-cuisine-brabantia-qui-nous-facilitent-le-quotidien\">Les ustensiles de cuisine Brabantia qui nous facilitent le quotidien<\/h2>\n<p>La commande la plus r\u00e9cente que nous avons faite chez eux est une commande de couteaux et d&rsquo;ustensiles de cuisine pour nous faciliter la vie. Nous manquions principalement d&rsquo;un set de couteaux qui a motiv\u00e9 notre commande et qui, une fois sur le site, nous avons craqu\u00e9 \u00e9galement sur un kit de chef Italien (parfais pour ma recette de Tortellinis cre\u0300me de truffe et de nos pizzas maison) ainsi qu&rsquo;une cuill\u00e8re de service avec spatule.<\/p>\n<p><strong>Nos accessoires \/ ustensiles de cuisine Brabantia :<\/strong><\/p>\n<p>\u2022 <a href=\"https:\/\/amzn.to\/3sokPra\" target=\"_blank\" rel=\"noopener noreferrer\">Kit de chef italien avec cuill\u00e8re \u00e0 spaghetti, r\u00e2pe et couteau \u00e0 pizza<\/a><br \/>\n\u2022 <a href=\"https:\/\/amzn.to\/3nDfiJJ\" target=\"_blank\" rel=\"noopener noreferrer\">Cuill\u00e8re de service avec spatule<\/a><br \/>\n\u2022 <a href=\"https:\/\/amzn.to\/3slCsrJ\" target=\"_blank\" rel=\"noopener noreferrer\">Bloc \u00e0 couteaux + couteaux<\/a><\/p>\n<p><img loading=\"lazy\" decoding=\"async\" class=\"aligncenter wp-image-7644 size-large\" src=\"https:\/\/kevinragonneau.fr\/blog\/wp-content\/uploads\/2021\/01\/0A3A7535-1333x2000.jpg\" alt=\"\" width=\"1170\" height=\"1755\" \/><\/p>\n<h2 id=\"\"><\/h2>\n<h2 id=\"mon-avis-general-sur-brabantia-et-nos-commandes\">Mon avis g\u00e9n\u00e9ral sur Brabantia et nos commandes<\/h2>\n<p>Apr\u00e8s trois commandes dans divers univers de la marque, mon avis sur Brabantia et leurs produits est tr\u00e8s positif. Nous n&rsquo;avons eu aucun probl\u00e8me avec tout ce que nous avons command\u00e9s et nous ne regrettons aucun de ces achats que nous utilisons au quotidien. Nous ne pouvons donc que vous les recommander !<\/p>\n<hr \/>\n<p><a href=\"https:\/\/www.brabantia.com\/welcome\/\" target=\"_blank\" rel=\"noopener noreferrer\">www.brabantia.com<\/a> <a class=\"notranslate\" tabindex=\"0\" href=\"https:\/\/www.instagram.com\/brabantia\/\" target=\"_blank\" rel=\"noopener noreferrer\">@brabantia<\/a>\u00a0<a class=\" xil3i\" tabindex=\"0\" href=\"https:\/\/www.instagram.com\/explore\/tags\/brabantia\/\" target=\"_blank\" rel=\"noopener noreferrer\">#brabantia<\/a>\u00a0<a class=\" xil3i\" tabindex=\"0\" href=\"https:\/\/www.instagram.com\/explore\/tags\/enjoythedoing\/\" target=\"_blank\" rel=\"noopener noreferrer\">#enjoythedoing<\/a><br \/>\nPhotos par <a href=\"https:\/\/missudetteandco.com\/\" target=\"_blank\" rel=\"noopener noreferrer\">Marine<\/a> &#x1f90d;<\/p>\n","protected":false},"excerpt":{"rendered":"<p>En 2020, nous avons d\u00e9couvert la marque Brabantia avec Marine et avons command\u00e9 plusieurs de leurs produits pour notre cuisine. J&rsquo;ai souvent partag\u00e9 nos achats avec vous sur Instagram et&hellip;<\/p>\n","protected":false},"author":1,"featured_media":7647,"comment_status":"open","ping_status":"open","sticky":false,"template":"","format":"standard","meta":{"footnotes":""},"categories":[337,3],"tags":[],"powerkit_post_featured":[],"class_list":{"0":"post-7632","1":"post","2":"type-post","3":"status-publish","4":"format-standard","5":"has-post-thumbnail","7":"category-jai-teste","8":"category-lifestyle"},"yoast_head":"<!-- This site is optimized with the Yoast SEO plugin v27.4 - https:\/\/yoast.com\/product\/yoast-seo-wordpress\/ -->\n<title>Mon avis sur Brabantia, la marque tendance &amp; design que l&#039;on a choisi pour r\u00e9-\u00e9quiper la cuisine (bocaux de conservation, poubelle et ustensiles de cuisine) !<\/title>\n<meta name=\"robots\" content=\"index, follow, max-snippet:-1, max-image-preview:large, max-video-preview:-1\" \/>\n<link rel=\"canonical\" href=\"https:\/\/kevinragonneau.fr\/blog\/mon-avis-sur-brabantia-la-marque-tendance-design-que-lon-a-choisi-pour-equiper-la-cuisine\" \/>\n<meta property=\"og:locale\" content=\"fr_FR\" \/>\n<meta property=\"og:type\" content=\"article\" \/>\n<meta property=\"og:title\" content=\"Mon avis sur Brabantia, la marque tendance &amp; design que l&#039;on a choisi pour r\u00e9-\u00e9quiper la cuisine (bocaux de conservation, poubelle et ustensiles de cuisine) !\" \/>\n<meta property=\"og:description\" content=\"En 2020, nous avons d\u00e9couvert la marque Brabantia avec Marine et avons command\u00e9 plusieurs de leurs produits pour notre cuisine. J&rsquo;ai souvent partag\u00e9 nos achats avec vous sur Instagram et&hellip;\" \/>\n<meta property=\"og:url\" content=\"https:\/\/kevinragonneau.fr\/blog\/mon-avis-sur-brabantia-la-marque-tendance-design-que-lon-a-choisi-pour-equiper-la-cuisine\" \/>\n<meta property=\"og:site_name\" content=\"Kevin Ragonneau\" \/>\n<meta property=\"article:publisher\" content=\"http:\/\/facebook.com\/kevinragonneau\" \/>\n<meta property=\"article:author\" content=\"facebook\" \/>\n<meta property=\"article:published_time\" content=\"2021-01-13T11:11:38+00:00\" \/>\n<meta property=\"article:modified_time\" content=\"2021-06-22T08:24:50+00:00\" \/>\n<meta property=\"og:image\" content=\"https:\/\/kevinragonneau.fr\/blog\/wp-content\/uploads\/2021\/01\/brabantia-avis-kevinragonneau.jpg\" \/>\n\t<meta property=\"og:image:width\" content=\"1200\" \/>\n\t<meta property=\"og:image:height\" content=\"1267\" \/>\n\t<meta property=\"og:image:type\" content=\"image\/jpeg\" \/>\n<meta name=\"author\" content=\"kevin\" \/>\n<meta name=\"twitter:card\" content=\"summary_large_image\" \/>\n<meta name=\"twitter:creator\" content=\"@K_Ragonneau\" \/>\n<meta name=\"twitter:site\" content=\"@K_Ragonneau\" \/>\n<meta name=\"twitter:label1\" content=\"\u00c9crit par\" \/>\n\t<meta name=\"twitter:data1\" content=\"kevin\" \/>\n\t<meta name=\"twitter:label2\" content=\"Dur\u00e9e de lecture estim\u00e9e\" \/>\n\t<meta name=\"twitter:data2\" content=\"5 minutes\" \/>\n<script type=\"application\/ld+json\" class=\"yoast-schema-graph\">{\"@context\":\"https:\\\/\\\/schema.org\",\"@graph\":[{\"@type\":\"Article\",\"@id\":\"https:\\\/\\\/kevinragonneau.fr\\\/blog\\\/mon-avis-sur-brabantia-la-marque-tendance-design-que-lon-a-choisi-pour-equiper-la-cuisine#article\",\"isPartOf\":{\"@id\":\"https:\\\/\\\/kevinragonneau.fr\\\/blog\\\/mon-avis-sur-brabantia-la-marque-tendance-design-que-lon-a-choisi-pour-equiper-la-cuisine\"},\"author\":{\"name\":\"kevin\",\"@id\":\"https:\\\/\\\/kevinragonneau.fr\\\/blog\\\/#\\\/schema\\\/person\\\/699d420145eef6a72e6ee2874017089b\"},\"headline\":\"Mon avis sur Brabantia, la marque tendance &#038; design que l&rsquo;on a choisi pour r\u00e9-\u00e9quiper la cuisine (bocaux de conservation, poubelle et ustensiles de cuisine) !\",\"datePublished\":\"2021-01-13T11:11:38+00:00\",\"dateModified\":\"2021-06-22T08:24:50+00:00\",\"mainEntityOfPage\":{\"@id\":\"https:\\\/\\\/kevinragonneau.fr\\\/blog\\\/mon-avis-sur-brabantia-la-marque-tendance-design-que-lon-a-choisi-pour-equiper-la-cuisine\"},\"wordCount\":1043,\"commentCount\":0,\"image\":{\"@id\":\"https:\\\/\\\/kevinragonneau.fr\\\/blog\\\/mon-avis-sur-brabantia-la-marque-tendance-design-que-lon-a-choisi-pour-equiper-la-cuisine#primaryimage\"},\"thumbnailUrl\":\"https:\\\/\\\/kevinragonneau.fr\\\/blog\\\/wp-content\\\/uploads\\\/2021\\\/01\\\/brabantia-avis-kevinragonneau.jpg\",\"articleSection\":[\"J'ai test\u00e9\",\"Lifestyle\"],\"inLanguage\":\"fr-FR\",\"potentialAction\":[{\"@type\":\"CommentAction\",\"name\":\"Comment\",\"target\":[\"https:\\\/\\\/kevinragonneau.fr\\\/blog\\\/mon-avis-sur-brabantia-la-marque-tendance-design-que-lon-a-choisi-pour-equiper-la-cuisine#respond\"]}]},{\"@type\":\"WebPage\",\"@id\":\"https:\\\/\\\/kevinragonneau.fr\\\/blog\\\/mon-avis-sur-brabantia-la-marque-tendance-design-que-lon-a-choisi-pour-equiper-la-cuisine\",\"url\":\"https:\\\/\\\/kevinragonneau.fr\\\/blog\\\/mon-avis-sur-brabantia-la-marque-tendance-design-que-lon-a-choisi-pour-equiper-la-cuisine\",\"name\":\"Mon avis sur Brabantia, la marque tendance & design que l'on a choisi pour r\u00e9-\u00e9quiper la cuisine (bocaux de conservation, poubelle et ustensiles de cuisine) !\",\"isPartOf\":{\"@id\":\"https:\\\/\\\/kevinragonneau.fr\\\/blog\\\/#website\"},\"primaryImageOfPage\":{\"@id\":\"https:\\\/\\\/kevinragonneau.fr\\\/blog\\\/mon-avis-sur-brabantia-la-marque-tendance-design-que-lon-a-choisi-pour-equiper-la-cuisine#primaryimage\"},\"image\":{\"@id\":\"https:\\\/\\\/kevinragonneau.fr\\\/blog\\\/mon-avis-sur-brabantia-la-marque-tendance-design-que-lon-a-choisi-pour-equiper-la-cuisine#primaryimage\"},\"thumbnailUrl\":\"https:\\\/\\\/kevinragonneau.fr\\\/blog\\\/wp-content\\\/uploads\\\/2021\\\/01\\\/brabantia-avis-kevinragonneau.jpg\",\"datePublished\":\"2021-01-13T11:11:38+00:00\",\"dateModified\":\"2021-06-22T08:24:50+00:00\",\"author\":{\"@id\":\"https:\\\/\\\/kevinragonneau.fr\\\/blog\\\/#\\\/schema\\\/person\\\/699d420145eef6a72e6ee2874017089b\"},\"breadcrumb\":{\"@id\":\"https:\\\/\\\/kevinragonneau.fr\\\/blog\\\/mon-avis-sur-brabantia-la-marque-tendance-design-que-lon-a-choisi-pour-equiper-la-cuisine#breadcrumb\"},\"inLanguage\":\"fr-FR\",\"potentialAction\":[{\"@type\":\"ReadAction\",\"target\":[\"https:\\\/\\\/kevinragonneau.fr\\\/blog\\\/mon-avis-sur-brabantia-la-marque-tendance-design-que-lon-a-choisi-pour-equiper-la-cuisine\"]}]},{\"@type\":\"ImageObject\",\"inLanguage\":\"fr-FR\",\"@id\":\"https:\\\/\\\/kevinragonneau.fr\\\/blog\\\/mon-avis-sur-brabantia-la-marque-tendance-design-que-lon-a-choisi-pour-equiper-la-cuisine#primaryimage\",\"url\":\"https:\\\/\\\/kevinragonneau.fr\\\/blog\\\/wp-content\\\/uploads\\\/2021\\\/01\\\/brabantia-avis-kevinragonneau.jpg\",\"contentUrl\":\"https:\\\/\\\/kevinragonneau.fr\\\/blog\\\/wp-content\\\/uploads\\\/2021\\\/01\\\/brabantia-avis-kevinragonneau.jpg\",\"width\":1200,\"height\":1267},{\"@type\":\"BreadcrumbList\",\"@id\":\"https:\\\/\\\/kevinragonneau.fr\\\/blog\\\/mon-avis-sur-brabantia-la-marque-tendance-design-que-lon-a-choisi-pour-equiper-la-cuisine#breadcrumb\",\"itemListElement\":[{\"@type\":\"ListItem\",\"position\":1,\"name\":\"Accueil\",\"item\":\"https:\\\/\\\/kevinragonneau.fr\\\/blog\\\/\"},{\"@type\":\"ListItem\",\"position\":2,\"name\":\"Mon avis sur Brabantia, la marque tendance &#038; design que l&rsquo;on a choisi pour r\u00e9-\u00e9quiper la cuisine (bocaux de conservation, poubelle et ustensiles de cuisine) !\"}]},{\"@type\":\"WebSite\",\"@id\":\"https:\\\/\\\/kevinragonneau.fr\\\/blog\\\/#website\",\"url\":\"https:\\\/\\\/kevinragonneau.fr\\\/blog\\\/\",\"name\":\"Blog Lifestyle : Conseils de Voyage, Mode, Marketing Digital et Vie de Famille Inspirante\",\"description\":\"Blog Lifestyle : Conseils de Voyage, Mode, Marketing Digital et Vie de Famille Inspirante\",\"alternateName\":\"Blog de Kevin Ragonneau\",\"potentialAction\":[{\"@type\":\"SearchAction\",\"target\":{\"@type\":\"EntryPoint\",\"urlTemplate\":\"https:\\\/\\\/kevinragonneau.fr\\\/blog\\\/?s={search_term_string}\"},\"query-input\":{\"@type\":\"PropertyValueSpecification\",\"valueRequired\":true,\"valueName\":\"search_term_string\"}}],\"inLanguage\":\"fr-FR\"},{\"@type\":\"Person\",\"@id\":\"https:\\\/\\\/kevinragonneau.fr\\\/blog\\\/#\\\/schema\\\/person\\\/699d420145eef6a72e6ee2874017089b\",\"name\":\"kevin\",\"image\":{\"@type\":\"ImageObject\",\"inLanguage\":\"fr-FR\",\"@id\":\"https:\\\/\\\/secure.gravatar.com\\\/avatar\\\/13848386d61634190fd948f9c9942d9dbd215b2fb0cc6c7462a7427b3f9d264e?s=96&d=mm&r=g\",\"url\":\"https:\\\/\\\/secure.gravatar.com\\\/avatar\\\/13848386d61634190fd948f9c9942d9dbd215b2fb0cc6c7462a7427b3f9d264e?s=96&d=mm&r=g\",\"contentUrl\":\"https:\\\/\\\/secure.gravatar.com\\\/avatar\\\/13848386d61634190fd948f9c9942d9dbd215b2fb0cc6c7462a7427b3f9d264e?s=96&d=mm&r=g\",\"caption\":\"kevin\"},\"description\":\"26 ans, Paris. D\u00e9veloppeur web &amp; Blogueur.\",\"sameAs\":[\"http:\\\/\\\/www.kevinragonneau.fr\\\/blog\",\"facebook\",\"instagram\"],\"url\":\"https:\\\/\\\/kevinragonneau.fr\\\/blog\\\/author\\\/kevin\"}]}<\/script>\n<!-- \/ Yoast SEO plugin. -->","yoast_head_json":{"title":"Mon avis sur Brabantia, la marque tendance & design que l'on a choisi pour r\u00e9-\u00e9quiper la cuisine (bocaux de conservation, poubelle et ustensiles de cuisine) !","robots":{"index":"index","follow":"follow","max-snippet":"max-snippet:-1","max-image-preview":"max-image-preview:large","max-video-preview":"max-video-preview:-1"},"canonical":"https:\/\/kevinragonneau.fr\/blog\/mon-avis-sur-brabantia-la-marque-tendance-design-que-lon-a-choisi-pour-equiper-la-cuisine","og_locale":"fr_FR","og_type":"article","og_title":"Mon avis sur Brabantia, la marque tendance & design que l'on a choisi pour r\u00e9-\u00e9quiper la cuisine (bocaux de conservation, poubelle et ustensiles de cuisine) !","og_description":"En 2020, nous avons d\u00e9couvert la marque Brabantia avec Marine et avons command\u00e9 plusieurs de leurs produits pour notre cuisine. J&rsquo;ai souvent partag\u00e9 nos achats avec vous sur Instagram et&hellip;","og_url":"https:\/\/kevinragonneau.fr\/blog\/mon-avis-sur-brabantia-la-marque-tendance-design-que-lon-a-choisi-pour-equiper-la-cuisine","og_site_name":"Kevin Ragonneau","article_publisher":"http:\/\/facebook.com\/kevinragonneau","article_author":"facebook","article_published_time":"2021-01-13T11:11:38+00:00","article_modified_time":"2021-06-22T08:24:50+00:00","og_image":[{"width":1200,"height":1267,"url":"https:\/\/kevinragonneau.fr\/blog\/wp-content\/uploads\/2021\/01\/brabantia-avis-kevinragonneau.jpg","type":"image\/jpeg"}],"author":"kevin","twitter_card":"summary_large_image","twitter_creator":"@K_Ragonneau","twitter_site":"@K_Ragonneau","twitter_misc":{"\u00c9crit par":"kevin","Dur\u00e9e de lecture estim\u00e9e":"5 minutes"},"schema":{"@context":"https:\/\/schema.org","@graph":[{"@type":"Article","@id":"https:\/\/kevinragonneau.fr\/blog\/mon-avis-sur-brabantia-la-marque-tendance-design-que-lon-a-choisi-pour-equiper-la-cuisine#article","isPartOf":{"@id":"https:\/\/kevinragonneau.fr\/blog\/mon-avis-sur-brabantia-la-marque-tendance-design-que-lon-a-choisi-pour-equiper-la-cuisine"},"author":{"name":"kevin","@id":"https:\/\/kevinragonneau.fr\/blog\/#\/schema\/person\/699d420145eef6a72e6ee2874017089b"},"headline":"Mon avis sur Brabantia, la marque tendance &#038; design que l&rsquo;on a choisi pour r\u00e9-\u00e9quiper la cuisine (bocaux de conservation, poubelle et ustensiles de cuisine) !","datePublished":"2021-01-13T11:11:38+00:00","dateModified":"2021-06-22T08:24:50+00:00","mainEntityOfPage":{"@id":"https:\/\/kevinragonneau.fr\/blog\/mon-avis-sur-brabantia-la-marque-tendance-design-que-lon-a-choisi-pour-equiper-la-cuisine"},"wordCount":1043,"commentCount":0,"image":{"@id":"https:\/\/kevinragonneau.fr\/blog\/mon-avis-sur-brabantia-la-marque-tendance-design-que-lon-a-choisi-pour-equiper-la-cuisine#primaryimage"},"thumbnailUrl":"https:\/\/kevinragonneau.fr\/blog\/wp-content\/uploads\/2021\/01\/brabantia-avis-kevinragonneau.jpg","articleSection":["J'ai test\u00e9","Lifestyle"],"inLanguage":"fr-FR","potentialAction":[{"@type":"CommentAction","name":"Comment","target":["https:\/\/kevinragonneau.fr\/blog\/mon-avis-sur-brabantia-la-marque-tendance-design-que-lon-a-choisi-pour-equiper-la-cuisine#respond"]}]},{"@type":"WebPage","@id":"https:\/\/kevinragonneau.fr\/blog\/mon-avis-sur-brabantia-la-marque-tendance-design-que-lon-a-choisi-pour-equiper-la-cuisine","url":"https:\/\/kevinragonneau.fr\/blog\/mon-avis-sur-brabantia-la-marque-tendance-design-que-lon-a-choisi-pour-equiper-la-cuisine","name":"Mon avis sur Brabantia, la marque tendance & design que l'on a choisi pour r\u00e9-\u00e9quiper la cuisine (bocaux de conservation, poubelle et ustensiles de cuisine) !","isPartOf":{"@id":"https:\/\/kevinragonneau.fr\/blog\/#website"},"primaryImageOfPage":{"@id":"https:\/\/kevinragonneau.fr\/blog\/mon-avis-sur-brabantia-la-marque-tendance-design-que-lon-a-choisi-pour-equiper-la-cuisine#primaryimage"},"image":{"@id":"https:\/\/kevinragonneau.fr\/blog\/mon-avis-sur-brabantia-la-marque-tendance-design-que-lon-a-choisi-pour-equiper-la-cuisine#primaryimage"},"thumbnailUrl":"https:\/\/kevinragonneau.fr\/blog\/wp-content\/uploads\/2021\/01\/brabantia-avis-kevinragonneau.jpg","datePublished":"2021-01-13T11:11:38+00:00","dateModified":"2021-06-22T08:24:50+00:00","author":{"@id":"https:\/\/kevinragonneau.fr\/blog\/#\/schema\/person\/699d420145eef6a72e6ee2874017089b"},"breadcrumb":{"@id":"https:\/\/kevinragonneau.fr\/blog\/mon-avis-sur-brabantia-la-marque-tendance-design-que-lon-a-choisi-pour-equiper-la-cuisine#breadcrumb"},"inLanguage":"fr-FR","potentialAction":[{"@type":"ReadAction","target":["https:\/\/kevinragonneau.fr\/blog\/mon-avis-sur-brabantia-la-marque-tendance-design-que-lon-a-choisi-pour-equiper-la-cuisine"]}]},{"@type":"ImageObject","inLanguage":"fr-FR","@id":"https:\/\/kevinragonneau.fr\/blog\/mon-avis-sur-brabantia-la-marque-tendance-design-que-lon-a-choisi-pour-equiper-la-cuisine#primaryimage","url":"https:\/\/kevinragonneau.fr\/blog\/wp-content\/uploads\/2021\/01\/brabantia-avis-kevinragonneau.jpg","contentUrl":"https:\/\/kevinragonneau.fr\/blog\/wp-content\/uploads\/2021\/01\/brabantia-avis-kevinragonneau.jpg","width":1200,"height":1267},{"@type":"BreadcrumbList","@id":"https:\/\/kevinragonneau.fr\/blog\/mon-avis-sur-brabantia-la-marque-tendance-design-que-lon-a-choisi-pour-equiper-la-cuisine#breadcrumb","itemListElement":[{"@type":"ListItem","position":1,"name":"Accueil","item":"https:\/\/kevinragonneau.fr\/blog\/"},{"@type":"ListItem","position":2,"name":"Mon avis sur Brabantia, la marque tendance &#038; design que l&rsquo;on a choisi pour r\u00e9-\u00e9quiper la cuisine (bocaux de conservation, poubelle et ustensiles de cuisine) !"}]},{"@type":"WebSite","@id":"https:\/\/kevinragonneau.fr\/blog\/#website","url":"https:\/\/kevinragonneau.fr\/blog\/","name":"Blog Lifestyle : Conseils de Voyage, Mode, Marketing Digital et Vie de Famille Inspirante","description":"Blog Lifestyle : Conseils de Voyage, Mode, Marketing Digital et Vie de Famille Inspirante","alternateName":"Blog de Kevin Ragonneau","potentialAction":[{"@type":"SearchAction","target":{"@type":"EntryPoint","urlTemplate":"https:\/\/kevinragonneau.fr\/blog\/?s={search_term_string}"},"query-input":{"@type":"PropertyValueSpecification","valueRequired":true,"valueName":"search_term_string"}}],"inLanguage":"fr-FR"},{"@type":"Person","@id":"https:\/\/kevinragonneau.fr\/blog\/#\/schema\/person\/699d420145eef6a72e6ee2874017089b","name":"kevin","image":{"@type":"ImageObject","inLanguage":"fr-FR","@id":"https:\/\/secure.gravatar.com\/avatar\/13848386d61634190fd948f9c9942d9dbd215b2fb0cc6c7462a7427b3f9d264e?s=96&d=mm&r=g","url":"https:\/\/secure.gravatar.com\/avatar\/13848386d61634190fd948f9c9942d9dbd215b2fb0cc6c7462a7427b3f9d264e?s=96&d=mm&r=g","contentUrl":"https:\/\/secure.gravatar.com\/avatar\/13848386d61634190fd948f9c9942d9dbd215b2fb0cc6c7462a7427b3f9d264e?s=96&d=mm&r=g","caption":"kevin"},"description":"26 ans, Paris. D\u00e9veloppeur web &amp; Blogueur.","sameAs":["http:\/\/www.kevinragonneau.fr\/blog","facebook","instagram"],"url":"https:\/\/kevinragonneau.fr\/blog\/author\/kevin"}]}},"_links":{"self":[{"href":"https:\/\/kevinragonneau.fr\/blog\/wp-json\/wp\/v2\/posts\/7632","targetHints":{"allow":["GET"]}}],"collection":[{"href":"https:\/\/kevinragonneau.fr\/blog\/wp-json\/wp\/v2\/posts"}],"about":[{"href":"https:\/\/kevinragonneau.fr\/blog\/wp-json\/wp\/v2\/types\/post"}],"author":[{"embeddable":true,"href":"https:\/\/kevinragonneau.fr\/blog\/wp-json\/wp\/v2\/users\/1"}],"replies":[{"embeddable":true,"href":"https:\/\/kevinragonneau.fr\/blog\/wp-json\/wp\/v2\/comments?post=7632"}],"version-history":[{"count":0,"href":"https:\/\/kevinragonneau.fr\/blog\/wp-json\/wp\/v2\/posts\/7632\/revisions"}],"wp:featuredmedia":[{"embeddable":true,"href":"https:\/\/kevinragonneau.fr\/blog\/wp-json\/wp\/v2\/media\/7647"}],"wp:attachment":[{"href":"https:\/\/kevinragonneau.fr\/blog\/wp-json\/wp\/v2\/media?parent=7632"}],"wp:term":[{"taxonomy":"category","embeddable":true,"href":"https:\/\/kevinragonneau.fr\/blog\/wp-json\/wp\/v2\/categories?post=7632"},{"taxonomy":"post_tag","embeddable":true,"href":"https:\/\/kevinragonneau.fr\/blog\/wp-json\/wp\/v2\/tags?post=7632"},{"taxonomy":"powerkit_post_featured","embeddable":true,"href":"https:\/\/kevinragonneau.fr\/blog\/wp-json\/wp\/v2\/powerkit_post_featured?post=7632"}],"curies":[{"name":"wp","href":"https:\/\/api.w.org\/{rel}","templated":true}]}}