{"id":7802,"date":"2021-02-17T15:31:02","date_gmt":"2021-02-17T14:31:02","guid":{"rendered":"https:\/\/kevinragonneau.fr\/blog\/?p=7802"},"modified":"2021-02-17T15:39:34","modified_gmt":"2021-02-17T14:39:34","slug":"decouvrez-la-premiere-bande-annonce-devoilee-par-disney-du-film-cruella-avec-emma-stone","status":"publish","type":"post","link":"https:\/\/kevinragonneau.fr\/blog\/decouvrez-la-premiere-bande-annonce-devoilee-par-disney-du-film-cruella-avec-emma-stone","title":{"rendered":"D\u00e9couvrez la premi\u00e8re bande-annonce d\u00e9voil\u00e9e par Disney du film \u00ab\u00a0Cruella\u00a0\u00bb avec Emma Stone"},"content":{"rendered":"<p><strong>Disney vient de d\u00e9voiler la premi\u00e8re bande-annonce du film \u00ab\u00a0Cruella\u00a0\u00bb dont la sortie est annonc\u00e9e pour le mois de mai. La voici !<\/strong><\/p>\n<p><iframe loading=\"lazy\" frameborder=\"0\" height=\"315\" src=\"https:\/\/www.youtube.com\/embed\/JmuxhV5UJ7Q\" width=\"560\"><\/iframe><\/p>\n<p>Londres, ann\u00e9es 70, en plein mouvement punk rock. Escroc pleine de talent,\u00a0<strong>Estella\u00a0<\/strong>est r\u00e9solue \u00e0 se faire un nom dans le milieu de la mode. Elle se lie d\u2019amiti\u00e9 avec deux jeunes vauriens qui appr\u00e9cient ses comp\u00e9tences d\u2019arnaqueuse et m\u00e8ne\u00a0avec eux\u00a0une existence criminelle dans les rues de Londres. Un jour, ses cr\u00e9ations se font remarquer par la\u00a0<strong>baronne von Hellman<\/strong>, une grande figure de la mode, terriblement chic et horriblement snob. Mais leur relation va d\u00e9clencher une s\u00e9rie de r\u00e9v\u00e9lations qui am\u00e8neront Estella \u00e0 se laisser envahir par sa part sombre, au point de donner naissance \u00e0 l\u2019impitoyable\u00a0<strong>Cruella<\/strong>, une brillante jeune femme assoiff\u00e9e de mode et de vengeance.<\/p>\n<h2 id=\"\"><img loading=\"lazy\" decoding=\"async\" class=\"aligncenter wp-image-7803 size-full\" src=\"https:\/\/kevinragonneau.fr\/blog\/wp-content\/uploads\/2021\/02\/CRUELLA_POSTER_FRANCE.jpg\" alt=\"\" width=\"770\" height=\"1100\" srcset=\"https:\/\/kevinragonneau.fr\/blog\/wp-content\/uploads\/2021\/02\/CRUELLA_POSTER_FRANCE.jpg 770w, https:\/\/kevinragonneau.fr\/blog\/wp-content\/uploads\/2021\/02\/CRUELLA_POSTER_FRANCE-768x1097.jpg 768w\" sizes=\"auto, (max-width: 770px) 100vw, 770px\" \/><\/h2>\n<h2 id=\"le-casting-du-film\">Le casting du film<\/h2>\n<p><strong>Emma Stone<\/strong>\u00a0(Oscar de la meilleure actrice pour LA-LA-LAND),\u00a0<strong>Emma Thompson<\/strong>\u00a0(Oscar de la meilleure actrice pour RETOUR A HOWARD ENDS et RAISON ET SENTIMENT),\u00a0<strong>Paul Walter<\/strong>\u00a0<strong>Hauser<\/strong>\u00a0(LE CAS RICHARD JEWELL),\u00a0<strong>Emily Beecham<\/strong>\u00a0(LITTLE JOE),\u00a0<strong>Joel Fry<\/strong>\u00a0(YESTERDAY),\u00a0<strong>Kirby Howell-Baptiste<\/strong> (la s\u00e9rie \u00ab Why Women Kill \u00bb), <strong>Mark Strong<\/strong> (la saga KINGSMAN), &#8230;<\/p>\n<h3 id=\"mai-2021\">MAI 2021.<\/h3>\n<hr \/>\n<p><em>Photos &amp; Textes : The Walt Disney Company.<\/em><\/p>\n","protected":false},"excerpt":{"rendered":"<p>Disney vient de d\u00e9voiler la premi\u00e8re bande-annonce du film \u00ab\u00a0Cruella\u00a0\u00bb dont la sortie est annonc\u00e9e pour le mois de mai. La voici ! Londres, ann\u00e9es 70, en plein mouvement punk&hellip;<\/p>\n","protected":false},"author":1,"featured_media":7803,"comment_status":"open","ping_status":"open","sticky":false,"template":"","format":"standard","meta":{"footnotes":""},"categories":[458],"tags":[],"powerkit_post_featured":[],"class_list":{"0":"post-7802","1":"post","2":"type-post","3":"status-publish","4":"format-standard","5":"has-post-thumbnail","7":"category-cinema"},"yoast_head":"<!-- This site is optimized with the Yoast SEO plugin v27.4 - https:\/\/yoast.com\/product\/yoast-seo-wordpress\/ -->\n<title>D\u00e9couvrez la premi\u00e8re bande-annonce d\u00e9voil\u00e9e par Disney du film &quot;Cruella&quot; avec Emma Stone<\/title>\n<meta name=\"robots\" content=\"index, follow, max-snippet:-1, max-image-preview:large, max-video-preview:-1\" \/>\n<link rel=\"canonical\" href=\"https:\/\/kevinragonneau.fr\/blog\/decouvrez-la-premiere-bande-annonce-devoilee-par-disney-du-film-cruella-avec-emma-stone\" \/>\n<meta property=\"og:locale\" content=\"fr_FR\" \/>\n<meta property=\"og:type\" content=\"article\" \/>\n<meta property=\"og:title\" content=\"D\u00e9couvrez la premi\u00e8re bande-annonce d\u00e9voil\u00e9e par Disney du film &quot;Cruella&quot; avec Emma Stone\" \/>\n<meta property=\"og:description\" content=\"Disney vient de d\u00e9voiler la premi\u00e8re bande-annonce du film \u00ab\u00a0Cruella\u00a0\u00bb dont la sortie est annonc\u00e9e pour le mois de mai. La voici ! Londres, ann\u00e9es 70, en plein mouvement punk&hellip;\" \/>\n<meta property=\"og:url\" content=\"https:\/\/kevinragonneau.fr\/blog\/decouvrez-la-premiere-bande-annonce-devoilee-par-disney-du-film-cruella-avec-emma-stone\" \/>\n<meta property=\"og:site_name\" content=\"Kevin Ragonneau\" \/>\n<meta property=\"article:publisher\" content=\"http:\/\/facebook.com\/kevinragonneau\" \/>\n<meta property=\"article:author\" content=\"facebook\" \/>\n<meta property=\"article:published_time\" content=\"2021-02-17T14:31:02+00:00\" \/>\n<meta property=\"article:modified_time\" content=\"2021-02-17T14:39:34+00:00\" \/>\n<meta property=\"og:image\" content=\"https:\/\/kevinragonneau.fr\/blog\/wp-content\/uploads\/2021\/02\/CRUELLA_POSTER_FRANCE.jpg\" \/>\n\t<meta property=\"og:image:width\" content=\"770\" \/>\n\t<meta property=\"og:image:height\" content=\"1100\" \/>\n\t<meta property=\"og:image:type\" content=\"image\/jpeg\" \/>\n<meta name=\"author\" content=\"kevin\" \/>\n<meta name=\"twitter:card\" content=\"summary_large_image\" \/>\n<meta name=\"twitter:creator\" content=\"@K_Ragonneau\" \/>\n<meta name=\"twitter:site\" content=\"@K_Ragonneau\" \/>\n<meta name=\"twitter:label1\" content=\"\u00c9crit par\" \/>\n\t<meta name=\"twitter:data1\" content=\"kevin\" \/>\n\t<meta name=\"twitter:label2\" content=\"Dur\u00e9e de lecture estim\u00e9e\" \/>\n\t<meta name=\"twitter:data2\" content=\"1 minute\" \/>\n<script type=\"application\/ld+json\" class=\"yoast-schema-graph\">{\"@context\":\"https:\\\/\\\/schema.org\",\"@graph\":[{\"@type\":\"Article\",\"@id\":\"https:\\\/\\\/kevinragonneau.fr\\\/blog\\\/decouvrez-la-premiere-bande-annonce-devoilee-par-disney-du-film-cruella-avec-emma-stone#article\",\"isPartOf\":{\"@id\":\"https:\\\/\\\/kevinragonneau.fr\\\/blog\\\/decouvrez-la-premiere-bande-annonce-devoilee-par-disney-du-film-cruella-avec-emma-stone\"},\"author\":{\"name\":\"kevin\",\"@id\":\"https:\\\/\\\/kevinragonneau.fr\\\/blog\\\/#\\\/schema\\\/person\\\/699d420145eef6a72e6ee2874017089b\"},\"headline\":\"D\u00e9couvrez la premi\u00e8re bande-annonce d\u00e9voil\u00e9e par Disney du film \u00ab\u00a0Cruella\u00a0\u00bb avec Emma Stone\",\"datePublished\":\"2021-02-17T14:31:02+00:00\",\"dateModified\":\"2021-02-17T14:39:34+00:00\",\"mainEntityOfPage\":{\"@id\":\"https:\\\/\\\/kevinragonneau.fr\\\/blog\\\/decouvrez-la-premiere-bande-annonce-devoilee-par-disney-du-film-cruella-avec-emma-stone\"},\"wordCount\":229,\"commentCount\":0,\"image\":{\"@id\":\"https:\\\/\\\/kevinragonneau.fr\\\/blog\\\/decouvrez-la-premiere-bande-annonce-devoilee-par-disney-du-film-cruella-avec-emma-stone#primaryimage\"},\"thumbnailUrl\":\"https:\\\/\\\/kevinragonneau.fr\\\/blog\\\/wp-content\\\/uploads\\\/2021\\\/02\\\/CRUELLA_POSTER_FRANCE.jpg\",\"articleSection\":[\"Cin\u00e9ma\"],\"inLanguage\":\"fr-FR\",\"potentialAction\":[{\"@type\":\"CommentAction\",\"name\":\"Comment\",\"target\":[\"https:\\\/\\\/kevinragonneau.fr\\\/blog\\\/decouvrez-la-premiere-bande-annonce-devoilee-par-disney-du-film-cruella-avec-emma-stone#respond\"]}]},{\"@type\":\"WebPage\",\"@id\":\"https:\\\/\\\/kevinragonneau.fr\\\/blog\\\/decouvrez-la-premiere-bande-annonce-devoilee-par-disney-du-film-cruella-avec-emma-stone\",\"url\":\"https:\\\/\\\/kevinragonneau.fr\\\/blog\\\/decouvrez-la-premiere-bande-annonce-devoilee-par-disney-du-film-cruella-avec-emma-stone\",\"name\":\"D\u00e9couvrez la premi\u00e8re bande-annonce d\u00e9voil\u00e9e par Disney du film \\\"Cruella\\\" avec Emma Stone\",\"isPartOf\":{\"@id\":\"https:\\\/\\\/kevinragonneau.fr\\\/blog\\\/#website\"},\"primaryImageOfPage\":{\"@id\":\"https:\\\/\\\/kevinragonneau.fr\\\/blog\\\/decouvrez-la-premiere-bande-annonce-devoilee-par-disney-du-film-cruella-avec-emma-stone#primaryimage\"},\"image\":{\"@id\":\"https:\\\/\\\/kevinragonneau.fr\\\/blog\\\/decouvrez-la-premiere-bande-annonce-devoilee-par-disney-du-film-cruella-avec-emma-stone#primaryimage\"},\"thumbnailUrl\":\"https:\\\/\\\/kevinragonneau.fr\\\/blog\\\/wp-content\\\/uploads\\\/2021\\\/02\\\/CRUELLA_POSTER_FRANCE.jpg\",\"datePublished\":\"2021-02-17T14:31:02+00:00\",\"dateModified\":\"2021-02-17T14:39:34+00:00\",\"author\":{\"@id\":\"https:\\\/\\\/kevinragonneau.fr\\\/blog\\\/#\\\/schema\\\/person\\\/699d420145eef6a72e6ee2874017089b\"},\"breadcrumb\":{\"@id\":\"https:\\\/\\\/kevinragonneau.fr\\\/blog\\\/decouvrez-la-premiere-bande-annonce-devoilee-par-disney-du-film-cruella-avec-emma-stone#breadcrumb\"},\"inLanguage\":\"fr-FR\",\"potentialAction\":[{\"@type\":\"ReadAction\",\"target\":[\"https:\\\/\\\/kevinragonneau.fr\\\/blog\\\/decouvrez-la-premiere-bande-annonce-devoilee-par-disney-du-film-cruella-avec-emma-stone\"]}]},{\"@type\":\"ImageObject\",\"inLanguage\":\"fr-FR\",\"@id\":\"https:\\\/\\\/kevinragonneau.fr\\\/blog\\\/decouvrez-la-premiere-bande-annonce-devoilee-par-disney-du-film-cruella-avec-emma-stone#primaryimage\",\"url\":\"https:\\\/\\\/kevinragonneau.fr\\\/blog\\\/wp-content\\\/uploads\\\/2021\\\/02\\\/CRUELLA_POSTER_FRANCE.jpg\",\"contentUrl\":\"https:\\\/\\\/kevinragonneau.fr\\\/blog\\\/wp-content\\\/uploads\\\/2021\\\/02\\\/CRUELLA_POSTER_FRANCE.jpg\",\"width\":770,\"height\":1100},{\"@type\":\"BreadcrumbList\",\"@id\":\"https:\\\/\\\/kevinragonneau.fr\\\/blog\\\/decouvrez-la-premiere-bande-annonce-devoilee-par-disney-du-film-cruella-avec-emma-stone#breadcrumb\",\"itemListElement\":[{\"@type\":\"ListItem\",\"position\":1,\"name\":\"Accueil\",\"item\":\"https:\\\/\\\/kevinragonneau.fr\\\/blog\\\/\"},{\"@type\":\"ListItem\",\"position\":2,\"name\":\"D\u00e9couvrez la premi\u00e8re bande-annonce d\u00e9voil\u00e9e par Disney du film \u00ab\u00a0Cruella\u00a0\u00bb avec Emma Stone\"}]},{\"@type\":\"WebSite\",\"@id\":\"https:\\\/\\\/kevinragonneau.fr\\\/blog\\\/#website\",\"url\":\"https:\\\/\\\/kevinragonneau.fr\\\/blog\\\/\",\"name\":\"Blog Lifestyle : Conseils de Voyage, Mode, Marketing Digital et Vie de Famille Inspirante\",\"description\":\"Blog Lifestyle : Conseils de Voyage, Mode, Marketing Digital et Vie de Famille Inspirante\",\"alternateName\":\"Blog de Kevin Ragonneau\",\"potentialAction\":[{\"@type\":\"SearchAction\",\"target\":{\"@type\":\"EntryPoint\",\"urlTemplate\":\"https:\\\/\\\/kevinragonneau.fr\\\/blog\\\/?s={search_term_string}\"},\"query-input\":{\"@type\":\"PropertyValueSpecification\",\"valueRequired\":true,\"valueName\":\"search_term_string\"}}],\"inLanguage\":\"fr-FR\"},{\"@type\":\"Person\",\"@id\":\"https:\\\/\\\/kevinragonneau.fr\\\/blog\\\/#\\\/schema\\\/person\\\/699d420145eef6a72e6ee2874017089b\",\"name\":\"kevin\",\"image\":{\"@type\":\"ImageObject\",\"inLanguage\":\"fr-FR\",\"@id\":\"https:\\\/\\\/secure.gravatar.com\\\/avatar\\\/13848386d61634190fd948f9c9942d9dbd215b2fb0cc6c7462a7427b3f9d264e?s=96&d=mm&r=g\",\"url\":\"https:\\\/\\\/secure.gravatar.com\\\/avatar\\\/13848386d61634190fd948f9c9942d9dbd215b2fb0cc6c7462a7427b3f9d264e?s=96&d=mm&r=g\",\"contentUrl\":\"https:\\\/\\\/secure.gravatar.com\\\/avatar\\\/13848386d61634190fd948f9c9942d9dbd215b2fb0cc6c7462a7427b3f9d264e?s=96&d=mm&r=g\",\"caption\":\"kevin\"},\"description\":\"26 ans, Paris. D\u00e9veloppeur web &amp; Blogueur.\",\"sameAs\":[\"http:\\\/\\\/www.kevinragonneau.fr\\\/blog\",\"facebook\",\"instagram\"],\"url\":\"https:\\\/\\\/kevinragonneau.fr\\\/blog\\\/author\\\/kevin\"}]}<\/script>\n<!-- \/ Yoast SEO plugin. -->","yoast_head_json":{"title":"D\u00e9couvrez la premi\u00e8re bande-annonce d\u00e9voil\u00e9e par Disney du film \"Cruella\" avec Emma Stone","robots":{"index":"index","follow":"follow","max-snippet":"max-snippet:-1","max-image-preview":"max-image-preview:large","max-video-preview":"max-video-preview:-1"},"canonical":"https:\/\/kevinragonneau.fr\/blog\/decouvrez-la-premiere-bande-annonce-devoilee-par-disney-du-film-cruella-avec-emma-stone","og_locale":"fr_FR","og_type":"article","og_title":"D\u00e9couvrez la premi\u00e8re bande-annonce d\u00e9voil\u00e9e par Disney du film \"Cruella\" avec Emma Stone","og_description":"Disney vient de d\u00e9voiler la premi\u00e8re bande-annonce du film \u00ab\u00a0Cruella\u00a0\u00bb dont la sortie est annonc\u00e9e pour le mois de mai. La voici ! Londres, ann\u00e9es 70, en plein mouvement punk&hellip;","og_url":"https:\/\/kevinragonneau.fr\/blog\/decouvrez-la-premiere-bande-annonce-devoilee-par-disney-du-film-cruella-avec-emma-stone","og_site_name":"Kevin Ragonneau","article_publisher":"http:\/\/facebook.com\/kevinragonneau","article_author":"facebook","article_published_time":"2021-02-17T14:31:02+00:00","article_modified_time":"2021-02-17T14:39:34+00:00","og_image":[{"width":770,"height":1100,"url":"https:\/\/kevinragonneau.fr\/blog\/wp-content\/uploads\/2021\/02\/CRUELLA_POSTER_FRANCE.jpg","type":"image\/jpeg"}],"author":"kevin","twitter_card":"summary_large_image","twitter_creator":"@K_Ragonneau","twitter_site":"@K_Ragonneau","twitter_misc":{"\u00c9crit par":"kevin","Dur\u00e9e de lecture estim\u00e9e":"1 minute"},"schema":{"@context":"https:\/\/schema.org","@graph":[{"@type":"Article","@id":"https:\/\/kevinragonneau.fr\/blog\/decouvrez-la-premiere-bande-annonce-devoilee-par-disney-du-film-cruella-avec-emma-stone#article","isPartOf":{"@id":"https:\/\/kevinragonneau.fr\/blog\/decouvrez-la-premiere-bande-annonce-devoilee-par-disney-du-film-cruella-avec-emma-stone"},"author":{"name":"kevin","@id":"https:\/\/kevinragonneau.fr\/blog\/#\/schema\/person\/699d420145eef6a72e6ee2874017089b"},"headline":"D\u00e9couvrez la premi\u00e8re bande-annonce d\u00e9voil\u00e9e par Disney du film \u00ab\u00a0Cruella\u00a0\u00bb avec Emma Stone","datePublished":"2021-02-17T14:31:02+00:00","dateModified":"2021-02-17T14:39:34+00:00","mainEntityOfPage":{"@id":"https:\/\/kevinragonneau.fr\/blog\/decouvrez-la-premiere-bande-annonce-devoilee-par-disney-du-film-cruella-avec-emma-stone"},"wordCount":229,"commentCount":0,"image":{"@id":"https:\/\/kevinragonneau.fr\/blog\/decouvrez-la-premiere-bande-annonce-devoilee-par-disney-du-film-cruella-avec-emma-stone#primaryimage"},"thumbnailUrl":"https:\/\/kevinragonneau.fr\/blog\/wp-content\/uploads\/2021\/02\/CRUELLA_POSTER_FRANCE.jpg","articleSection":["Cin\u00e9ma"],"inLanguage":"fr-FR","potentialAction":[{"@type":"CommentAction","name":"Comment","target":["https:\/\/kevinragonneau.fr\/blog\/decouvrez-la-premiere-bande-annonce-devoilee-par-disney-du-film-cruella-avec-emma-stone#respond"]}]},{"@type":"WebPage","@id":"https:\/\/kevinragonneau.fr\/blog\/decouvrez-la-premiere-bande-annonce-devoilee-par-disney-du-film-cruella-avec-emma-stone","url":"https:\/\/kevinragonneau.fr\/blog\/decouvrez-la-premiere-bande-annonce-devoilee-par-disney-du-film-cruella-avec-emma-stone","name":"D\u00e9couvrez la premi\u00e8re bande-annonce d\u00e9voil\u00e9e par Disney du film \"Cruella\" avec Emma Stone","isPartOf":{"@id":"https:\/\/kevinragonneau.fr\/blog\/#website"},"primaryImageOfPage":{"@id":"https:\/\/kevinragonneau.fr\/blog\/decouvrez-la-premiere-bande-annonce-devoilee-par-disney-du-film-cruella-avec-emma-stone#primaryimage"},"image":{"@id":"https:\/\/kevinragonneau.fr\/blog\/decouvrez-la-premiere-bande-annonce-devoilee-par-disney-du-film-cruella-avec-emma-stone#primaryimage"},"thumbnailUrl":"https:\/\/kevinragonneau.fr\/blog\/wp-content\/uploads\/2021\/02\/CRUELLA_POSTER_FRANCE.jpg","datePublished":"2021-02-17T14:31:02+00:00","dateModified":"2021-02-17T14:39:34+00:00","author":{"@id":"https:\/\/kevinragonneau.fr\/blog\/#\/schema\/person\/699d420145eef6a72e6ee2874017089b"},"breadcrumb":{"@id":"https:\/\/kevinragonneau.fr\/blog\/decouvrez-la-premiere-bande-annonce-devoilee-par-disney-du-film-cruella-avec-emma-stone#breadcrumb"},"inLanguage":"fr-FR","potentialAction":[{"@type":"ReadAction","target":["https:\/\/kevinragonneau.fr\/blog\/decouvrez-la-premiere-bande-annonce-devoilee-par-disney-du-film-cruella-avec-emma-stone"]}]},{"@type":"ImageObject","inLanguage":"fr-FR","@id":"https:\/\/kevinragonneau.fr\/blog\/decouvrez-la-premiere-bande-annonce-devoilee-par-disney-du-film-cruella-avec-emma-stone#primaryimage","url":"https:\/\/kevinragonneau.fr\/blog\/wp-content\/uploads\/2021\/02\/CRUELLA_POSTER_FRANCE.jpg","contentUrl":"https:\/\/kevinragonneau.fr\/blog\/wp-content\/uploads\/2021\/02\/CRUELLA_POSTER_FRANCE.jpg","width":770,"height":1100},{"@type":"BreadcrumbList","@id":"https:\/\/kevinragonneau.fr\/blog\/decouvrez-la-premiere-bande-annonce-devoilee-par-disney-du-film-cruella-avec-emma-stone#breadcrumb","itemListElement":[{"@type":"ListItem","position":1,"name":"Accueil","item":"https:\/\/kevinragonneau.fr\/blog\/"},{"@type":"ListItem","position":2,"name":"D\u00e9couvrez la premi\u00e8re bande-annonce d\u00e9voil\u00e9e par Disney du film \u00ab\u00a0Cruella\u00a0\u00bb avec Emma Stone"}]},{"@type":"WebSite","@id":"https:\/\/kevinragonneau.fr\/blog\/#website","url":"https:\/\/kevinragonneau.fr\/blog\/","name":"Blog Lifestyle : Conseils de Voyage, Mode, Marketing Digital et Vie de Famille Inspirante","description":"Blog Lifestyle : Conseils de Voyage, Mode, Marketing Digital et Vie de Famille Inspirante","alternateName":"Blog de Kevin Ragonneau","potentialAction":[{"@type":"SearchAction","target":{"@type":"EntryPoint","urlTemplate":"https:\/\/kevinragonneau.fr\/blog\/?s={search_term_string}"},"query-input":{"@type":"PropertyValueSpecification","valueRequired":true,"valueName":"search_term_string"}}],"inLanguage":"fr-FR"},{"@type":"Person","@id":"https:\/\/kevinragonneau.fr\/blog\/#\/schema\/person\/699d420145eef6a72e6ee2874017089b","name":"kevin","image":{"@type":"ImageObject","inLanguage":"fr-FR","@id":"https:\/\/secure.gravatar.com\/avatar\/13848386d61634190fd948f9c9942d9dbd215b2fb0cc6c7462a7427b3f9d264e?s=96&d=mm&r=g","url":"https:\/\/secure.gravatar.com\/avatar\/13848386d61634190fd948f9c9942d9dbd215b2fb0cc6c7462a7427b3f9d264e?s=96&d=mm&r=g","contentUrl":"https:\/\/secure.gravatar.com\/avatar\/13848386d61634190fd948f9c9942d9dbd215b2fb0cc6c7462a7427b3f9d264e?s=96&d=mm&r=g","caption":"kevin"},"description":"26 ans, Paris. D\u00e9veloppeur web &amp; Blogueur.","sameAs":["http:\/\/www.kevinragonneau.fr\/blog","facebook","instagram"],"url":"https:\/\/kevinragonneau.fr\/blog\/author\/kevin"}]}},"_links":{"self":[{"href":"https:\/\/kevinragonneau.fr\/blog\/wp-json\/wp\/v2\/posts\/7802","targetHints":{"allow":["GET"]}}],"collection":[{"href":"https:\/\/kevinragonneau.fr\/blog\/wp-json\/wp\/v2\/posts"}],"about":[{"href":"https:\/\/kevinragonneau.fr\/blog\/wp-json\/wp\/v2\/types\/post"}],"author":[{"embeddable":true,"href":"https:\/\/kevinragonneau.fr\/blog\/wp-json\/wp\/v2\/users\/1"}],"replies":[{"embeddable":true,"href":"https:\/\/kevinragonneau.fr\/blog\/wp-json\/wp\/v2\/comments?post=7802"}],"version-history":[{"count":0,"href":"https:\/\/kevinragonneau.fr\/blog\/wp-json\/wp\/v2\/posts\/7802\/revisions"}],"wp:featuredmedia":[{"embeddable":true,"href":"https:\/\/kevinragonneau.fr\/blog\/wp-json\/wp\/v2\/media\/7803"}],"wp:attachment":[{"href":"https:\/\/kevinragonneau.fr\/blog\/wp-json\/wp\/v2\/media?parent=7802"}],"wp:term":[{"taxonomy":"category","embeddable":true,"href":"https:\/\/kevinragonneau.fr\/blog\/wp-json\/wp\/v2\/categories?post=7802"},{"taxonomy":"post_tag","embeddable":true,"href":"https:\/\/kevinragonneau.fr\/blog\/wp-json\/wp\/v2\/tags?post=7802"},{"taxonomy":"powerkit_post_featured","embeddable":true,"href":"https:\/\/kevinragonneau.fr\/blog\/wp-json\/wp\/v2\/powerkit_post_featured?post=7802"}],"curies":[{"name":"wp","href":"https:\/\/api.w.org\/{rel}","templated":true}]}}