{"id":9386,"date":"2023-03-23T12:00:41","date_gmt":"2023-03-23T11:00:41","guid":{"rendered":"https:\/\/kevinragonneau.fr\/blog\/?p=9386"},"modified":"2023-04-27T11:09:51","modified_gmt":"2023-04-27T09:09:51","slug":"les-tendances-mode-homme-du-printemps-2023","status":"publish","type":"post","link":"https:\/\/kevinragonneau.fr\/blog\/les-tendances-mode-homme-du-printemps-2023","title":{"rendered":"Les tendances mode homme du printemps 2023"},"content":{"rendered":"<p class=\"p1\">\u00c0 chaque nouvelle saison, les marques &amp; cr\u00e9ateurs de mode sortent une nouvelle collection. Les m\u00e9dias et <a href=\"https:\/\/kevinragonneau.fr\/blog\/categorie\/reseaux-sociaux\">r\u00e9seaux sociaux<\/a> regorgent alors d\u2019articles mettant \u00e0 l\u2019honneur les tendances du moment issues de la vie de tous les jours ou des d\u00e9fil\u00e9s de Fashion Week. Pour la belle saison, <b>les tendances mode homme du printemps 2023<\/b>\u00a0regorgent de pi\u00e8ces fortes, color\u00e9es, originales et parfois plus \u00ab\u00a0os\u00e9es\u00a0\u00bb. Pour \u00eatre au top de la <a href=\"https:\/\/kevinragonneau.fr\/blog\/selection-shopping-mode-homme-tendance-mars-2021-nouvelle-collection-chez-galeries-lafayette\">tendance<\/a> pendant toute la saison printani\u00e8re, d\u00e9couvrez, dans cet article, les pi\u00e8ces pour homme \u00e0 absolument avoir pour composer des looks styl\u00e9s et \u00e0 la mode sans trop en faire !<\/p>\n<p><em><strong>\u00c0 lire aussi :\u00a0<a href=\"https:\/\/kevinragonneau.fr\/blog\/les-tendances-mode-homme-de-cet-ete-2022\">Les tendances mode homme de cet \u00e9t\u00e9<\/a><\/strong><\/em><\/p>\n<p>&nbsp;<\/p>\n<h2 id=\"les-couleurs-en-vogue-pour-le-printemps-2023\" class=\"p3\">Les couleurs en vogue pour le printemps 2023<\/h2>\n<p class=\"p1\">La mode masculine pour le printemps 2023 est marqu\u00e9e par un vrai <b>festival de couleurs<\/b> en maintenant toujours la couleur tendance par tous les temps, pour toutes g\u00e9n\u00e9rations et en toutes saisons : le noir.<\/p>\n<p>&nbsp;<\/p>\n<h3 id=\"le-noir-une-couleur-indemodable\" class=\"p4\">Le noir, une couleur ind\u00e9modable<\/h3>\n<p class=\"p1\">Le noir est une couleur que l\u2019on retrouve dans la mode depuis toujours, car elle a cette facult\u00e9 naturelle de rajouter de l\u2019\u00e9l\u00e9gance, du chic et de la prestance \u00e0 pratiquement n\u2019importe quelle pi\u00e8ce de couture. Cette fois-ci, les maisons de modes et les cr\u00e9ateurs optent pour un <a href=\"https:\/\/leblogdemonsieur.com\/hommes-comment-porter-look-noir\/\">total look en noir<\/a> en orientant la tendance vers le <a href=\"https:\/\/www.stylight.fr\/Magazine\/Men\/Look-Monochrome-Homme\/\"><b>monochrome<\/b><\/a>. C\u2019est le jeu de mati\u00e8res qui fera l&rsquo;originalit\u00e9 du look.<\/p>\n<div id='gallery-1' class='gallery galleryid-9386 gallery-columns-4 gallery-size-full'><figure class='gallery-item'>\n\t\t\t<div class='gallery-icon portrait'>\n\t\t\t\t<img loading=\"lazy\" decoding=\"async\" width=\"960\" height=\"1200\" src=\"https:\/\/kevinragonneau.fr\/blog\/wp-content\/uploads\/2022\/02\/ba42ebf3-53a6-494b-b75d-b1728be26efd.jpeg\" class=\"attachment-full size-full\" alt=\"\" srcset=\"https:\/\/kevinragonneau.fr\/blog\/wp-content\/uploads\/2022\/02\/ba42ebf3-53a6-494b-b75d-b1728be26efd.jpeg 960w, https:\/\/kevinragonneau.fr\/blog\/wp-content\/uploads\/2022\/02\/ba42ebf3-53a6-494b-b75d-b1728be26efd-768x960.jpeg 768w, https:\/\/kevinragonneau.fr\/blog\/wp-content\/uploads\/2022\/02\/ba42ebf3-53a6-494b-b75d-b1728be26efd-770x963.jpeg 770w\" sizes=\"auto, (max-width: 960px) 100vw, 960px\" \/>\n\t\t\t<\/div><\/figure><figure class='gallery-item'>\n\t\t\t<div class='gallery-icon portrait'>\n\t\t\t\t<img loading=\"lazy\" decoding=\"async\" width=\"399\" height=\"739\" src=\"https:\/\/kevinragonneau.fr\/blog\/wp-content\/uploads\/2022\/02\/8d79a5cc7590192a2dbf4ec3d7106d4a.jpeg\" class=\"attachment-full size-full\" alt=\"\" \/>\n\t\t\t<\/div><\/figure><figure class='gallery-item'>\n\t\t\t<div class='gallery-icon landscape'>\n\t\t\t\t<img loading=\"lazy\" decoding=\"async\" width=\"768\" height=\"764\" src=\"https:\/\/kevinragonneau.fr\/blog\/wp-content\/uploads\/2022\/02\/Chapeu-Fedora-masculino_-O-que-e_-Como-usar_-Marco-da-Moda-1.jpeg\" class=\"attachment-full size-full\" alt=\"\" srcset=\"https:\/\/kevinragonneau.fr\/blog\/wp-content\/uploads\/2022\/02\/Chapeu-Fedora-masculino_-O-que-e_-Como-usar_-Marco-da-Moda-1.jpeg 768w, https:\/\/kevinragonneau.fr\/blog\/wp-content\/uploads\/2022\/02\/Chapeu-Fedora-masculino_-O-que-e_-Como-usar_-Marco-da-Moda-1-150x150.jpeg 150w\" sizes=\"auto, (max-width: 768px) 100vw, 768px\" \/>\n\t\t\t<\/div><\/figure><figure class='gallery-item'>\n\t\t\t<div class='gallery-icon landscape'>\n\t\t\t\t<img loading=\"lazy\" decoding=\"async\" width=\"474\" height=\"471\" src=\"https:\/\/kevinragonneau.fr\/blog\/wp-content\/uploads\/2022\/02\/231a12891a96c87d255e952618626945.jpeg\" class=\"attachment-full size-full\" alt=\"\" srcset=\"https:\/\/kevinragonneau.fr\/blog\/wp-content\/uploads\/2022\/02\/231a12891a96c87d255e952618626945.jpeg 474w, https:\/\/kevinragonneau.fr\/blog\/wp-content\/uploads\/2022\/02\/231a12891a96c87d255e952618626945-150x150.jpeg 150w\" sizes=\"auto, (max-width: 474px) 100vw, 474px\" \/>\n\t\t\t<\/div><\/figure><figure class='gallery-item'>\n\t\t\t<div class='gallery-icon landscape'>\n\t\t\t\t<img loading=\"lazy\" decoding=\"async\" width=\"640\" height=\"640\" src=\"https:\/\/kevinragonneau.fr\/blog\/wp-content\/uploads\/2022\/02\/As-polemicas-sandalias-masculinas-como-usar-no-seu-estilo_-1.jpeg\" class=\"attachment-full size-full\" alt=\"\" srcset=\"https:\/\/kevinragonneau.fr\/blog\/wp-content\/uploads\/2022\/02\/As-polemicas-sandalias-masculinas-como-usar-no-seu-estilo_-1.jpeg 640w, https:\/\/kevinragonneau.fr\/blog\/wp-content\/uploads\/2022\/02\/As-polemicas-sandalias-masculinas-como-usar-no-seu-estilo_-1-150x150.jpeg 150w, https:\/\/kevinragonneau.fr\/blog\/wp-content\/uploads\/2022\/02\/As-polemicas-sandalias-masculinas-como-usar-no-seu-estilo_-1-300x300.jpeg 300w\" sizes=\"auto, (max-width: 640px) 100vw, 640px\" \/>\n\t\t\t<\/div><\/figure><figure class='gallery-item'>\n\t\t\t<div class='gallery-icon portrait'>\n\t\t\t\t<img loading=\"lazy\" decoding=\"async\" width=\"1080\" height=\"1350\" src=\"https:\/\/kevinragonneau.fr\/blog\/wp-content\/uploads\/2022\/02\/Looks-masculinos-com-coturno_-33-looks-e-dicas-para-combinar.jpeg\" class=\"attachment-full size-full\" alt=\"\" srcset=\"https:\/\/kevinragonneau.fr\/blog\/wp-content\/uploads\/2022\/02\/Looks-masculinos-com-coturno_-33-looks-e-dicas-para-combinar.jpeg 1080w, https:\/\/kevinragonneau.fr\/blog\/wp-content\/uploads\/2022\/02\/Looks-masculinos-com-coturno_-33-looks-e-dicas-para-combinar-768x960.jpeg 768w, https:\/\/kevinragonneau.fr\/blog\/wp-content\/uploads\/2022\/02\/Looks-masculinos-com-coturno_-33-looks-e-dicas-para-combinar-770x963.jpeg 770w\" sizes=\"auto, (max-width: 1080px) 100vw, 1080px\" \/>\n\t\t\t<\/div><\/figure><figure class='gallery-item'>\n\t\t\t<div class='gallery-icon portrait'>\n\t\t\t\t<img loading=\"lazy\" decoding=\"async\" width=\"736\" height=\"1102\" src=\"https:\/\/kevinragonneau.fr\/blog\/wp-content\/uploads\/2022\/02\/Moda-masculina.jpeg\" class=\"attachment-full size-full\" alt=\"\" \/>\n\t\t\t<\/div><\/figure><figure class='gallery-item'>\n\t\t\t<div class='gallery-icon portrait'>\n\t\t\t\t<img loading=\"lazy\" decoding=\"async\" width=\"1125\" height=\"1408\" src=\"https:\/\/kevinragonneau.fr\/blog\/wp-content\/uploads\/2022\/02\/58dbb011-90b7-46a3-ba7f-adcb618dca11.jpeg\" class=\"attachment-full size-full\" alt=\"\" srcset=\"https:\/\/kevinragonneau.fr\/blog\/wp-content\/uploads\/2022\/02\/58dbb011-90b7-46a3-ba7f-adcb618dca11.jpeg 1125w, https:\/\/kevinragonneau.fr\/blog\/wp-content\/uploads\/2022\/02\/58dbb011-90b7-46a3-ba7f-adcb618dca11-768x961.jpeg 768w, https:\/\/kevinragonneau.fr\/blog\/wp-content\/uploads\/2022\/02\/58dbb011-90b7-46a3-ba7f-adcb618dca11-770x964.jpeg 770w\" sizes=\"auto, (max-width: 1125px) 100vw, 1125px\" \/>\n\t\t\t<\/div><\/figure>\n\t\t<\/div>\n\n<p><em>Inspis Pinterest.<\/em><\/p>\n<p>&nbsp;<\/p>\n<h3 id=\"le-rose\" class=\"p4\">Le rose<\/h3>\n<p class=\"p1\">Le printemps 2023 devrait voir \u00e9merger un peu plus encore des <b>pi\u00e8ces pour homme de couleur rose : <\/b>des pi\u00e8ces fortes et tendances \u00e0 porter sans h\u00e9sitation. Il peut s\u2019agir aussi bien d\u2019un T-shirt, d\u2019une chemise, d\u2019un pantalon ou d\u2019une veste.<\/p>\n<div id='gallery-2' class='gallery galleryid-9386 gallery-columns-4 gallery-size-full'><figure class='gallery-item'>\n\t\t\t<div class='gallery-icon portrait'>\n\t\t\t\t<img loading=\"lazy\" decoding=\"async\" width=\"589\" height=\"1277\" src=\"https:\/\/kevinragonneau.fr\/blog\/wp-content\/uploads\/2022\/02\/Sober-Pink-Sweater-and-Denims-Outfit.jpeg\" class=\"attachment-full size-full\" alt=\"\" \/>\n\t\t\t<\/div><\/figure><figure class='gallery-item'>\n\t\t\t<div class='gallery-icon portrait'>\n\t\t\t\t<img loading=\"lazy\" decoding=\"async\" width=\"617\" height=\"1099\" src=\"https:\/\/kevinragonneau.fr\/blog\/wp-content\/uploads\/2022\/02\/Pink-Outfit-Men-blazer.jpeg\" class=\"attachment-full size-full\" alt=\"\" \/>\n\t\t\t<\/div><\/figure><figure class='gallery-item'>\n\t\t\t<div class='gallery-icon portrait'>\n\t\t\t\t<img loading=\"lazy\" decoding=\"async\" width=\"545\" height=\"930\" src=\"https:\/\/kevinragonneau.fr\/blog\/wp-content\/uploads\/2022\/02\/Pink-Outfit-Men-Shirt.jpeg\" class=\"attachment-full size-full\" alt=\"\" \/>\n\t\t\t<\/div><\/figure><figure class='gallery-item'>\n\t\t\t<div class='gallery-icon portrait'>\n\t\t\t\t<img loading=\"lazy\" decoding=\"async\" width=\"421\" height=\"935\" src=\"https:\/\/kevinragonneau.fr\/blog\/wp-content\/uploads\/2022\/02\/Pink-Outfit-Men-Sweater.jpeg\" class=\"attachment-full size-full\" alt=\"\" \/>\n\t\t\t<\/div><\/figure>\n\t\t<\/div>\n\n<p><em>Inspis Pinterest.<\/em><\/p>\n<p>&nbsp;<\/p>\n<h3 id=\"le-vert-arrive-en-force\" class=\"p4\">Le vert arrive en force !<\/h3>\n<p class=\"p1\">Le vert est une couleur peu utilis\u00e9e dans la mode. Pourtant, elle reste une couleur qui <b>s\u2019adapte bien \u00e0 tous les teints<\/b>. C\u2019est la raison pour laquelle de nombreuses maisons de mode l\u2019ont ins\u00e9r\u00e9e dans leurs collections printani\u00e8res 2023 et l\u2019ont propos\u00e9e dans leurs d\u00e9fil\u00e9s. Personnellement : j&rsquo;adore !<\/p>\n<p>&nbsp;<\/p>\n<h3 id=\"les-degrades-tie-and-dye-et-couleurs-pastels\" class=\"p4\">Les d\u00e9grad\u00e9s tie and dye et couleurs pastels<\/h3>\n<p class=\"p1\">Les maisons et cr\u00e9ateurs c\u00e9l\u00e8bres ont tenu \u00e0 orienter la tendance printani\u00e8re masculine de 2023 vers des <b>looks color\u00e9s<\/b>. Cette saison comme en 2022 : les couleurs pastel, fluo et tie and dye \/ d\u00e9grad\u00e9 sont plus que d\u2019actualit\u00e9 et conseill\u00e9es pour le printemps.<\/p>\n[show_shopthepost_widget id=\u00a0\u00bb4704089&Prime;]\n<p>&nbsp;<\/p>\n[show_shopthepost_widget id=\u00a0\u00bb4704090&Prime;]\n<p>&nbsp;<\/p>\n<div id='gallery-3' class='gallery galleryid-9386 gallery-columns-5 gallery-size-full'><figure class='gallery-item'>\n\t\t\t<div class='gallery-icon portrait'>\n\t\t\t\t<img loading=\"lazy\" decoding=\"async\" width=\"360\" height=\"480\" src=\"https:\/\/kevinragonneau.fr\/blog\/wp-content\/uploads\/2022\/02\/ced86c91b6db033a752970418eb873dd.jpeg\" class=\"attachment-full size-full\" alt=\"\" \/>\n\t\t\t<\/div><\/figure><figure class='gallery-item'>\n\t\t\t<div class='gallery-icon portrait'>\n\t\t\t\t<img loading=\"lazy\" decoding=\"async\" width=\"360\" height=\"480\" src=\"https:\/\/kevinragonneau.fr\/blog\/wp-content\/uploads\/2022\/02\/455c51848925b1231b00937dd73ff880.jpeg\" class=\"attachment-full size-full\" alt=\"\" \/>\n\t\t\t<\/div><\/figure><figure class='gallery-item'>\n\t\t\t<div class='gallery-icon portrait'>\n\t\t\t\t<img loading=\"lazy\" decoding=\"async\" width=\"389\" height=\"401\" src=\"https:\/\/kevinragonneau.fr\/blog\/wp-content\/uploads\/2022\/02\/10c71df7667f79a2915ed1a7f33cd3da.jpeg\" class=\"attachment-full size-full\" alt=\"\" \/>\n\t\t\t<\/div><\/figure><figure class='gallery-item'>\n\t\t\t<div class='gallery-icon portrait'>\n\t\t\t\t<img loading=\"lazy\" decoding=\"async\" width=\"389\" height=\"394\" src=\"https:\/\/kevinragonneau.fr\/blog\/wp-content\/uploads\/2022\/02\/5d673a4fb10044096078b38cc119ae7d.jpeg\" class=\"attachment-full size-full\" alt=\"\" \/>\n\t\t\t<\/div><\/figure><figure class='gallery-item'>\n\t\t\t<div class='gallery-icon portrait'>\n\t\t\t\t<img loading=\"lazy\" decoding=\"async\" width=\"391\" height=\"401\" src=\"https:\/\/kevinragonneau.fr\/blog\/wp-content\/uploads\/2022\/02\/ed1458649b49673b1c1abce4a033b3ed.jpeg\" class=\"attachment-full size-full\" alt=\"\" \/>\n\t\t\t<\/div><\/figure>\n\t\t<\/div>\n\n<p><em>Inspis Pinterest.<\/em><\/p>\n<p>&nbsp;<\/p>\n<h2 id=\"les-pieces-tendance-du-printemps-2023\" class=\"p3\">Les pi\u00e8ces tendance du printemps 2023<\/h2>\n<p class=\"p1\">Si vous aimez vous habiller d\u2019une fa\u00e7on relativement classique, mais que vous \u00eates \u00e0 la recherche d\u2019une pi\u00e8ce forte qui va<b> cr\u00e9er la diff\u00e9rence dans votre look, <\/b>voici les tendances mode homme du printemps 2023 :<\/p>\n<ul class=\"ul1\">\n<li class=\"li6\">le <b>v\u00eatement oversize \/ large<\/b>\u00a0: qui peut \u00eatre aussi bien un pantalon, une chemise, un T-shirt ou une veste ;<\/li>\n<\/ul>\n<div id='gallery-4' class='gallery galleryid-9386 gallery-columns-4 gallery-size-full'><figure class='gallery-item'>\n\t\t\t<div class='gallery-icon portrait'>\n\t\t\t\t<img loading=\"lazy\" decoding=\"async\" width=\"563\" height=\"698\" src=\"https:\/\/kevinragonneau.fr\/blog\/wp-content\/uploads\/2022\/02\/f4a6731f89e05199bd851c81ceba876f.jpeg\" class=\"attachment-full size-full\" alt=\"\" \/>\n\t\t\t<\/div><\/figure><figure class='gallery-item'>\n\t\t\t<div class='gallery-icon portrait'>\n\t\t\t\t<img loading=\"lazy\" decoding=\"async\" width=\"564\" height=\"826\" src=\"https:\/\/kevinragonneau.fr\/blog\/wp-content\/uploads\/2022\/02\/de6d5a86532a5b7616ddd405de409258.jpeg\" class=\"attachment-full size-full\" alt=\"\" \/>\n\t\t\t<\/div><\/figure><figure class='gallery-item'>\n\t\t\t<div class='gallery-icon portrait'>\n\t\t\t\t<img loading=\"lazy\" decoding=\"async\" width=\"564\" height=\"702\" src=\"https:\/\/kevinragonneau.fr\/blog\/wp-content\/uploads\/2022\/02\/56d405b498f0d5a1e4324754e01c8658.jpeg\" class=\"attachment-full size-full\" alt=\"\" \/>\n\t\t\t<\/div><\/figure><figure class='gallery-item'>\n\t\t\t<div class='gallery-icon portrait'>\n\t\t\t\t<img loading=\"lazy\" decoding=\"async\" width=\"564\" height=\"846\" src=\"https:\/\/kevinragonneau.fr\/blog\/wp-content\/uploads\/2022\/02\/363da16139f88352e02beb116b245b78.jpeg\" class=\"attachment-full size-full\" alt=\"\" \/>\n\t\t\t<\/div><\/figure>\n\t\t<\/div>\n\n<p><em>Inspis Pinterest.<\/em><\/p>\n<p>&nbsp;<\/p>\n<ul class=\"ul1\">\n<li class=\"li6\">le <b>cardigan<\/b> : une pi\u00e8ce vintage qui fait son grand retour :<\/li>\n<\/ul>\n[show_shopthepost_widget id=\u00a0\u00bb4704086&Prime;]\n<p>&nbsp;<\/p>\n<div id='gallery-5' class='gallery galleryid-9386 gallery-columns-4 gallery-size-full'><figure class='gallery-item'>\n\t\t\t<div class='gallery-icon portrait'>\n\t\t\t\t<img loading=\"lazy\" decoding=\"async\" width=\"564\" height=\"927\" src=\"https:\/\/kevinragonneau.fr\/blog\/wp-content\/uploads\/2022\/02\/83df522c343fb3a2f64af27d3afb8062.jpeg\" class=\"attachment-full size-full\" alt=\"\" \/>\n\t\t\t<\/div><\/figure><figure class='gallery-item'>\n\t\t\t<div class='gallery-icon portrait'>\n\t\t\t\t<img loading=\"lazy\" decoding=\"async\" width=\"370\" height=\"555\" src=\"https:\/\/kevinragonneau.fr\/blog\/wp-content\/uploads\/2022\/02\/f8ad507cad03a65853c152f421fc80aa.jpeg\" class=\"attachment-full size-full\" alt=\"\" \/>\n\t\t\t<\/div><\/figure><figure class='gallery-item'>\n\t\t\t<div class='gallery-icon portrait'>\n\t\t\t\t<img loading=\"lazy\" decoding=\"async\" width=\"564\" height=\"845\" src=\"https:\/\/kevinragonneau.fr\/blog\/wp-content\/uploads\/2022\/02\/ae95ee49651384173632f35d41c1176c.jpeg\" class=\"attachment-full size-full\" alt=\"\" \/>\n\t\t\t<\/div><\/figure><figure class='gallery-item'>\n\t\t\t<div class='gallery-icon portrait'>\n\t\t\t\t<img loading=\"lazy\" decoding=\"async\" width=\"370\" height=\"555\" src=\"https:\/\/kevinragonneau.fr\/blog\/wp-content\/uploads\/2022\/02\/b2507992cff867df8d170900d9a2e37f.jpeg\" class=\"attachment-full size-full\" alt=\"\" \/>\n\t\t\t<\/div><\/figure>\n\t\t<\/div>\n\n<p><em>Inspis Pinterest.<\/em><\/p>\n<p>&nbsp;<\/p>\n<ul class=\"ul1\">\n<li class=\"li6\">les <b>sandales\u00a0<\/b>: incluant les tongs qui sont particuli\u00e8rement mises en avant ce printemps ;<\/li>\n<\/ul>\n<p>&nbsp;<\/p>\n<ul class=\"ul1\">\n<li class=\"li7\">la <b>varsity jacket<\/b> : ou la \u00ab veste universitaire \u00bb qui reste tendance et qui est propos\u00e9e en cuir cette ann\u00e9e :<\/li>\n<\/ul>\n<p>&nbsp;<\/p>\n[show_shopthepost_widget id=\u00a0\u00bb4704085&Prime;]\n<p>&nbsp;<\/p>\n<div id='gallery-6' class='gallery galleryid-9386 gallery-columns-5 gallery-size-full'><figure class='gallery-item'>\n\t\t\t<div class='gallery-icon landscape'>\n\t\t\t\t<img loading=\"lazy\" decoding=\"async\" width=\"564\" height=\"564\" src=\"https:\/\/kevinragonneau.fr\/blog\/wp-content\/uploads\/2022\/02\/eef327622129e69f0e1f33e6527fed4c.jpeg\" class=\"attachment-full size-full\" alt=\"\" srcset=\"https:\/\/kevinragonneau.fr\/blog\/wp-content\/uploads\/2022\/02\/eef327622129e69f0e1f33e6527fed4c.jpeg 564w, https:\/\/kevinragonneau.fr\/blog\/wp-content\/uploads\/2022\/02\/eef327622129e69f0e1f33e6527fed4c-150x150.jpeg 150w, https:\/\/kevinragonneau.fr\/blog\/wp-content\/uploads\/2022\/02\/eef327622129e69f0e1f33e6527fed4c-300x300.jpeg 300w\" sizes=\"auto, (max-width: 564px) 100vw, 564px\" \/>\n\t\t\t<\/div><\/figure><figure class='gallery-item'>\n\t\t\t<div class='gallery-icon landscape'>\n\t\t\t\t<img loading=\"lazy\" decoding=\"async\" width=\"300\" height=\"300\" src=\"https:\/\/kevinragonneau.fr\/blog\/wp-content\/uploads\/2022\/02\/e62912c5dfd8c8eb7e524bb28161f7f6.jpeg\" class=\"attachment-full size-full\" alt=\"\" srcset=\"https:\/\/kevinragonneau.fr\/blog\/wp-content\/uploads\/2022\/02\/e62912c5dfd8c8eb7e524bb28161f7f6.jpeg 300w, https:\/\/kevinragonneau.fr\/blog\/wp-content\/uploads\/2022\/02\/e62912c5dfd8c8eb7e524bb28161f7f6-150x150.jpeg 150w\" sizes=\"auto, (max-width: 300px) 100vw, 300px\" \/>\n\t\t\t<\/div><\/figure><figure class='gallery-item'>\n\t\t\t<div class='gallery-icon landscape'>\n\t\t\t\t<img loading=\"lazy\" decoding=\"async\" width=\"564\" height=\"564\" src=\"https:\/\/kevinragonneau.fr\/blog\/wp-content\/uploads\/2022\/02\/fb4cf8107af608504754b6b5529f1b5a.jpeg\" class=\"attachment-full size-full\" alt=\"\" srcset=\"https:\/\/kevinragonneau.fr\/blog\/wp-content\/uploads\/2022\/02\/fb4cf8107af608504754b6b5529f1b5a.jpeg 564w, https:\/\/kevinragonneau.fr\/blog\/wp-content\/uploads\/2022\/02\/fb4cf8107af608504754b6b5529f1b5a-150x150.jpeg 150w, https:\/\/kevinragonneau.fr\/blog\/wp-content\/uploads\/2022\/02\/fb4cf8107af608504754b6b5529f1b5a-300x300.jpeg 300w\" sizes=\"auto, (max-width: 564px) 100vw, 564px\" \/>\n\t\t\t<\/div><\/figure><figure class='gallery-item'>\n\t\t\t<div class='gallery-icon landscape'>\n\t\t\t\t<img loading=\"lazy\" decoding=\"async\" width=\"554\" height=\"553\" src=\"https:\/\/kevinragonneau.fr\/blog\/wp-content\/uploads\/2022\/02\/fbd70107cc3579e4f028dfaeda671d95.jpeg\" class=\"attachment-full size-full\" alt=\"\" srcset=\"https:\/\/kevinragonneau.fr\/blog\/wp-content\/uploads\/2022\/02\/fbd70107cc3579e4f028dfaeda671d95.jpeg 554w, https:\/\/kevinragonneau.fr\/blog\/wp-content\/uploads\/2022\/02\/fbd70107cc3579e4f028dfaeda671d95-150x150.jpeg 150w, https:\/\/kevinragonneau.fr\/blog\/wp-content\/uploads\/2022\/02\/fbd70107cc3579e4f028dfaeda671d95-300x300.jpeg 300w\" sizes=\"auto, (max-width: 554px) 100vw, 554px\" \/>\n\t\t\t<\/div><\/figure><figure class='gallery-item'>\n\t\t\t<div class='gallery-icon portrait'>\n\t\t\t\t<img loading=\"lazy\" decoding=\"async\" width=\"564\" height=\"752\" src=\"https:\/\/kevinragonneau.fr\/blog\/wp-content\/uploads\/2022\/02\/92c2cdac080f664342d64aacc2d1a562.jpeg\" class=\"attachment-full size-full\" alt=\"\" \/>\n\t\t\t<\/div><\/figure>\n\t\t<\/div>\n\n<p><em>Inspis Pinterest.<\/em><\/p>\n<p>&nbsp;<\/p>\n<h2 id=\"la-tendance-mode-fashion-week-reperee-sur-les-defiles-de-grandes-maisons-le-cutout\" class=\"p3\">La tendance mode \u00ab\u00a0Fashion Week\u00a0\u00bb rep\u00e9r\u00e9e sur les d\u00e9fil\u00e9s de grandes maisons : le Cutout !<\/h2>\n<p class=\"p1\">\u00c0 la derni\u00e8re Fashion Week, les cr\u00e9ateurs et c\u00e9l\u00e8bres maisons de mode sugg\u00e8rent diverses fa\u00e7ons pour d\u00e9voiler certaines parties du corps :<\/p>\n<p>&nbsp;<\/p>\n<h3 id=\"les-hauts-troues\">Les hauts trou\u00e9s<\/h3>\n<p class=\"p5\">Si les pi\u00e8ces trou\u00e9es ont \u00e9t\u00e9 vues et revues chez les hommes mais surtout chez les femmes pendant les saisons pr\u00e9c\u00e9dentes en Fashion week, la tendance 2023 propose d\u2019<b>oser des trous encore plus grands pour les tops<\/b> afin de d\u00e9voiler des parties du corps comme les <a href=\"https:\/\/kevinragonneau.fr\/blog\/la-seance-de-sport-a-la-maison-la-plus-efficace-pour-obtenir-un-ventre-plat\">pectoraux et les abdominaux<\/a>.<span class=\"Apple-converted-space\">\u00a0<\/span><\/p>\n[show_shopthepost_widget id=\u00a0\u00bb4704080&Prime;]\n<p>&nbsp;<\/p>\n<h3 id=\"devoiler-les-bras\">D\u00e9voiler les bras<\/h3>\n<p class=\"p5\">La collection printemps 2023 en Fashion week propose des hauts \u00e0 manches courtes de toutes sortes : les vestes, les pulls et les tricots jusqu\u2019aux T-shirts qu\u2019ils soient ouverts, \u00e0 col rond ou \u00e0 col V.<span class=\"Apple-converted-space\">\u00a0<\/span><\/p>\n[show_shopthepost_widget id=\u00a0\u00bb4704082&Prime;]\n<p>&nbsp;<\/p>\n<h2 id=\"les-tendances-mode-femme-du-printemps-2023\">Les tendances mode Femme du Printemps 2023<\/h2>\n<p>Pour suivre les <a href=\"https:\/\/missudetteandco.com\/categorie\/mode\/\">tendances mode Femme<\/a>, je vous invite \u00e0 suivre le blog de ma Femme : <a href=\"https:\/\/missudetteandco.com\/\" target=\"_blank\" rel=\"noopener\">www.missudetteandco.com<\/a><\/p>\n<hr \/>\n<p>Pour plus de tips, n\u2019h\u00e9sitez pas \u00e0 nous suivre sur Instagram : <a href=\"https:\/\/www.instagram.com\/missudette\" target=\"_blank\" rel=\"noopener noreferrer\">@missudette<\/a>\u00a0&amp;\u00a0<a href=\"https:\/\/www.instagram.com\/kevinragonneau\/\" target=\"_blank\" rel=\"noopener noreferrer\">@kevinragonneau<\/a>\u00a0!<\/p>\n","protected":false},"excerpt":{"rendered":"<p>\u00c0 chaque nouvelle saison, les marques &amp; cr\u00e9ateurs de mode sortent une nouvelle collection. Les m\u00e9dias et r\u00e9seaux sociaux regorgent alors d\u2019articles mettant \u00e0 l\u2019honneur les tendances du moment issues&hellip;<\/p>\n","protected":false},"author":1,"featured_media":9440,"comment_status":"open","ping_status":"open","sticky":false,"template":"","format":"standard","meta":{"footnotes":""},"categories":[339],"tags":[411],"powerkit_post_featured":[],"class_list":{"0":"post-9386","1":"post","2":"type-post","3":"status-publish","4":"format-standard","5":"has-post-thumbnail","7":"category-mode","8":"tag-top2"},"yoast_head":"<!-- This site is optimized with the Yoast SEO plugin v27.4 - https:\/\/yoast.com\/product\/yoast-seo-wordpress\/ -->\n<title>Les tendances mode homme du printemps 2023<\/title>\n<meta name=\"description\" content=\"Pour la belle saison, les tendances mode homme du printemps 2023\u00a0regorgent de pi\u00e8ces fortes, color\u00e9es, originales et parfois plus &quot;os\u00e9es&quot;. Pour \u00eatre au top de la tendance pendant toute la saison printani\u00e8re, d\u00e9couvrez, dans cet article, les pi\u00e8ces pour homme \u00e0 absolument avoir pour composer des looks styl\u00e9s et \u00e0 la mode sans trop en faire !\" \/>\n<meta name=\"robots\" content=\"index, follow, max-snippet:-1, max-image-preview:large, max-video-preview:-1\" \/>\n<link rel=\"canonical\" href=\"https:\/\/kevinragonneau.fr\/blog\/les-tendances-mode-homme-du-printemps-2023\" \/>\n<meta property=\"og:locale\" content=\"fr_FR\" \/>\n<meta property=\"og:type\" content=\"article\" \/>\n<meta property=\"og:title\" content=\"Les tendances mode homme du printemps 2023\" \/>\n<meta property=\"og:description\" content=\"Pour la belle saison, les tendances mode homme du printemps 2023\u00a0regorgent de pi\u00e8ces fortes, color\u00e9es, originales et parfois plus &quot;os\u00e9es&quot;. Pour \u00eatre au top de la tendance pendant toute la saison printani\u00e8re, d\u00e9couvrez, dans cet article, les pi\u00e8ces pour homme \u00e0 absolument avoir pour composer des looks styl\u00e9s et \u00e0 la mode sans trop en faire !\" \/>\n<meta property=\"og:url\" content=\"https:\/\/kevinragonneau.fr\/blog\/les-tendances-mode-homme-du-printemps-2023\" \/>\n<meta property=\"og:site_name\" content=\"Kevin Ragonneau\" \/>\n<meta property=\"article:publisher\" content=\"http:\/\/facebook.com\/kevinragonneau\" \/>\n<meta property=\"article:author\" content=\"facebook\" \/>\n<meta property=\"article:published_time\" content=\"2023-03-23T11:00:41+00:00\" \/>\n<meta property=\"article:modified_time\" content=\"2023-04-27T09:09:51+00:00\" \/>\n<meta property=\"og:image\" content=\"https:\/\/kevinragonneau.fr\/blog\/wp-content\/uploads\/2022\/02\/mode-tendances-homme-printemps-2022.jpg\" \/>\n\t<meta property=\"og:image:width\" content=\"2000\" \/>\n\t<meta property=\"og:image:height\" content=\"1331\" \/>\n\t<meta property=\"og:image:type\" content=\"image\/jpeg\" \/>\n<meta name=\"author\" content=\"kevin\" \/>\n<meta name=\"twitter:card\" content=\"summary_large_image\" \/>\n<meta name=\"twitter:creator\" content=\"@K_Ragonneau\" \/>\n<meta name=\"twitter:site\" content=\"@K_Ragonneau\" \/>\n<meta name=\"twitter:label1\" content=\"\u00c9crit par\" \/>\n\t<meta name=\"twitter:data1\" content=\"kevin\" \/>\n\t<meta name=\"twitter:label2\" content=\"Dur\u00e9e de lecture estim\u00e9e\" \/>\n\t<meta name=\"twitter:data2\" content=\"4 minutes\" \/>\n<script type=\"application\/ld+json\" class=\"yoast-schema-graph\">{\"@context\":\"https:\\\/\\\/schema.org\",\"@graph\":[{\"@type\":\"Article\",\"@id\":\"https:\\\/\\\/kevinragonneau.fr\\\/blog\\\/les-tendances-mode-homme-du-printemps-2023#article\",\"isPartOf\":{\"@id\":\"https:\\\/\\\/kevinragonneau.fr\\\/blog\\\/les-tendances-mode-homme-du-printemps-2023\"},\"author\":{\"name\":\"kevin\",\"@id\":\"https:\\\/\\\/kevinragonneau.fr\\\/blog\\\/#\\\/schema\\\/person\\\/699d420145eef6a72e6ee2874017089b\"},\"headline\":\"Les tendances mode homme du printemps 2023\",\"datePublished\":\"2023-03-23T11:00:41+00:00\",\"dateModified\":\"2023-04-27T09:09:51+00:00\",\"mainEntityOfPage\":{\"@id\":\"https:\\\/\\\/kevinragonneau.fr\\\/blog\\\/les-tendances-mode-homme-du-printemps-2023\"},\"wordCount\":804,\"commentCount\":1,\"image\":{\"@id\":\"https:\\\/\\\/kevinragonneau.fr\\\/blog\\\/les-tendances-mode-homme-du-printemps-2023#primaryimage\"},\"thumbnailUrl\":\"https:\\\/\\\/kevinragonneau.fr\\\/blog\\\/wp-content\\\/uploads\\\/2022\\\/02\\\/mode-tendances-homme-printemps-2022.jpg\",\"keywords\":[\"top2\"],\"articleSection\":[\"Mode\"],\"inLanguage\":\"fr-FR\",\"potentialAction\":[{\"@type\":\"CommentAction\",\"name\":\"Comment\",\"target\":[\"https:\\\/\\\/kevinragonneau.fr\\\/blog\\\/les-tendances-mode-homme-du-printemps-2023#respond\"]}]},{\"@type\":\"WebPage\",\"@id\":\"https:\\\/\\\/kevinragonneau.fr\\\/blog\\\/les-tendances-mode-homme-du-printemps-2023\",\"url\":\"https:\\\/\\\/kevinragonneau.fr\\\/blog\\\/les-tendances-mode-homme-du-printemps-2023\",\"name\":\"Les tendances mode homme du printemps 2023\",\"isPartOf\":{\"@id\":\"https:\\\/\\\/kevinragonneau.fr\\\/blog\\\/#website\"},\"primaryImageOfPage\":{\"@id\":\"https:\\\/\\\/kevinragonneau.fr\\\/blog\\\/les-tendances-mode-homme-du-printemps-2023#primaryimage\"},\"image\":{\"@id\":\"https:\\\/\\\/kevinragonneau.fr\\\/blog\\\/les-tendances-mode-homme-du-printemps-2023#primaryimage\"},\"thumbnailUrl\":\"https:\\\/\\\/kevinragonneau.fr\\\/blog\\\/wp-content\\\/uploads\\\/2022\\\/02\\\/mode-tendances-homme-printemps-2022.jpg\",\"datePublished\":\"2023-03-23T11:00:41+00:00\",\"dateModified\":\"2023-04-27T09:09:51+00:00\",\"author\":{\"@id\":\"https:\\\/\\\/kevinragonneau.fr\\\/blog\\\/#\\\/schema\\\/person\\\/699d420145eef6a72e6ee2874017089b\"},\"description\":\"Pour la belle saison, les tendances mode homme du printemps 2023\u00a0regorgent de pi\u00e8ces fortes, color\u00e9es, originales et parfois plus \\\"os\u00e9es\\\". Pour \u00eatre au top de la tendance pendant toute la saison printani\u00e8re, d\u00e9couvrez, dans cet article, les pi\u00e8ces pour homme \u00e0 absolument avoir pour composer des looks styl\u00e9s et \u00e0 la mode sans trop en faire !\",\"breadcrumb\":{\"@id\":\"https:\\\/\\\/kevinragonneau.fr\\\/blog\\\/les-tendances-mode-homme-du-printemps-2023#breadcrumb\"},\"inLanguage\":\"fr-FR\",\"potentialAction\":[{\"@type\":\"ReadAction\",\"target\":[\"https:\\\/\\\/kevinragonneau.fr\\\/blog\\\/les-tendances-mode-homme-du-printemps-2023\"]}]},{\"@type\":\"ImageObject\",\"inLanguage\":\"fr-FR\",\"@id\":\"https:\\\/\\\/kevinragonneau.fr\\\/blog\\\/les-tendances-mode-homme-du-printemps-2023#primaryimage\",\"url\":\"https:\\\/\\\/kevinragonneau.fr\\\/blog\\\/wp-content\\\/uploads\\\/2022\\\/02\\\/mode-tendances-homme-printemps-2022.jpg\",\"contentUrl\":\"https:\\\/\\\/kevinragonneau.fr\\\/blog\\\/wp-content\\\/uploads\\\/2022\\\/02\\\/mode-tendances-homme-printemps-2022.jpg\",\"width\":2000,\"height\":1331,\"caption\":\"tendances mode homme printemps 2022\"},{\"@type\":\"BreadcrumbList\",\"@id\":\"https:\\\/\\\/kevinragonneau.fr\\\/blog\\\/les-tendances-mode-homme-du-printemps-2023#breadcrumb\",\"itemListElement\":[{\"@type\":\"ListItem\",\"position\":1,\"name\":\"Accueil\",\"item\":\"https:\\\/\\\/kevinragonneau.fr\\\/blog\\\/\"},{\"@type\":\"ListItem\",\"position\":2,\"name\":\"Les tendances mode homme du printemps 2023\"}]},{\"@type\":\"WebSite\",\"@id\":\"https:\\\/\\\/kevinragonneau.fr\\\/blog\\\/#website\",\"url\":\"https:\\\/\\\/kevinragonneau.fr\\\/blog\\\/\",\"name\":\"Blog Lifestyle : Conseils de Voyage, Mode, Marketing Digital et Vie de Famille Inspirante\",\"description\":\"Blog Lifestyle : Conseils de Voyage, Mode, Marketing Digital et Vie de Famille Inspirante\",\"alternateName\":\"Blog de Kevin Ragonneau\",\"potentialAction\":[{\"@type\":\"SearchAction\",\"target\":{\"@type\":\"EntryPoint\",\"urlTemplate\":\"https:\\\/\\\/kevinragonneau.fr\\\/blog\\\/?s={search_term_string}\"},\"query-input\":{\"@type\":\"PropertyValueSpecification\",\"valueRequired\":true,\"valueName\":\"search_term_string\"}}],\"inLanguage\":\"fr-FR\"},{\"@type\":\"Person\",\"@id\":\"https:\\\/\\\/kevinragonneau.fr\\\/blog\\\/#\\\/schema\\\/person\\\/699d420145eef6a72e6ee2874017089b\",\"name\":\"kevin\",\"image\":{\"@type\":\"ImageObject\",\"inLanguage\":\"fr-FR\",\"@id\":\"https:\\\/\\\/secure.gravatar.com\\\/avatar\\\/13848386d61634190fd948f9c9942d9dbd215b2fb0cc6c7462a7427b3f9d264e?s=96&d=mm&r=g\",\"url\":\"https:\\\/\\\/secure.gravatar.com\\\/avatar\\\/13848386d61634190fd948f9c9942d9dbd215b2fb0cc6c7462a7427b3f9d264e?s=96&d=mm&r=g\",\"contentUrl\":\"https:\\\/\\\/secure.gravatar.com\\\/avatar\\\/13848386d61634190fd948f9c9942d9dbd215b2fb0cc6c7462a7427b3f9d264e?s=96&d=mm&r=g\",\"caption\":\"kevin\"},\"description\":\"26 ans, Paris. D\u00e9veloppeur web &amp; Blogueur.\",\"sameAs\":[\"http:\\\/\\\/www.kevinragonneau.fr\\\/blog\",\"facebook\",\"instagram\"],\"url\":\"https:\\\/\\\/kevinragonneau.fr\\\/blog\\\/author\\\/kevin\"}]}<\/script>\n<!-- \/ Yoast SEO plugin. -->","yoast_head_json":{"title":"Les tendances mode homme du printemps 2023","description":"Pour la belle saison, les tendances mode homme du printemps 2023\u00a0regorgent de pi\u00e8ces fortes, color\u00e9es, originales et parfois plus \"os\u00e9es\". Pour \u00eatre au top de la tendance pendant toute la saison printani\u00e8re, d\u00e9couvrez, dans cet article, les pi\u00e8ces pour homme \u00e0 absolument avoir pour composer des looks styl\u00e9s et \u00e0 la mode sans trop en faire !","robots":{"index":"index","follow":"follow","max-snippet":"max-snippet:-1","max-image-preview":"max-image-preview:large","max-video-preview":"max-video-preview:-1"},"canonical":"https:\/\/kevinragonneau.fr\/blog\/les-tendances-mode-homme-du-printemps-2023","og_locale":"fr_FR","og_type":"article","og_title":"Les tendances mode homme du printemps 2023","og_description":"Pour la belle saison, les tendances mode homme du printemps 2023\u00a0regorgent de pi\u00e8ces fortes, color\u00e9es, originales et parfois plus \"os\u00e9es\". Pour \u00eatre au top de la tendance pendant toute la saison printani\u00e8re, d\u00e9couvrez, dans cet article, les pi\u00e8ces pour homme \u00e0 absolument avoir pour composer des looks styl\u00e9s et \u00e0 la mode sans trop en faire !","og_url":"https:\/\/kevinragonneau.fr\/blog\/les-tendances-mode-homme-du-printemps-2023","og_site_name":"Kevin Ragonneau","article_publisher":"http:\/\/facebook.com\/kevinragonneau","article_author":"facebook","article_published_time":"2023-03-23T11:00:41+00:00","article_modified_time":"2023-04-27T09:09:51+00:00","og_image":[{"width":2000,"height":1331,"url":"https:\/\/kevinragonneau.fr\/blog\/wp-content\/uploads\/2022\/02\/mode-tendances-homme-printemps-2022.jpg","type":"image\/jpeg"}],"author":"kevin","twitter_card":"summary_large_image","twitter_creator":"@K_Ragonneau","twitter_site":"@K_Ragonneau","twitter_misc":{"\u00c9crit par":"kevin","Dur\u00e9e de lecture estim\u00e9e":"4 minutes"},"schema":{"@context":"https:\/\/schema.org","@graph":[{"@type":"Article","@id":"https:\/\/kevinragonneau.fr\/blog\/les-tendances-mode-homme-du-printemps-2023#article","isPartOf":{"@id":"https:\/\/kevinragonneau.fr\/blog\/les-tendances-mode-homme-du-printemps-2023"},"author":{"name":"kevin","@id":"https:\/\/kevinragonneau.fr\/blog\/#\/schema\/person\/699d420145eef6a72e6ee2874017089b"},"headline":"Les tendances mode homme du printemps 2023","datePublished":"2023-03-23T11:00:41+00:00","dateModified":"2023-04-27T09:09:51+00:00","mainEntityOfPage":{"@id":"https:\/\/kevinragonneau.fr\/blog\/les-tendances-mode-homme-du-printemps-2023"},"wordCount":804,"commentCount":1,"image":{"@id":"https:\/\/kevinragonneau.fr\/blog\/les-tendances-mode-homme-du-printemps-2023#primaryimage"},"thumbnailUrl":"https:\/\/kevinragonneau.fr\/blog\/wp-content\/uploads\/2022\/02\/mode-tendances-homme-printemps-2022.jpg","keywords":["top2"],"articleSection":["Mode"],"inLanguage":"fr-FR","potentialAction":[{"@type":"CommentAction","name":"Comment","target":["https:\/\/kevinragonneau.fr\/blog\/les-tendances-mode-homme-du-printemps-2023#respond"]}]},{"@type":"WebPage","@id":"https:\/\/kevinragonneau.fr\/blog\/les-tendances-mode-homme-du-printemps-2023","url":"https:\/\/kevinragonneau.fr\/blog\/les-tendances-mode-homme-du-printemps-2023","name":"Les tendances mode homme du printemps 2023","isPartOf":{"@id":"https:\/\/kevinragonneau.fr\/blog\/#website"},"primaryImageOfPage":{"@id":"https:\/\/kevinragonneau.fr\/blog\/les-tendances-mode-homme-du-printemps-2023#primaryimage"},"image":{"@id":"https:\/\/kevinragonneau.fr\/blog\/les-tendances-mode-homme-du-printemps-2023#primaryimage"},"thumbnailUrl":"https:\/\/kevinragonneau.fr\/blog\/wp-content\/uploads\/2022\/02\/mode-tendances-homme-printemps-2022.jpg","datePublished":"2023-03-23T11:00:41+00:00","dateModified":"2023-04-27T09:09:51+00:00","author":{"@id":"https:\/\/kevinragonneau.fr\/blog\/#\/schema\/person\/699d420145eef6a72e6ee2874017089b"},"description":"Pour la belle saison, les tendances mode homme du printemps 2023\u00a0regorgent de pi\u00e8ces fortes, color\u00e9es, originales et parfois plus \"os\u00e9es\". Pour \u00eatre au top de la tendance pendant toute la saison printani\u00e8re, d\u00e9couvrez, dans cet article, les pi\u00e8ces pour homme \u00e0 absolument avoir pour composer des looks styl\u00e9s et \u00e0 la mode sans trop en faire !","breadcrumb":{"@id":"https:\/\/kevinragonneau.fr\/blog\/les-tendances-mode-homme-du-printemps-2023#breadcrumb"},"inLanguage":"fr-FR","potentialAction":[{"@type":"ReadAction","target":["https:\/\/kevinragonneau.fr\/blog\/les-tendances-mode-homme-du-printemps-2023"]}]},{"@type":"ImageObject","inLanguage":"fr-FR","@id":"https:\/\/kevinragonneau.fr\/blog\/les-tendances-mode-homme-du-printemps-2023#primaryimage","url":"https:\/\/kevinragonneau.fr\/blog\/wp-content\/uploads\/2022\/02\/mode-tendances-homme-printemps-2022.jpg","contentUrl":"https:\/\/kevinragonneau.fr\/blog\/wp-content\/uploads\/2022\/02\/mode-tendances-homme-printemps-2022.jpg","width":2000,"height":1331,"caption":"tendances mode homme printemps 2022"},{"@type":"BreadcrumbList","@id":"https:\/\/kevinragonneau.fr\/blog\/les-tendances-mode-homme-du-printemps-2023#breadcrumb","itemListElement":[{"@type":"ListItem","position":1,"name":"Accueil","item":"https:\/\/kevinragonneau.fr\/blog\/"},{"@type":"ListItem","position":2,"name":"Les tendances mode homme du printemps 2023"}]},{"@type":"WebSite","@id":"https:\/\/kevinragonneau.fr\/blog\/#website","url":"https:\/\/kevinragonneau.fr\/blog\/","name":"Blog Lifestyle : Conseils de Voyage, Mode, Marketing Digital et Vie de Famille Inspirante","description":"Blog Lifestyle : Conseils de Voyage, Mode, Marketing Digital et Vie de Famille Inspirante","alternateName":"Blog de Kevin Ragonneau","potentialAction":[{"@type":"SearchAction","target":{"@type":"EntryPoint","urlTemplate":"https:\/\/kevinragonneau.fr\/blog\/?s={search_term_string}"},"query-input":{"@type":"PropertyValueSpecification","valueRequired":true,"valueName":"search_term_string"}}],"inLanguage":"fr-FR"},{"@type":"Person","@id":"https:\/\/kevinragonneau.fr\/blog\/#\/schema\/person\/699d420145eef6a72e6ee2874017089b","name":"kevin","image":{"@type":"ImageObject","inLanguage":"fr-FR","@id":"https:\/\/secure.gravatar.com\/avatar\/13848386d61634190fd948f9c9942d9dbd215b2fb0cc6c7462a7427b3f9d264e?s=96&d=mm&r=g","url":"https:\/\/secure.gravatar.com\/avatar\/13848386d61634190fd948f9c9942d9dbd215b2fb0cc6c7462a7427b3f9d264e?s=96&d=mm&r=g","contentUrl":"https:\/\/secure.gravatar.com\/avatar\/13848386d61634190fd948f9c9942d9dbd215b2fb0cc6c7462a7427b3f9d264e?s=96&d=mm&r=g","caption":"kevin"},"description":"26 ans, Paris. D\u00e9veloppeur web &amp; Blogueur.","sameAs":["http:\/\/www.kevinragonneau.fr\/blog","facebook","instagram"],"url":"https:\/\/kevinragonneau.fr\/blog\/author\/kevin"}]}},"_links":{"self":[{"href":"https:\/\/kevinragonneau.fr\/blog\/wp-json\/wp\/v2\/posts\/9386","targetHints":{"allow":["GET"]}}],"collection":[{"href":"https:\/\/kevinragonneau.fr\/blog\/wp-json\/wp\/v2\/posts"}],"about":[{"href":"https:\/\/kevinragonneau.fr\/blog\/wp-json\/wp\/v2\/types\/post"}],"author":[{"embeddable":true,"href":"https:\/\/kevinragonneau.fr\/blog\/wp-json\/wp\/v2\/users\/1"}],"replies":[{"embeddable":true,"href":"https:\/\/kevinragonneau.fr\/blog\/wp-json\/wp\/v2\/comments?post=9386"}],"version-history":[{"count":0,"href":"https:\/\/kevinragonneau.fr\/blog\/wp-json\/wp\/v2\/posts\/9386\/revisions"}],"wp:featuredmedia":[{"embeddable":true,"href":"https:\/\/kevinragonneau.fr\/blog\/wp-json\/wp\/v2\/media\/9440"}],"wp:attachment":[{"href":"https:\/\/kevinragonneau.fr\/blog\/wp-json\/wp\/v2\/media?parent=9386"}],"wp:term":[{"taxonomy":"category","embeddable":true,"href":"https:\/\/kevinragonneau.fr\/blog\/wp-json\/wp\/v2\/categories?post=9386"},{"taxonomy":"post_tag","embeddable":true,"href":"https:\/\/kevinragonneau.fr\/blog\/wp-json\/wp\/v2\/tags?post=9386"},{"taxonomy":"powerkit_post_featured","embeddable":true,"href":"https:\/\/kevinragonneau.fr\/blog\/wp-json\/wp\/v2\/powerkit_post_featured?post=9386"}],"curies":[{"name":"wp","href":"https:\/\/api.w.org\/{rel}","templated":true}]}}