{"id":9882,"date":"2022-06-06T11:13:57","date_gmt":"2022-06-06T09:13:57","guid":{"rendered":"https:\/\/kevinragonneau.fr\/blog\/?p=9882"},"modified":"2022-07-14T02:16:52","modified_gmt":"2022-07-14T00:16:52","slug":"les-tendances-mode-homme-de-cet-ete-2022","status":"publish","type":"post","link":"https:\/\/kevinragonneau.fr\/blog\/les-tendances-mode-homme-de-cet-ete-2022","title":{"rendered":"Les tendances mode homme de cet \u00e9t\u00e9 2022"},"content":{"rendered":"<p class=\"p1\">Beaucoup attendent l\u2019arriv\u00e9e de l\u2019\u00e9t\u00e9 pour pouvoir enfin porter des <b><a href=\"https:\/\/kevinragonneau.fr\/blog\/5-looks-homme-femme-pour-5-destinations-de-voyages-inspires-de-voyages-autour-du-monde\">tenues estivales<\/a> color\u00e9es et styl\u00e9es<\/b> r\u00e9serv\u00e9es \u00e0 la bonne saison. Toutes sortes de mati\u00e8res, de couleurs, d\u2019associations et de styles sont adapt\u00e9s \u00e0 cette saison et il convient simplement de suivre les suivre les tendances mode homme de l&rsquo;\u00e9t\u00e9 2022 pour \u00eatre au courant de ces <a href=\"https:\/\/kevinragonneau.fr\/blog\/cala-1789-la-marque-a-connaitre-pour-avoir-du-style-cet-ete\">derni\u00e8res tendances<\/a> pour s\u2019habiller \u00e0 la mode en 2022.<\/p>\n<p class=\"p1\">Pour vous aider \u00e0 adopter un style vestimentaire au top, d\u00e9couvrez dans cet article <b>les tendances mode homme de cet \u00e9t\u00e9 2022<\/b>.<span class=\"Apple-converted-space\">\u00a0<\/span><\/p>\n<p>&nbsp;<\/p>\n<h2 id=\"quel-style-tendance-adopter-pour-lete-2022\" class=\"p3\">Quel style tendance adopter pour l\u2019\u00e9t\u00e9 2022\u00a0?<span class=\"Apple-converted-space\">\u00a0<\/span><\/h2>\n<p class=\"p4\">Les grandes maisons de la mode et les marques de v\u00eatements les plus connues ont derni\u00e8rement cr\u00e9\u00e9 et mis en valeur des habits qui tournent autour des styles suivants, pour <b>l\u2019\u00e9t\u00e9 2022<\/b>\u00a0:<span class=\"Apple-converted-space\">\u00a0<\/span><\/p>\n<p>&nbsp;<\/p>\n<h3 id=\"le-streetwear\" class=\"p5\">Le streetwear<\/h3>\n<p class=\"p1\">Le streetwear facilement assimilable avec le sportwear implique <b>un look pratique et confortable<\/b> que l\u2019on peut adopter tous les jours. Pour donner un rendu styl\u00e9, il suffit tout simplement de bien composer le look avec des pi\u00e8ces et des d\u00e9tails tendance.<\/p>\n<p class=\"p4\">Les <b>dad shoes<\/b>, par exemple, <a href=\"https:\/\/www.cosmopolitan.fr\/les-dad-shoes-tendance-ephemere-ou-indispensable-mode,2022956.asp\" target=\"_blank\" rel=\"noopener\">ces fameuses chaussures<\/a> \u00e0 grosses semelles consid\u00e9r\u00e9es, pendant des ann\u00e9es, comme vilaines et d\u00e9pass\u00e9es reviennent, depuis quelques saisons, \u00e0 la mode et constituent toujours une grande tendance du moment. Elles s\u2019associent facilement \u00e0 un jean ou un short, mais les porter avec un jogging un peu ample, pour ajouter du style, demeure l\u2019id\u00e9al.<span class=\"Apple-converted-space\">\u00a0<\/span><\/p>\n[show_shopthepost_widget id=\u00a0\u00bb4777495&Prime;]\n<p>&nbsp;<\/p>\n<div id='gallery-1' class='gallery galleryid-9882 gallery-columns-4 gallery-size-medium'><figure class='gallery-item'>\n\t\t\t<div class='gallery-icon portrait'>\n\t\t\t\t<img loading=\"lazy\" decoding=\"async\" width=\"512\" height=\"750\" src=\"https:\/\/kevinragonneau.fr\/blog\/wp-content\/uploads\/2022\/05\/00d74429aced014d94260237874fb46a-512x750.jpeg\" class=\"attachment-medium size-medium\" alt=\"\" \/>\n\t\t\t<\/div><\/figure><figure class='gallery-item'>\n\t\t\t<div class='gallery-icon portrait'>\n\t\t\t\t<img loading=\"lazy\" decoding=\"async\" width=\"564\" height=\"750\" src=\"https:\/\/kevinragonneau.fr\/blog\/wp-content\/uploads\/2022\/05\/5ce54e0f74dfba7102b6f1ab348083e1-564x750.jpeg\" class=\"attachment-medium size-medium\" alt=\"\" \/>\n\t\t\t<\/div><\/figure><figure class='gallery-item'>\n\t\t\t<div class='gallery-icon portrait'>\n\t\t\t\t<img loading=\"lazy\" decoding=\"async\" width=\"474\" height=\"750\" src=\"https:\/\/kevinragonneau.fr\/blog\/wp-content\/uploads\/2022\/05\/6fe9b4e9a21f7c502dab46fe1206d9de-474x750.jpeg\" class=\"attachment-medium size-medium\" alt=\"\" \/>\n\t\t\t<\/div><\/figure><figure class='gallery-item'>\n\t\t\t<div class='gallery-icon landscape'>\n\t\t\t\t<img loading=\"lazy\" decoding=\"async\" width=\"474\" height=\"474\" src=\"https:\/\/kevinragonneau.fr\/blog\/wp-content\/uploads\/2022\/05\/44fd809bd89fe6f4e815f2051d311592.jpeg\" class=\"attachment-medium size-medium\" alt=\"\" srcset=\"https:\/\/kevinragonneau.fr\/blog\/wp-content\/uploads\/2022\/05\/44fd809bd89fe6f4e815f2051d311592.jpeg 474w, https:\/\/kevinragonneau.fr\/blog\/wp-content\/uploads\/2022\/05\/44fd809bd89fe6f4e815f2051d311592-150x150.jpeg 150w, https:\/\/kevinragonneau.fr\/blog\/wp-content\/uploads\/2022\/05\/44fd809bd89fe6f4e815f2051d311592-300x300.jpeg 300w\" sizes=\"auto, (max-width: 474px) 100vw, 474px\" \/>\n\t\t\t<\/div><\/figure><figure class='gallery-item'>\n\t\t\t<div class='gallery-icon portrait'>\n\t\t\t\t<img loading=\"lazy\" decoding=\"async\" width=\"474\" height=\"562\" src=\"https:\/\/kevinragonneau.fr\/blog\/wp-content\/uploads\/2022\/05\/159b2facad647fbac168533b1cb284a9.jpeg\" class=\"attachment-medium size-medium\" alt=\"\" \/>\n\t\t\t<\/div><\/figure><figure class='gallery-item'>\n\t\t\t<div class='gallery-icon portrait'>\n\t\t\t\t<img loading=\"lazy\" decoding=\"async\" width=\"474\" height=\"750\" src=\"https:\/\/kevinragonneau.fr\/blog\/wp-content\/uploads\/2022\/05\/342e4986e8777d93f0b894f7bfe0252f-474x750.jpeg\" class=\"attachment-medium size-medium\" alt=\"\" \/>\n\t\t\t<\/div><\/figure><figure class='gallery-item'>\n\t\t\t<div class='gallery-icon portrait'>\n\t\t\t\t<img loading=\"lazy\" decoding=\"async\" width=\"341\" height=\"669\" src=\"https:\/\/kevinragonneau.fr\/blog\/wp-content\/uploads\/2022\/05\/994f051c715206a90909bbf85738515d.jpeg\" class=\"attachment-medium size-medium\" alt=\"\" \/>\n\t\t\t<\/div><\/figure><figure class='gallery-item'>\n\t\t\t<div class='gallery-icon portrait'>\n\t\t\t\t<img loading=\"lazy\" decoding=\"async\" width=\"564\" height=\"750\" src=\"https:\/\/kevinragonneau.fr\/blog\/wp-content\/uploads\/2022\/05\/6969ebd21921b06d9710c3e7616be40b-564x750.jpeg\" class=\"attachment-medium size-medium\" alt=\"\" \/>\n\t\t\t<\/div><\/figure><figure class='gallery-item'>\n\t\t\t<div class='gallery-icon portrait'>\n\t\t\t\t<img loading=\"lazy\" decoding=\"async\" width=\"474\" height=\"592\" src=\"https:\/\/kevinragonneau.fr\/blog\/wp-content\/uploads\/2022\/05\/08117f4aa060a1e6ee981d8914e23c04.jpeg\" class=\"attachment-medium size-medium\" alt=\"\" \/>\n\t\t\t<\/div><\/figure><figure class='gallery-item'>\n\t\t\t<div class='gallery-icon portrait'>\n\t\t\t\t<img loading=\"lazy\" decoding=\"async\" width=\"564\" height=\"750\" src=\"https:\/\/kevinragonneau.fr\/blog\/wp-content\/uploads\/2022\/05\/b7279802411a3d65475d893a6cb3f815-564x750.jpeg\" class=\"attachment-medium size-medium\" alt=\"\" \/>\n\t\t\t<\/div><\/figure><figure class='gallery-item'>\n\t\t\t<div class='gallery-icon portrait'>\n\t\t\t\t<img loading=\"lazy\" decoding=\"async\" width=\"564\" height=\"750\" src=\"https:\/\/kevinragonneau.fr\/blog\/wp-content\/uploads\/2022\/05\/c35960293a113730eb3490d04662844f-564x750.jpeg\" class=\"attachment-medium size-medium\" alt=\"\" \/>\n\t\t\t<\/div><\/figure><figure class='gallery-item'>\n\t\t\t<div class='gallery-icon portrait'>\n\t\t\t\t<img loading=\"lazy\" decoding=\"async\" width=\"474\" height=\"750\" src=\"https:\/\/kevinragonneau.fr\/blog\/wp-content\/uploads\/2022\/05\/dc31465b777b911f43d86ee4d78e62f2-474x750.jpeg\" class=\"attachment-medium size-medium\" alt=\"\" \/>\n\t\t\t<\/div><\/figure>\n\t\t<\/div>\n\n<p><em>Inspis Pinterest.<\/em><\/p>\n[show_shopthepost_widget id=\u00a0\u00bb4777496&Prime;]\n<p>&nbsp;<\/p>\n<h3 id=\"le-dad-style\" class=\"p5\">Le dad style<\/h3>\n<p class=\"p1\">De nos jours, les grandes maisons de la mode misent beaucoup sur le<b> vintage<\/b> et les styles qui s\u2019en inspirent. Aujourd\u2019hui, le dad style est un look classique en apparence, mais qui est en fait tr\u00e8s tendance lorsque vous savez le porter, et on le voit d\u2019ailleurs beaucoup \u00e0 la t\u00e9l\u00e9 sur des acteurs c\u00e9l\u00e8bres. En \u00e9t\u00e9, vous pouvez, par exemple, porter un short et mettre de longues chaussettes avant d\u2019enfiler vos baskets.<\/p>\n<div id='gallery-2' class='gallery galleryid-9882 gallery-columns-4 gallery-size-medium'><figure class='gallery-item'>\n\t\t\t<div class='gallery-icon portrait'>\n\t\t\t\t<a href='https:\/\/kevinragonneau.fr\/blog\/les-tendances-mode-homme-de-cet-ete-2022\/2c8695cb7f1002cc6a654a107d426e2e'><img loading=\"lazy\" decoding=\"async\" width=\"474\" height=\"711\" src=\"https:\/\/kevinragonneau.fr\/blog\/wp-content\/uploads\/2022\/05\/2c8695cb7f1002cc6a654a107d426e2e.jpeg\" class=\"attachment-medium size-medium\" alt=\"\" \/><\/a>\n\t\t\t<\/div><\/figure><figure class='gallery-item'>\n\t\t\t<div class='gallery-icon portrait'>\n\t\t\t\t<a href='https:\/\/kevinragonneau.fr\/blog\/les-tendances-mode-homme-de-cet-ete-2022\/31db8b33c0e4cdec8ac05d8d662ac2af'><img loading=\"lazy\" decoding=\"async\" width=\"474\" height=\"706\" src=\"https:\/\/kevinragonneau.fr\/blog\/wp-content\/uploads\/2022\/05\/31db8b33c0e4cdec8ac05d8d662ac2af.jpeg\" class=\"attachment-medium size-medium\" alt=\"\" \/><\/a>\n\t\t\t<\/div><\/figure><figure class='gallery-item'>\n\t\t\t<div class='gallery-icon portrait'>\n\t\t\t\t<a href='https:\/\/kevinragonneau.fr\/blog\/les-tendances-mode-homme-de-cet-ete-2022\/236eab16f33ff1757ae42c26b082b2a1'><img loading=\"lazy\" decoding=\"async\" width=\"474\" height=\"750\" src=\"https:\/\/kevinragonneau.fr\/blog\/wp-content\/uploads\/2022\/05\/236eab16f33ff1757ae42c26b082b2a1-474x750.jpeg\" class=\"attachment-medium size-medium\" alt=\"\" \/><\/a>\n\t\t\t<\/div><\/figure><figure class='gallery-item'>\n\t\t\t<div class='gallery-icon portrait'>\n\t\t\t\t<a href='https:\/\/kevinragonneau.fr\/blog\/les-tendances-mode-homme-de-cet-ete-2022\/849d9e10c3d10bbdc038e179f190612d'><img loading=\"lazy\" decoding=\"async\" width=\"474\" height=\"711\" src=\"https:\/\/kevinragonneau.fr\/blog\/wp-content\/uploads\/2022\/05\/849d9e10c3d10bbdc038e179f190612d.jpeg\" class=\"attachment-medium size-medium\" alt=\"\" \/><\/a>\n\t\t\t<\/div><\/figure><figure class='gallery-item'>\n\t\t\t<div class='gallery-icon portrait'>\n\t\t\t\t<a href='https:\/\/kevinragonneau.fr\/blog\/les-tendances-mode-homme-de-cet-ete-2022\/0531261ce9d77a969fef629fbae1e4e9'><img loading=\"lazy\" decoding=\"async\" width=\"473\" height=\"750\" src=\"https:\/\/kevinragonneau.fr\/blog\/wp-content\/uploads\/2022\/05\/0531261ce9d77a969fef629fbae1e4e9-473x750.jpeg\" class=\"attachment-medium size-medium\" alt=\"\" \/><\/a>\n\t\t\t<\/div><\/figure><figure class='gallery-item'>\n\t\t\t<div class='gallery-icon portrait'>\n\t\t\t\t<a href='https:\/\/kevinragonneau.fr\/blog\/les-tendances-mode-homme-de-cet-ete-2022\/a9a1af0cfd0823c6590eb03f6cef9867'><img loading=\"lazy\" decoding=\"async\" width=\"474\" height=\"656\" src=\"https:\/\/kevinragonneau.fr\/blog\/wp-content\/uploads\/2022\/05\/a9a1af0cfd0823c6590eb03f6cef9867.jpeg\" class=\"attachment-medium size-medium\" alt=\"\" \/><\/a>\n\t\t\t<\/div><\/figure><figure class='gallery-item'>\n\t\t\t<div class='gallery-icon portrait'>\n\t\t\t\t<a href='https:\/\/kevinragonneau.fr\/blog\/les-tendances-mode-homme-de-cet-ete-2022\/ba619b8cee3085f8998912be7dd09428'><img loading=\"lazy\" decoding=\"async\" width=\"474\" height=\"695\" src=\"https:\/\/kevinragonneau.fr\/blog\/wp-content\/uploads\/2022\/05\/ba619b8cee3085f8998912be7dd09428.jpeg\" class=\"attachment-medium size-medium\" alt=\"\" \/><\/a>\n\t\t\t<\/div><\/figure><figure class='gallery-item'>\n\t\t\t<div class='gallery-icon portrait'>\n\t\t\t\t<a href='https:\/\/kevinragonneau.fr\/blog\/les-tendances-mode-homme-de-cet-ete-2022\/c6acf8e89eae4d76a654e4f6fb57bf53'><img loading=\"lazy\" decoding=\"async\" width=\"473\" height=\"631\" src=\"https:\/\/kevinragonneau.fr\/blog\/wp-content\/uploads\/2022\/05\/c6acf8e89eae4d76a654e4f6fb57bf53.jpeg\" class=\"attachment-medium size-medium\" alt=\"\" srcset=\"https:\/\/kevinragonneau.fr\/blog\/wp-content\/uploads\/2022\/05\/c6acf8e89eae4d76a654e4f6fb57bf53.jpeg 473w, https:\/\/kevinragonneau.fr\/blog\/wp-content\/uploads\/2022\/05\/c6acf8e89eae4d76a654e4f6fb57bf53-280x375.jpeg 280w\" sizes=\"auto, (max-width: 473px) 100vw, 473px\" \/><\/a>\n\t\t\t<\/div><\/figure>\n\t\t<\/div>\n\n<p><em>Inspis Pinterest.<\/em><\/p>\n<p>&nbsp;<\/p>\n<p class=\"p4\">Vous pouvez \u00e9galement tout miser sur un joli polo d\u2019une bonne mati\u00e8re et d\u2019une excellente qualit\u00e9 que vous allez associer avec un jean et des<b> mocassins<\/b>. Ou encore, si vous avez une pr\u00e9f\u00e9rence pour les T-shirts ou les chemises, mettez un petit gilet sans manches par-dessus pour cr\u00e9er un look sympathique.<span class=\"Apple-converted-space\">\u00a0<\/span><\/p>\n<p>&nbsp;<\/p>\n<h3 id=\"miser-sur-des-accessoires-tendances\">Miser sur des accessoires tendances<\/h3>\n<p>Pour mettre du peps dans vos tenues cet \u00e9t\u00e9, n&rsquo;h\u00e9sitez pas non plus \u00e0 miser sur\u00a0<strong>des accessoires matchy-matchy<\/strong>\u00a0avec votre look. Cette tendance vous permettra de vous d\u00e9marquer tout en ayant\u00a0<strong>une tenue encore plus personnalis\u00e9<\/strong>. Pour cela, vous pouvez regarder du c\u00f4t\u00e9 de la marque\u00a0<strong><a href=\"https:\/\/burga.fr\/\">Burga<\/a><\/strong>, une marque europ\u00e9enne dont l&rsquo;objectif est justement de permettre d&rsquo;exprimer son style avec leurs accessoires technologiques dont\u00a0<a href=\"https:\/\/burga.fr\/collections\/iphone-13-pro-max-coques\"><strong>les coques de t\u00e9l\u00e9phone<\/strong><\/a>.<\/p>\n<div id='gallery-3' class='gallery galleryid-9882 gallery-columns-4 gallery-size-large'><figure class='gallery-item'>\n\t\t\t<div class='gallery-icon landscape'>\n\t\t\t\t<img loading=\"lazy\" decoding=\"async\" width=\"512\" height=\"512\" src=\"https:\/\/kevinragonneau.fr\/blog\/wp-content\/uploads\/2022\/06\/FA-04-A001BA_53e8a9d1-1ca5-404c-9cf7-9af0094150f4.jpg\" class=\"attachment-large size-large\" alt=\"\" srcset=\"https:\/\/kevinragonneau.fr\/blog\/wp-content\/uploads\/2022\/06\/FA-04-A001BA_53e8a9d1-1ca5-404c-9cf7-9af0094150f4.jpg 512w, https:\/\/kevinragonneau.fr\/blog\/wp-content\/uploads\/2022\/06\/FA-04-A001BA_53e8a9d1-1ca5-404c-9cf7-9af0094150f4-150x150.jpg 150w, https:\/\/kevinragonneau.fr\/blog\/wp-content\/uploads\/2022\/06\/FA-04-A001BA_53e8a9d1-1ca5-404c-9cf7-9af0094150f4-300x300.jpg 300w\" sizes=\"auto, (max-width: 512px) 100vw, 512px\" \/>\n\t\t\t<\/div><\/figure><figure class='gallery-item'>\n\t\t\t<div class='gallery-icon landscape'>\n\t\t\t\t<img loading=\"lazy\" decoding=\"async\" width=\"1160\" height=\"1160\" src=\"https:\/\/kevinragonneau.fr\/blog\/wp-content\/uploads\/2022\/06\/WATER-BOTTLE-BAA_2048x.progressive.jpg\" class=\"attachment-large size-large\" alt=\"\" srcset=\"https:\/\/kevinragonneau.fr\/blog\/wp-content\/uploads\/2022\/06\/WATER-BOTTLE-BAA_2048x.progressive.jpg 1500w, https:\/\/kevinragonneau.fr\/blog\/wp-content\/uploads\/2022\/06\/WATER-BOTTLE-BAA_2048x.progressive-750x750.jpg 750w, https:\/\/kevinragonneau.fr\/blog\/wp-content\/uploads\/2022\/06\/WATER-BOTTLE-BAA_2048x.progressive-150x150.jpg 150w, https:\/\/kevinragonneau.fr\/blog\/wp-content\/uploads\/2022\/06\/WATER-BOTTLE-BAA_2048x.progressive-768x768.jpg 768w, https:\/\/kevinragonneau.fr\/blog\/wp-content\/uploads\/2022\/06\/WATER-BOTTLE-BAA_2048x.progressive-300x300.jpg 300w, https:\/\/kevinragonneau.fr\/blog\/wp-content\/uploads\/2022\/06\/WATER-BOTTLE-BAA_2048x.progressive-770x770.jpg 770w\" sizes=\"auto, (max-width: 1160px) 100vw, 1160px\" \/>\n\t\t\t<\/div><\/figure><figure class='gallery-item'>\n\t\t\t<div class='gallery-icon landscape'>\n\t\t\t\t<img loading=\"lazy\" decoding=\"async\" width=\"512\" height=\"512\" src=\"https:\/\/kevinragonneau.fr\/blog\/wp-content\/uploads\/2022\/06\/WM-10-A001BA_d81689c4-f306-4fb1-994c-389af1419be4.jpg\" class=\"attachment-large size-large\" alt=\"\" srcset=\"https:\/\/kevinragonneau.fr\/blog\/wp-content\/uploads\/2022\/06\/WM-10-A001BA_d81689c4-f306-4fb1-994c-389af1419be4.jpg 512w, https:\/\/kevinragonneau.fr\/blog\/wp-content\/uploads\/2022\/06\/WM-10-A001BA_d81689c4-f306-4fb1-994c-389af1419be4-150x150.jpg 150w, https:\/\/kevinragonneau.fr\/blog\/wp-content\/uploads\/2022\/06\/WM-10-A001BA_d81689c4-f306-4fb1-994c-389af1419be4-300x300.jpg 300w\" sizes=\"auto, (max-width: 512px) 100vw, 512px\" \/>\n\t\t\t<\/div><\/figure><figure class='gallery-item'>\n\t\t\t<div class='gallery-icon landscape'>\n\t\t\t\t<img loading=\"lazy\" decoding=\"async\" width=\"512\" height=\"512\" src=\"https:\/\/kevinragonneau.fr\/blog\/wp-content\/uploads\/2022\/06\/CO-08A-AP1A.jpg\" class=\"attachment-large size-large\" alt=\"\" srcset=\"https:\/\/kevinragonneau.fr\/blog\/wp-content\/uploads\/2022\/06\/CO-08A-AP1A.jpg 512w, https:\/\/kevinragonneau.fr\/blog\/wp-content\/uploads\/2022\/06\/CO-08A-AP1A-150x150.jpg 150w, https:\/\/kevinragonneau.fr\/blog\/wp-content\/uploads\/2022\/06\/CO-08A-AP1A-300x300.jpg 300w\" sizes=\"auto, (max-width: 512px) 100vw, 512px\" \/>\n\t\t\t<\/div><\/figure>\n\t\t<\/div>\n\n<p><em>Cr\u00e9dits : Burga.<\/em><\/p>\n<p>&nbsp;<\/p>\n<h3 id=\"le-casual-chic\" class=\"p5\">Le casual chic<\/h3>\n<p class=\"p1\">Le <a href=\"https:\/\/kevinragonneau.fr\/blog\/comment-bien-choisir-sa-chemise-le-col\">casual chic<\/a> est un style tr\u00e8s tendance qui consiste \u00e0 faire un <b>m\u00e9lange du style d\u00e9contract\u00e9 avec un style plus \u00e9l\u00e9gant<\/b> en toute simplicit\u00e9, mais avec des d\u00e9tails subtils. Pour ne pas faire d\u2019erreur lorsque vous adoptez ce style, la r\u00e8gle d\u2019or est de savoir \u00e9quilibrer l\u2019ample et le moulant.<\/p>\n<p class=\"p1\">Par exemple, si vous d\u00e9cidez de mettre en avant votre musculature avec un T-shirt sobre assez moulant, <b>d\u00e9calez le look<\/b> en portant un short plus ample et des mocassins\u00a0ou des baskets\u00a0: une association simple, mais efficace. Si vous optez pour une chemise plus fluide, vous pouvez vous accorder les pantalons plus pr\u00e8s du corps comme les slims.<span class=\"Apple-converted-space\">\u00a0<\/span><\/p>\n[show_shopthepost_widget id=\u00a0\u00bb4777498&Prime;]\n<p>&nbsp;<\/p>\n[show_shopthepost_widget id=\u00a0\u00bb4777499&Prime;]\n<p>&nbsp;<\/p>\n<h2 id=\"quelles-sont-les-couleurs-en-vogue-cet-ete-2022\" class=\"p3\">Quelles sont les couleurs en vogue cet \u00e9t\u00e9 2022\u00a0?<span class=\"Apple-converted-space\">\u00a0<\/span><\/h2>\n<p class=\"p4\">L\u2019\u00e9t\u00e9 est la saison id\u00e9ale pour <b>jouer avec les couleurs<\/b>. En 2022, voici les couleurs les plus en vogue pour vous habiller avec style :<span class=\"Apple-converted-space\">\u00a0<\/span><\/p>\n<p>&nbsp;<\/p>\n<h3 id=\"le-noir\" class=\"p5\">Le noir<\/h3>\n<p class=\"p4\">Le noir est une <b>couleur ind\u00e9modable<\/b> qu\u2019il s\u2019agisse d\u2019un haut, d\u2019un bas, d\u2019un accessoire, ou encore d\u2019une paire de chaussures. Vous pouvez m\u00eame cr\u00e9er un joli look monochrome en adoptant l\u2019un des styles mentionn\u00e9s plus haut.<span class=\"Apple-converted-space\">\u00a0<\/span><\/p>\n<div id='gallery-4' class='gallery galleryid-9882 gallery-columns-4 gallery-size-medium'><figure class='gallery-item'>\n\t\t\t<div class='gallery-icon landscape'>\n\t\t\t\t<img loading=\"lazy\" decoding=\"async\" width=\"474\" height=\"471\" src=\"https:\/\/kevinragonneau.fr\/blog\/wp-content\/uploads\/2022\/02\/231a12891a96c87d255e952618626945.jpeg\" class=\"attachment-medium size-medium\" alt=\"\" srcset=\"https:\/\/kevinragonneau.fr\/blog\/wp-content\/uploads\/2022\/02\/231a12891a96c87d255e952618626945.jpeg 474w, https:\/\/kevinragonneau.fr\/blog\/wp-content\/uploads\/2022\/02\/231a12891a96c87d255e952618626945-150x150.jpeg 150w\" sizes=\"auto, (max-width: 474px) 100vw, 474px\" \/>\n\t\t\t<\/div><\/figure><figure class='gallery-item'>\n\t\t\t<div class='gallery-icon portrait'>\n\t\t\t\t<img loading=\"lazy\" decoding=\"async\" width=\"750\" height=\"750\" src=\"https:\/\/kevinragonneau.fr\/blog\/wp-content\/uploads\/2022\/02\/58dbb011-90b7-46a3-ba7f-adcb618dca11-750x750.jpeg\" class=\"attachment-medium size-medium\" alt=\"\" srcset=\"https:\/\/kevinragonneau.fr\/blog\/wp-content\/uploads\/2022\/02\/58dbb011-90b7-46a3-ba7f-adcb618dca11-750x750.jpeg 750w, https:\/\/kevinragonneau.fr\/blog\/wp-content\/uploads\/2022\/02\/58dbb011-90b7-46a3-ba7f-adcb618dca11-150x150.jpeg 150w, https:\/\/kevinragonneau.fr\/blog\/wp-content\/uploads\/2022\/02\/58dbb011-90b7-46a3-ba7f-adcb618dca11-300x300.jpeg 300w\" sizes=\"auto, (max-width: 750px) 100vw, 750px\" \/>\n\t\t\t<\/div><\/figure><figure class='gallery-item'>\n\t\t\t<div class='gallery-icon landscape'>\n\t\t\t\t<img loading=\"lazy\" decoding=\"async\" width=\"640\" height=\"640\" src=\"https:\/\/kevinragonneau.fr\/blog\/wp-content\/uploads\/2022\/02\/As-polemicas-sandalias-masculinas-como-usar-no-seu-estilo_-1.jpeg\" class=\"attachment-medium size-medium\" alt=\"\" srcset=\"https:\/\/kevinragonneau.fr\/blog\/wp-content\/uploads\/2022\/02\/As-polemicas-sandalias-masculinas-como-usar-no-seu-estilo_-1.jpeg 640w, https:\/\/kevinragonneau.fr\/blog\/wp-content\/uploads\/2022\/02\/As-polemicas-sandalias-masculinas-como-usar-no-seu-estilo_-1-150x150.jpeg 150w, https:\/\/kevinragonneau.fr\/blog\/wp-content\/uploads\/2022\/02\/As-polemicas-sandalias-masculinas-como-usar-no-seu-estilo_-1-300x300.jpeg 300w\" sizes=\"auto, (max-width: 640px) 100vw, 640px\" \/>\n\t\t\t<\/div><\/figure><figure class='gallery-item'>\n\t\t\t<div class='gallery-icon landscape'>\n\t\t\t\t<img loading=\"lazy\" decoding=\"async\" width=\"750\" height=\"750\" src=\"https:\/\/kevinragonneau.fr\/blog\/wp-content\/uploads\/2022\/02\/Chapeu-Fedora-masculino_-O-que-e_-Como-usar_-Marco-da-Moda-1-750x750.jpeg\" class=\"attachment-medium size-medium\" alt=\"\" srcset=\"https:\/\/kevinragonneau.fr\/blog\/wp-content\/uploads\/2022\/02\/Chapeu-Fedora-masculino_-O-que-e_-Como-usar_-Marco-da-Moda-1-750x750.jpeg 750w, https:\/\/kevinragonneau.fr\/blog\/wp-content\/uploads\/2022\/02\/Chapeu-Fedora-masculino_-O-que-e_-Como-usar_-Marco-da-Moda-1-150x150.jpeg 150w, https:\/\/kevinragonneau.fr\/blog\/wp-content\/uploads\/2022\/02\/Chapeu-Fedora-masculino_-O-que-e_-Como-usar_-Marco-da-Moda-1-300x300.jpeg 300w\" sizes=\"auto, (max-width: 750px) 100vw, 750px\" \/>\n\t\t\t<\/div><\/figure><figure class='gallery-item'>\n\t\t\t<div class='gallery-icon portrait'>\n\t\t\t\t<img loading=\"lazy\" decoding=\"async\" width=\"750\" height=\"750\" src=\"https:\/\/kevinragonneau.fr\/blog\/wp-content\/uploads\/2022\/02\/Looks-masculinos-com-coturno_-33-looks-e-dicas-para-combinar-750x750.jpeg\" class=\"attachment-medium size-medium\" alt=\"\" srcset=\"https:\/\/kevinragonneau.fr\/blog\/wp-content\/uploads\/2022\/02\/Looks-masculinos-com-coturno_-33-looks-e-dicas-para-combinar-750x750.jpeg 750w, https:\/\/kevinragonneau.fr\/blog\/wp-content\/uploads\/2022\/02\/Looks-masculinos-com-coturno_-33-looks-e-dicas-para-combinar-150x150.jpeg 150w, https:\/\/kevinragonneau.fr\/blog\/wp-content\/uploads\/2022\/02\/Looks-masculinos-com-coturno_-33-looks-e-dicas-para-combinar-300x300.jpeg 300w\" sizes=\"auto, (max-width: 750px) 100vw, 750px\" \/>\n\t\t\t<\/div><\/figure><figure class='gallery-item'>\n\t\t\t<div class='gallery-icon portrait'>\n\t\t\t\t<img loading=\"lazy\" decoding=\"async\" width=\"399\" height=\"739\" src=\"https:\/\/kevinragonneau.fr\/blog\/wp-content\/uploads\/2022\/02\/8d79a5cc7590192a2dbf4ec3d7106d4a.jpeg\" class=\"attachment-medium size-medium\" alt=\"\" \/>\n\t\t\t<\/div><\/figure><figure class='gallery-item'>\n\t\t\t<div class='gallery-icon portrait'>\n\t\t\t\t<img loading=\"lazy\" decoding=\"async\" width=\"736\" height=\"750\" src=\"https:\/\/kevinragonneau.fr\/blog\/wp-content\/uploads\/2022\/02\/Moda-masculina-736x750.jpeg\" class=\"attachment-medium size-medium\" alt=\"\" \/>\n\t\t\t<\/div><\/figure><figure class='gallery-item'>\n\t\t\t<div class='gallery-icon portrait'>\n\t\t\t\t<img loading=\"lazy\" decoding=\"async\" width=\"750\" height=\"750\" src=\"https:\/\/kevinragonneau.fr\/blog\/wp-content\/uploads\/2022\/02\/ba42ebf3-53a6-494b-b75d-b1728be26efd-750x750.jpeg\" class=\"attachment-medium size-medium\" alt=\"\" srcset=\"https:\/\/kevinragonneau.fr\/blog\/wp-content\/uploads\/2022\/02\/ba42ebf3-53a6-494b-b75d-b1728be26efd-750x750.jpeg 750w, https:\/\/kevinragonneau.fr\/blog\/wp-content\/uploads\/2022\/02\/ba42ebf3-53a6-494b-b75d-b1728be26efd-150x150.jpeg 150w, https:\/\/kevinragonneau.fr\/blog\/wp-content\/uploads\/2022\/02\/ba42ebf3-53a6-494b-b75d-b1728be26efd-300x300.jpeg 300w\" sizes=\"auto, (max-width: 750px) 100vw, 750px\" \/>\n\t\t\t<\/div><\/figure>\n\t\t<\/div>\n\n<p><em>Inspis Pinterest.<\/em><\/p>\n<p>&nbsp;<\/p>\n<h3 id=\"le-rose\" class=\"p5\">Le rose<\/h3>\n<p class=\"p4\">Comme l\u2019ann\u00e9e derni\u00e8re, la couleur rose est toujours d\u2019actualit\u00e9 pour les messieurs. Toutefois, c\u2019est une couleur qui se porte beaucoup plus <b>au niveau du haut,<\/b> chez les hommes.<\/p>\n<div id='gallery-5' class='gallery galleryid-9882 gallery-columns-4 gallery-size-medium'><figure class='gallery-item'>\n\t\t\t<div class='gallery-icon portrait'>\n\t\t\t\t<img loading=\"lazy\" decoding=\"async\" width=\"564\" height=\"750\" src=\"https:\/\/kevinragonneau.fr\/blog\/wp-content\/uploads\/2022\/05\/c35960293a113730eb3490d04662844f-564x750.jpeg\" class=\"attachment-medium size-medium\" alt=\"\" \/>\n\t\t\t<\/div><\/figure><figure class='gallery-item'>\n\t\t\t<div class='gallery-icon portrait'>\n\t\t\t\t<img loading=\"lazy\" decoding=\"async\" width=\"750\" height=\"750\" src=\"https:\/\/kevinragonneau.fr\/blog\/wp-content\/uploads\/2022\/05\/chemise-lin-rose-2022-750x750.jpeg\" class=\"attachment-medium size-medium\" alt=\"\" srcset=\"https:\/\/kevinragonneau.fr\/blog\/wp-content\/uploads\/2022\/05\/chemise-lin-rose-2022-750x750.jpeg 750w, https:\/\/kevinragonneau.fr\/blog\/wp-content\/uploads\/2022\/05\/chemise-lin-rose-2022-150x150.jpeg 150w, https:\/\/kevinragonneau.fr\/blog\/wp-content\/uploads\/2022\/05\/chemise-lin-rose-2022-300x300.jpeg 300w\" sizes=\"auto, (max-width: 750px) 100vw, 750px\" \/>\n\t\t\t<\/div><\/figure><figure class='gallery-item'>\n\t\t\t<div class='gallery-icon portrait'>\n\t\t\t\t<img loading=\"lazy\" decoding=\"async\" width=\"545\" height=\"750\" src=\"https:\/\/kevinragonneau.fr\/blog\/wp-content\/uploads\/2022\/02\/Pink-Outfit-Men-Shirt-545x750.jpeg\" class=\"attachment-medium size-medium\" alt=\"\" \/>\n\t\t\t<\/div><\/figure><figure class='gallery-item'>\n\t\t\t<div class='gallery-icon portrait'>\n\t\t\t\t<img loading=\"lazy\" decoding=\"async\" width=\"589\" height=\"750\" src=\"https:\/\/kevinragonneau.fr\/blog\/wp-content\/uploads\/2022\/02\/Sober-Pink-Sweater-and-Denims-Outfit-589x750.jpeg\" class=\"attachment-medium size-medium\" alt=\"\" \/>\n\t\t\t<\/div><\/figure>\n\t\t<\/div>\n\n<p><em>Inspis Pinterest.<\/em><\/p>\n[show_shopthepost_widget id=\u00a0\u00bb4777500&Prime;]\n<p>&nbsp;<\/p>\n<h3 id=\"le-vert\" class=\"p5\">Le vert<\/h3>\n<p class=\"p1\"><a href=\"https:\/\/missudetteandco.com\/mode\/5-looks-verts-en-video-la-couleur-tendance-de-cette-saison-2022\/\" target=\"_blank\" rel=\"noopener\">La <b>couleur verte<\/b><\/a>, anciennement peu utilis\u00e9e dans les v\u00eatements, est aujourd\u2019hui int\u00e9gr\u00e9e aux motifs et d\u00e9tails de nombreuses pi\u00e8ces pour les mettre en valeur.<span class=\"Apple-converted-space\">\u00a0<\/span><\/p>\n<div id='gallery-6' class='gallery galleryid-9882 gallery-columns-4 gallery-size-medium'><figure class='gallery-item'>\n\t\t\t<div class='gallery-icon portrait'>\n\t\t\t\t<a href='https:\/\/kevinragonneau.fr\/blog\/les-tendances-mode-homme-de-cet-ete-2022\/849d9e10c3d10bbdc038e179f190612d'><img loading=\"lazy\" decoding=\"async\" width=\"474\" height=\"711\" src=\"https:\/\/kevinragonneau.fr\/blog\/wp-content\/uploads\/2022\/05\/849d9e10c3d10bbdc038e179f190612d.jpeg\" class=\"attachment-medium size-medium\" alt=\"\" \/><\/a>\n\t\t\t<\/div><\/figure><figure class='gallery-item'>\n\t\t\t<div class='gallery-icon landscape'>\n\t\t\t\t<a href='https:\/\/kevinragonneau.fr\/blog\/les-tendances-mode-homme-de-cet-ete-2022\/44fd809bd89fe6f4e815f2051d311592'><img loading=\"lazy\" decoding=\"async\" width=\"474\" height=\"474\" src=\"https:\/\/kevinragonneau.fr\/blog\/wp-content\/uploads\/2022\/05\/44fd809bd89fe6f4e815f2051d311592.jpeg\" class=\"attachment-medium size-medium\" alt=\"\" srcset=\"https:\/\/kevinragonneau.fr\/blog\/wp-content\/uploads\/2022\/05\/44fd809bd89fe6f4e815f2051d311592.jpeg 474w, https:\/\/kevinragonneau.fr\/blog\/wp-content\/uploads\/2022\/05\/44fd809bd89fe6f4e815f2051d311592-150x150.jpeg 150w, https:\/\/kevinragonneau.fr\/blog\/wp-content\/uploads\/2022\/05\/44fd809bd89fe6f4e815f2051d311592-300x300.jpeg 300w\" sizes=\"auto, (max-width: 474px) 100vw, 474px\" \/><\/a>\n\t\t\t<\/div><\/figure><figure class='gallery-item'>\n\t\t\t<div class='gallery-icon portrait'>\n\t\t\t\t<a href='https:\/\/kevinragonneau.fr\/blog\/les-tendances-mode-homme-de-cet-ete-2022\/c35960293a113730eb3490d04662844f'><img loading=\"lazy\" decoding=\"async\" width=\"564\" height=\"750\" src=\"https:\/\/kevinragonneau.fr\/blog\/wp-content\/uploads\/2022\/05\/c35960293a113730eb3490d04662844f-564x750.jpeg\" class=\"attachment-medium size-medium\" alt=\"\" \/><\/a>\n\t\t\t<\/div><\/figure><figure class='gallery-item'>\n\t\t\t<div class='gallery-icon portrait'>\n\t\t\t\t<a href='https:\/\/kevinragonneau.fr\/blog\/les-tendances-mode-homme-de-cet-ete-2022\/5ce54e0f74dfba7102b6f1ab348083e1'><img loading=\"lazy\" decoding=\"async\" width=\"564\" height=\"750\" src=\"https:\/\/kevinragonneau.fr\/blog\/wp-content\/uploads\/2022\/05\/5ce54e0f74dfba7102b6f1ab348083e1-564x750.jpeg\" class=\"attachment-medium size-medium\" alt=\"\" \/><\/a>\n\t\t\t<\/div><\/figure>\n\t\t<\/div>\n\n<p><em>Inspis Pinterest.<\/em><\/p>\n<p>&nbsp;<\/p>\n<h2 id=\"quelles-sont-les-habits-a-la-mode-en-ete-2022\" class=\"p3\">Quelles sont les habits \u00e0 la mode en \u00e9t\u00e9 2022\u00a0?<span class=\"Apple-converted-space\">\u00a0<\/span><\/h2>\n<p class=\"p4\">Voici quelques pi\u00e8ces fortes qui constituent des <b>valeurs s\u00fbres<\/b> pour \u00eatre \u00e0 la mode en \u00e9t\u00e9 2022 :<\/p>\n<p>&nbsp;<\/p>\n<h3 id=\"le-polo\" class=\"p5\">Le polo<\/h3>\n<p class=\"p4\"><a href=\"https:\/\/kevinragonneau.fr\/blog\/choisir-porter-polo\">Le polo<\/a> est la pi\u00e8ce qui fait <b>\u00e0 la fois chemise et T-shirt<\/b>, ce qui lui permet de cr\u00e9er un rendu \u00e9l\u00e9gant et d\u00e9contract\u00e9. Avec un polo, vous pouvez facilement composer un look estival styl\u00e9 en adoptant le streetwear, le casual chic ou encore le dad style.<\/p>\n[show_shopthepost_widget id=\u00a0\u00bb4777501&Prime;]\n<p>&nbsp;<\/p>\n[show_shopthepost_widget id=\u00a0\u00bb4777502&Prime;]\n<p>&nbsp;<\/p>\n<h3 id=\"la-surchemise\" class=\"p5\">La surchemise<\/h3>\n<p class=\"p1\">Si le blazer et le <a href=\"https:\/\/kevinragonneau.fr\/blog\/jouez-la-carte-de-la-modernite-avec-la-chemise-col-inverse\">costume<\/a> constituent les pi\u00e8ces parfaites pour donner du style \u00e0 un look pendant les saisons plus fra\u00eeches, la <b>surchemise \u00e0 carreaux,<\/b> ou m\u00eame simple et unie, les remplace \u00e0 merveille en \u00e9t\u00e9. Elle se porte facilement par-dessus un T-shirt ou un body.<\/p>\n<div id='gallery-7' class='gallery galleryid-9882 gallery-columns-4 gallery-size-medium'><figure class='gallery-item'>\n\t\t\t<div class='gallery-icon portrait'>\n\t\t\t\t<img loading=\"lazy\" decoding=\"async\" width=\"545\" height=\"750\" src=\"https:\/\/kevinragonneau.fr\/blog\/wp-content\/uploads\/2022\/05\/9bba6f964c4db3507f29a305357fbc3e-545x750.jpeg\" class=\"attachment-medium size-medium\" alt=\"\" \/>\n\t\t\t<\/div><\/figure><figure class='gallery-item'>\n\t\t\t<div class='gallery-icon portrait'>\n\t\t\t\t<img loading=\"lazy\" decoding=\"async\" width=\"564\" height=\"750\" src=\"https:\/\/kevinragonneau.fr\/blog\/wp-content\/uploads\/2022\/05\/359c7ff1f35dba99d169495825ea9319-564x750.jpeg\" class=\"attachment-medium size-medium\" alt=\"\" \/>\n\t\t\t<\/div><\/figure><figure class='gallery-item'>\n\t\t\t<div class='gallery-icon portrait'>\n\t\t\t\t<img loading=\"lazy\" decoding=\"async\" width=\"480\" height=\"555\" src=\"https:\/\/kevinragonneau.fr\/blog\/wp-content\/uploads\/2022\/05\/a1fd4c64c36251bc33873cfa6989f60b.jpeg\" class=\"attachment-medium size-medium\" alt=\"\" \/>\n\t\t\t<\/div><\/figure><figure class='gallery-item'>\n\t\t\t<div class='gallery-icon portrait'>\n\t\t\t\t<img loading=\"lazy\" decoding=\"async\" width=\"750\" height=\"750\" src=\"https:\/\/kevinragonneau.fr\/blog\/wp-content\/uploads\/2022\/05\/af0af79ee0cb5b0b8d538defacd27280-750x750.jpeg\" class=\"attachment-medium size-medium\" alt=\"\" srcset=\"https:\/\/kevinragonneau.fr\/blog\/wp-content\/uploads\/2022\/05\/af0af79ee0cb5b0b8d538defacd27280-750x750.jpeg 750w, https:\/\/kevinragonneau.fr\/blog\/wp-content\/uploads\/2022\/05\/af0af79ee0cb5b0b8d538defacd27280-150x150.jpeg 150w, https:\/\/kevinragonneau.fr\/blog\/wp-content\/uploads\/2022\/05\/af0af79ee0cb5b0b8d538defacd27280-300x300.jpeg 300w\" sizes=\"auto, (max-width: 750px) 100vw, 750px\" \/>\n\t\t\t<\/div><\/figure><figure class='gallery-item'>\n\t\t\t<div class='gallery-icon portrait'>\n\t\t\t\t<img loading=\"lazy\" decoding=\"async\" width=\"477\" height=\"750\" src=\"https:\/\/kevinragonneau.fr\/blog\/wp-content\/uploads\/2022\/05\/b217d52a8740519fa6188f8c4b1ac9fe-477x750.jpeg\" class=\"attachment-medium size-medium\" alt=\"\" \/>\n\t\t\t<\/div><\/figure><figure class='gallery-item'>\n\t\t\t<div class='gallery-icon portrait'>\n\t\t\t\t<img loading=\"lazy\" decoding=\"async\" width=\"564\" height=\"750\" src=\"https:\/\/kevinragonneau.fr\/blog\/wp-content\/uploads\/2022\/05\/b9223c4ca4b9ef1b9597cebe694f53a9-564x750.jpeg\" class=\"attachment-medium size-medium\" alt=\"\" \/>\n\t\t\t<\/div><\/figure><figure class='gallery-item'>\n\t\t\t<div class='gallery-icon portrait'>\n\t\t\t\t<img loading=\"lazy\" decoding=\"async\" width=\"749\" height=\"750\" src=\"https:\/\/kevinragonneau.fr\/blog\/wp-content\/uploads\/2022\/05\/dab31ae796bb6cdd15b8b31620c90f4d-749x750.jpeg\" class=\"attachment-medium size-medium\" alt=\"\" srcset=\"https:\/\/kevinragonneau.fr\/blog\/wp-content\/uploads\/2022\/05\/dab31ae796bb6cdd15b8b31620c90f4d-749x750.jpeg 749w, https:\/\/kevinragonneau.fr\/blog\/wp-content\/uploads\/2022\/05\/dab31ae796bb6cdd15b8b31620c90f4d-150x150.jpeg 150w, https:\/\/kevinragonneau.fr\/blog\/wp-content\/uploads\/2022\/05\/dab31ae796bb6cdd15b8b31620c90f4d-300x300.jpeg 300w\" sizes=\"auto, (max-width: 749px) 100vw, 749px\" \/>\n\t\t\t<\/div><\/figure><figure class='gallery-item'>\n\t\t\t<div class='gallery-icon landscape'>\n\t\t\t\t<img loading=\"lazy\" decoding=\"async\" width=\"564\" height=\"564\" src=\"https:\/\/kevinragonneau.fr\/blog\/wp-content\/uploads\/2022\/05\/fb2eeefff32a1a341c439db0b1e255e4.jpeg\" class=\"attachment-medium size-medium\" alt=\"\" srcset=\"https:\/\/kevinragonneau.fr\/blog\/wp-content\/uploads\/2022\/05\/fb2eeefff32a1a341c439db0b1e255e4.jpeg 564w, https:\/\/kevinragonneau.fr\/blog\/wp-content\/uploads\/2022\/05\/fb2eeefff32a1a341c439db0b1e255e4-150x150.jpeg 150w, https:\/\/kevinragonneau.fr\/blog\/wp-content\/uploads\/2022\/05\/fb2eeefff32a1a341c439db0b1e255e4-300x300.jpeg 300w\" sizes=\"auto, (max-width: 564px) 100vw, 564px\" \/>\n\t\t\t<\/div><\/figure>\n\t\t<\/div>\n\n<p><em>Inspis Pinterest.<\/em><\/p>\n<p>&nbsp;<\/p>\n<h2 id=\"les-tendances-mode-femme-de-lete-2022\">Les tendances mode Femme de l&rsquo;\u00e9t\u00e9 2022<\/h2>\n<p>Pour suivre les\u00a0<a href=\"https:\/\/missudetteandco.com\/categorie\/mode\/\">tendances mode Femme<\/a> de cet \u00e9t\u00e9, je vous invite \u00e0 suivre ma Femme sur son blog <a href=\"https:\/\/missudetteandco.com\/\" target=\"_blank\" rel=\"noopener\">www.missudetteandco.com<\/a> et sur compte Instagram <a href=\"https:\/\/www.instagram.com\/missudette\/\" target=\"_blank\" rel=\"noopener\">@Missudette<\/a> !<\/p>\n","protected":false},"excerpt":{"rendered":"<p>Beaucoup attendent l\u2019arriv\u00e9e de l\u2019\u00e9t\u00e9 pour pouvoir enfin porter des tenues estivales color\u00e9es et styl\u00e9es r\u00e9serv\u00e9es \u00e0 la bonne saison. Toutes sortes de mati\u00e8res, de couleurs, d\u2019associations et de styles&hellip;<\/p>\n","protected":false},"author":1,"featured_media":10025,"comment_status":"open","ping_status":"open","sticky":false,"template":"","format":"standard","meta":{"footnotes":""},"categories":[339],"tags":[410],"powerkit_post_featured":[],"class_list":{"0":"post-9882","1":"post","2":"type-post","3":"status-publish","4":"format-standard","5":"has-post-thumbnail","7":"category-mode","8":"tag-top1"},"yoast_head":"<!-- This site is optimized with the Yoast SEO plugin v27.4 - https:\/\/yoast.com\/product\/yoast-seo-wordpress\/ -->\n<title>Les tendances mode homme de cet \u00e9t\u00e9 2022<\/title>\n<meta name=\"description\" content=\"Toutes sortes de mati\u00e8res, de couleurs, d\u2019associations et de styles sont adapt\u00e9s \u00e0 cette saison et il convient simplement de suivre les suivre les tendances mode homme de l&#039;\u00e9t\u00e9 2022 pour \u00eatre au courant des derni\u00e8res tendances pour s\u2019habiller \u00e0 la mode en 2022.\" \/>\n<meta name=\"robots\" content=\"index, follow, max-snippet:-1, max-image-preview:large, max-video-preview:-1\" \/>\n<link rel=\"canonical\" href=\"https:\/\/kevinragonneau.fr\/blog\/les-tendances-mode-homme-de-cet-ete-2022\" \/>\n<meta property=\"og:locale\" content=\"fr_FR\" \/>\n<meta property=\"og:type\" content=\"article\" \/>\n<meta property=\"og:title\" content=\"Les tendances mode homme de cet \u00e9t\u00e9 2022\" \/>\n<meta property=\"og:description\" content=\"Toutes sortes de mati\u00e8res, de couleurs, d\u2019associations et de styles sont adapt\u00e9s \u00e0 cette saison et il convient simplement de suivre les suivre les tendances mode homme de l&#039;\u00e9t\u00e9 2022 pour \u00eatre au courant des derni\u00e8res tendances pour s\u2019habiller \u00e0 la mode en 2022.\" \/>\n<meta property=\"og:url\" content=\"https:\/\/kevinragonneau.fr\/blog\/les-tendances-mode-homme-de-cet-ete-2022\" \/>\n<meta property=\"og:site_name\" content=\"Kevin Ragonneau\" \/>\n<meta property=\"article:publisher\" content=\"http:\/\/facebook.com\/kevinragonneau\" \/>\n<meta property=\"article:author\" content=\"facebook\" \/>\n<meta property=\"article:published_time\" content=\"2022-06-06T09:13:57+00:00\" \/>\n<meta property=\"article:modified_time\" content=\"2022-07-14T00:16:52+00:00\" \/>\n<meta property=\"og:image\" content=\"https:\/\/kevinragonneau.fr\/blog\/wp-content\/uploads\/2022\/05\/tendances-mode-homme-ete-2022.jpg\" \/>\n\t<meta property=\"og:image:width\" content=\"1800\" \/>\n\t<meta property=\"og:image:height\" content=\"1194\" \/>\n\t<meta property=\"og:image:type\" content=\"image\/jpeg\" \/>\n<meta name=\"author\" content=\"kevin\" \/>\n<meta name=\"twitter:card\" content=\"summary_large_image\" \/>\n<meta name=\"twitter:creator\" content=\"@K_Ragonneau\" \/>\n<meta name=\"twitter:site\" content=\"@K_Ragonneau\" \/>\n<meta name=\"twitter:label1\" content=\"\u00c9crit par\" \/>\n\t<meta name=\"twitter:data1\" content=\"kevin\" \/>\n\t<meta name=\"twitter:label2\" content=\"Dur\u00e9e de lecture estim\u00e9e\" \/>\n\t<meta name=\"twitter:data2\" content=\"5 minutes\" \/>\n<script type=\"application\/ld+json\" class=\"yoast-schema-graph\">{\"@context\":\"https:\\\/\\\/schema.org\",\"@graph\":[{\"@type\":\"Article\",\"@id\":\"https:\\\/\\\/kevinragonneau.fr\\\/blog\\\/les-tendances-mode-homme-de-cet-ete-2022#article\",\"isPartOf\":{\"@id\":\"https:\\\/\\\/kevinragonneau.fr\\\/blog\\\/les-tendances-mode-homme-de-cet-ete-2022\"},\"author\":{\"name\":\"kevin\",\"@id\":\"https:\\\/\\\/kevinragonneau.fr\\\/blog\\\/#\\\/schema\\\/person\\\/699d420145eef6a72e6ee2874017089b\"},\"headline\":\"Les tendances mode homme de cet \u00e9t\u00e9 2022\",\"datePublished\":\"2022-06-06T09:13:57+00:00\",\"dateModified\":\"2022-07-14T00:16:52+00:00\",\"mainEntityOfPage\":{\"@id\":\"https:\\\/\\\/kevinragonneau.fr\\\/blog\\\/les-tendances-mode-homme-de-cet-ete-2022\"},\"wordCount\":1010,\"commentCount\":0,\"image\":{\"@id\":\"https:\\\/\\\/kevinragonneau.fr\\\/blog\\\/les-tendances-mode-homme-de-cet-ete-2022#primaryimage\"},\"thumbnailUrl\":\"https:\\\/\\\/kevinragonneau.fr\\\/blog\\\/wp-content\\\/uploads\\\/2022\\\/05\\\/tendances-mode-homme-ete-2022.jpg\",\"keywords\":[\"top1\"],\"articleSection\":[\"Mode\"],\"inLanguage\":\"fr-FR\",\"potentialAction\":[{\"@type\":\"CommentAction\",\"name\":\"Comment\",\"target\":[\"https:\\\/\\\/kevinragonneau.fr\\\/blog\\\/les-tendances-mode-homme-de-cet-ete-2022#respond\"]}]},{\"@type\":\"WebPage\",\"@id\":\"https:\\\/\\\/kevinragonneau.fr\\\/blog\\\/les-tendances-mode-homme-de-cet-ete-2022\",\"url\":\"https:\\\/\\\/kevinragonneau.fr\\\/blog\\\/les-tendances-mode-homme-de-cet-ete-2022\",\"name\":\"Les tendances mode homme de cet \u00e9t\u00e9 2022\",\"isPartOf\":{\"@id\":\"https:\\\/\\\/kevinragonneau.fr\\\/blog\\\/#website\"},\"primaryImageOfPage\":{\"@id\":\"https:\\\/\\\/kevinragonneau.fr\\\/blog\\\/les-tendances-mode-homme-de-cet-ete-2022#primaryimage\"},\"image\":{\"@id\":\"https:\\\/\\\/kevinragonneau.fr\\\/blog\\\/les-tendances-mode-homme-de-cet-ete-2022#primaryimage\"},\"thumbnailUrl\":\"https:\\\/\\\/kevinragonneau.fr\\\/blog\\\/wp-content\\\/uploads\\\/2022\\\/05\\\/tendances-mode-homme-ete-2022.jpg\",\"datePublished\":\"2022-06-06T09:13:57+00:00\",\"dateModified\":\"2022-07-14T00:16:52+00:00\",\"author\":{\"@id\":\"https:\\\/\\\/kevinragonneau.fr\\\/blog\\\/#\\\/schema\\\/person\\\/699d420145eef6a72e6ee2874017089b\"},\"description\":\"Toutes sortes de mati\u00e8res, de couleurs, d\u2019associations et de styles sont adapt\u00e9s \u00e0 cette saison et il convient simplement de suivre les suivre les tendances mode homme de l'\u00e9t\u00e9 2022 pour \u00eatre au courant des derni\u00e8res tendances pour s\u2019habiller \u00e0 la mode en 2022.\",\"breadcrumb\":{\"@id\":\"https:\\\/\\\/kevinragonneau.fr\\\/blog\\\/les-tendances-mode-homme-de-cet-ete-2022#breadcrumb\"},\"inLanguage\":\"fr-FR\",\"potentialAction\":[{\"@type\":\"ReadAction\",\"target\":[\"https:\\\/\\\/kevinragonneau.fr\\\/blog\\\/les-tendances-mode-homme-de-cet-ete-2022\"]}]},{\"@type\":\"ImageObject\",\"inLanguage\":\"fr-FR\",\"@id\":\"https:\\\/\\\/kevinragonneau.fr\\\/blog\\\/les-tendances-mode-homme-de-cet-ete-2022#primaryimage\",\"url\":\"https:\\\/\\\/kevinragonneau.fr\\\/blog\\\/wp-content\\\/uploads\\\/2022\\\/05\\\/tendances-mode-homme-ete-2022.jpg\",\"contentUrl\":\"https:\\\/\\\/kevinragonneau.fr\\\/blog\\\/wp-content\\\/uploads\\\/2022\\\/05\\\/tendances-mode-homme-ete-2022.jpg\",\"width\":1800,\"height\":1194},{\"@type\":\"BreadcrumbList\",\"@id\":\"https:\\\/\\\/kevinragonneau.fr\\\/blog\\\/les-tendances-mode-homme-de-cet-ete-2022#breadcrumb\",\"itemListElement\":[{\"@type\":\"ListItem\",\"position\":1,\"name\":\"Accueil\",\"item\":\"https:\\\/\\\/kevinragonneau.fr\\\/blog\\\/\"},{\"@type\":\"ListItem\",\"position\":2,\"name\":\"Les tendances mode homme de cet \u00e9t\u00e9 2022\"}]},{\"@type\":\"WebSite\",\"@id\":\"https:\\\/\\\/kevinragonneau.fr\\\/blog\\\/#website\",\"url\":\"https:\\\/\\\/kevinragonneau.fr\\\/blog\\\/\",\"name\":\"Blog Lifestyle : Conseils de Voyage, Mode, Marketing Digital et Vie de Famille Inspirante\",\"description\":\"Blog Lifestyle : Conseils de Voyage, Mode, Marketing Digital et Vie de Famille Inspirante\",\"alternateName\":\"Blog de Kevin Ragonneau\",\"potentialAction\":[{\"@type\":\"SearchAction\",\"target\":{\"@type\":\"EntryPoint\",\"urlTemplate\":\"https:\\\/\\\/kevinragonneau.fr\\\/blog\\\/?s={search_term_string}\"},\"query-input\":{\"@type\":\"PropertyValueSpecification\",\"valueRequired\":true,\"valueName\":\"search_term_string\"}}],\"inLanguage\":\"fr-FR\"},{\"@type\":\"Person\",\"@id\":\"https:\\\/\\\/kevinragonneau.fr\\\/blog\\\/#\\\/schema\\\/person\\\/699d420145eef6a72e6ee2874017089b\",\"name\":\"kevin\",\"image\":{\"@type\":\"ImageObject\",\"inLanguage\":\"fr-FR\",\"@id\":\"https:\\\/\\\/secure.gravatar.com\\\/avatar\\\/13848386d61634190fd948f9c9942d9dbd215b2fb0cc6c7462a7427b3f9d264e?s=96&d=mm&r=g\",\"url\":\"https:\\\/\\\/secure.gravatar.com\\\/avatar\\\/13848386d61634190fd948f9c9942d9dbd215b2fb0cc6c7462a7427b3f9d264e?s=96&d=mm&r=g\",\"contentUrl\":\"https:\\\/\\\/secure.gravatar.com\\\/avatar\\\/13848386d61634190fd948f9c9942d9dbd215b2fb0cc6c7462a7427b3f9d264e?s=96&d=mm&r=g\",\"caption\":\"kevin\"},\"description\":\"26 ans, Paris. D\u00e9veloppeur web &amp; Blogueur.\",\"sameAs\":[\"http:\\\/\\\/www.kevinragonneau.fr\\\/blog\",\"facebook\",\"instagram\"],\"url\":\"https:\\\/\\\/kevinragonneau.fr\\\/blog\\\/author\\\/kevin\"}]}<\/script>\n<!-- \/ Yoast SEO plugin. -->","yoast_head_json":{"title":"Les tendances mode homme de cet \u00e9t\u00e9 2022","description":"Toutes sortes de mati\u00e8res, de couleurs, d\u2019associations et de styles sont adapt\u00e9s \u00e0 cette saison et il convient simplement de suivre les suivre les tendances mode homme de l'\u00e9t\u00e9 2022 pour \u00eatre au courant des derni\u00e8res tendances pour s\u2019habiller \u00e0 la mode en 2022.","robots":{"index":"index","follow":"follow","max-snippet":"max-snippet:-1","max-image-preview":"max-image-preview:large","max-video-preview":"max-video-preview:-1"},"canonical":"https:\/\/kevinragonneau.fr\/blog\/les-tendances-mode-homme-de-cet-ete-2022","og_locale":"fr_FR","og_type":"article","og_title":"Les tendances mode homme de cet \u00e9t\u00e9 2022","og_description":"Toutes sortes de mati\u00e8res, de couleurs, d\u2019associations et de styles sont adapt\u00e9s \u00e0 cette saison et il convient simplement de suivre les suivre les tendances mode homme de l'\u00e9t\u00e9 2022 pour \u00eatre au courant des derni\u00e8res tendances pour s\u2019habiller \u00e0 la mode en 2022.","og_url":"https:\/\/kevinragonneau.fr\/blog\/les-tendances-mode-homme-de-cet-ete-2022","og_site_name":"Kevin Ragonneau","article_publisher":"http:\/\/facebook.com\/kevinragonneau","article_author":"facebook","article_published_time":"2022-06-06T09:13:57+00:00","article_modified_time":"2022-07-14T00:16:52+00:00","og_image":[{"width":1800,"height":1194,"url":"https:\/\/kevinragonneau.fr\/blog\/wp-content\/uploads\/2022\/05\/tendances-mode-homme-ete-2022.jpg","type":"image\/jpeg"}],"author":"kevin","twitter_card":"summary_large_image","twitter_creator":"@K_Ragonneau","twitter_site":"@K_Ragonneau","twitter_misc":{"\u00c9crit par":"kevin","Dur\u00e9e de lecture estim\u00e9e":"5 minutes"},"schema":{"@context":"https:\/\/schema.org","@graph":[{"@type":"Article","@id":"https:\/\/kevinragonneau.fr\/blog\/les-tendances-mode-homme-de-cet-ete-2022#article","isPartOf":{"@id":"https:\/\/kevinragonneau.fr\/blog\/les-tendances-mode-homme-de-cet-ete-2022"},"author":{"name":"kevin","@id":"https:\/\/kevinragonneau.fr\/blog\/#\/schema\/person\/699d420145eef6a72e6ee2874017089b"},"headline":"Les tendances mode homme de cet \u00e9t\u00e9 2022","datePublished":"2022-06-06T09:13:57+00:00","dateModified":"2022-07-14T00:16:52+00:00","mainEntityOfPage":{"@id":"https:\/\/kevinragonneau.fr\/blog\/les-tendances-mode-homme-de-cet-ete-2022"},"wordCount":1010,"commentCount":0,"image":{"@id":"https:\/\/kevinragonneau.fr\/blog\/les-tendances-mode-homme-de-cet-ete-2022#primaryimage"},"thumbnailUrl":"https:\/\/kevinragonneau.fr\/blog\/wp-content\/uploads\/2022\/05\/tendances-mode-homme-ete-2022.jpg","keywords":["top1"],"articleSection":["Mode"],"inLanguage":"fr-FR","potentialAction":[{"@type":"CommentAction","name":"Comment","target":["https:\/\/kevinragonneau.fr\/blog\/les-tendances-mode-homme-de-cet-ete-2022#respond"]}]},{"@type":"WebPage","@id":"https:\/\/kevinragonneau.fr\/blog\/les-tendances-mode-homme-de-cet-ete-2022","url":"https:\/\/kevinragonneau.fr\/blog\/les-tendances-mode-homme-de-cet-ete-2022","name":"Les tendances mode homme de cet \u00e9t\u00e9 2022","isPartOf":{"@id":"https:\/\/kevinragonneau.fr\/blog\/#website"},"primaryImageOfPage":{"@id":"https:\/\/kevinragonneau.fr\/blog\/les-tendances-mode-homme-de-cet-ete-2022#primaryimage"},"image":{"@id":"https:\/\/kevinragonneau.fr\/blog\/les-tendances-mode-homme-de-cet-ete-2022#primaryimage"},"thumbnailUrl":"https:\/\/kevinragonneau.fr\/blog\/wp-content\/uploads\/2022\/05\/tendances-mode-homme-ete-2022.jpg","datePublished":"2022-06-06T09:13:57+00:00","dateModified":"2022-07-14T00:16:52+00:00","author":{"@id":"https:\/\/kevinragonneau.fr\/blog\/#\/schema\/person\/699d420145eef6a72e6ee2874017089b"},"description":"Toutes sortes de mati\u00e8res, de couleurs, d\u2019associations et de styles sont adapt\u00e9s \u00e0 cette saison et il convient simplement de suivre les suivre les tendances mode homme de l'\u00e9t\u00e9 2022 pour \u00eatre au courant des derni\u00e8res tendances pour s\u2019habiller \u00e0 la mode en 2022.","breadcrumb":{"@id":"https:\/\/kevinragonneau.fr\/blog\/les-tendances-mode-homme-de-cet-ete-2022#breadcrumb"},"inLanguage":"fr-FR","potentialAction":[{"@type":"ReadAction","target":["https:\/\/kevinragonneau.fr\/blog\/les-tendances-mode-homme-de-cet-ete-2022"]}]},{"@type":"ImageObject","inLanguage":"fr-FR","@id":"https:\/\/kevinragonneau.fr\/blog\/les-tendances-mode-homme-de-cet-ete-2022#primaryimage","url":"https:\/\/kevinragonneau.fr\/blog\/wp-content\/uploads\/2022\/05\/tendances-mode-homme-ete-2022.jpg","contentUrl":"https:\/\/kevinragonneau.fr\/blog\/wp-content\/uploads\/2022\/05\/tendances-mode-homme-ete-2022.jpg","width":1800,"height":1194},{"@type":"BreadcrumbList","@id":"https:\/\/kevinragonneau.fr\/blog\/les-tendances-mode-homme-de-cet-ete-2022#breadcrumb","itemListElement":[{"@type":"ListItem","position":1,"name":"Accueil","item":"https:\/\/kevinragonneau.fr\/blog\/"},{"@type":"ListItem","position":2,"name":"Les tendances mode homme de cet \u00e9t\u00e9 2022"}]},{"@type":"WebSite","@id":"https:\/\/kevinragonneau.fr\/blog\/#website","url":"https:\/\/kevinragonneau.fr\/blog\/","name":"Blog Lifestyle : Conseils de Voyage, Mode, Marketing Digital et Vie de Famille Inspirante","description":"Blog Lifestyle : Conseils de Voyage, Mode, Marketing Digital et Vie de Famille Inspirante","alternateName":"Blog de Kevin Ragonneau","potentialAction":[{"@type":"SearchAction","target":{"@type":"EntryPoint","urlTemplate":"https:\/\/kevinragonneau.fr\/blog\/?s={search_term_string}"},"query-input":{"@type":"PropertyValueSpecification","valueRequired":true,"valueName":"search_term_string"}}],"inLanguage":"fr-FR"},{"@type":"Person","@id":"https:\/\/kevinragonneau.fr\/blog\/#\/schema\/person\/699d420145eef6a72e6ee2874017089b","name":"kevin","image":{"@type":"ImageObject","inLanguage":"fr-FR","@id":"https:\/\/secure.gravatar.com\/avatar\/13848386d61634190fd948f9c9942d9dbd215b2fb0cc6c7462a7427b3f9d264e?s=96&d=mm&r=g","url":"https:\/\/secure.gravatar.com\/avatar\/13848386d61634190fd948f9c9942d9dbd215b2fb0cc6c7462a7427b3f9d264e?s=96&d=mm&r=g","contentUrl":"https:\/\/secure.gravatar.com\/avatar\/13848386d61634190fd948f9c9942d9dbd215b2fb0cc6c7462a7427b3f9d264e?s=96&d=mm&r=g","caption":"kevin"},"description":"26 ans, Paris. D\u00e9veloppeur web &amp; Blogueur.","sameAs":["http:\/\/www.kevinragonneau.fr\/blog","facebook","instagram"],"url":"https:\/\/kevinragonneau.fr\/blog\/author\/kevin"}]}},"_links":{"self":[{"href":"https:\/\/kevinragonneau.fr\/blog\/wp-json\/wp\/v2\/posts\/9882","targetHints":{"allow":["GET"]}}],"collection":[{"href":"https:\/\/kevinragonneau.fr\/blog\/wp-json\/wp\/v2\/posts"}],"about":[{"href":"https:\/\/kevinragonneau.fr\/blog\/wp-json\/wp\/v2\/types\/post"}],"author":[{"embeddable":true,"href":"https:\/\/kevinragonneau.fr\/blog\/wp-json\/wp\/v2\/users\/1"}],"replies":[{"embeddable":true,"href":"https:\/\/kevinragonneau.fr\/blog\/wp-json\/wp\/v2\/comments?post=9882"}],"version-history":[{"count":0,"href":"https:\/\/kevinragonneau.fr\/blog\/wp-json\/wp\/v2\/posts\/9882\/revisions"}],"wp:featuredmedia":[{"embeddable":true,"href":"https:\/\/kevinragonneau.fr\/blog\/wp-json\/wp\/v2\/media\/10025"}],"wp:attachment":[{"href":"https:\/\/kevinragonneau.fr\/blog\/wp-json\/wp\/v2\/media?parent=9882"}],"wp:term":[{"taxonomy":"category","embeddable":true,"href":"https:\/\/kevinragonneau.fr\/blog\/wp-json\/wp\/v2\/categories?post=9882"},{"taxonomy":"post_tag","embeddable":true,"href":"https:\/\/kevinragonneau.fr\/blog\/wp-json\/wp\/v2\/tags?post=9882"},{"taxonomy":"powerkit_post_featured","embeddable":true,"href":"https:\/\/kevinragonneau.fr\/blog\/wp-json\/wp\/v2\/powerkit_post_featured?post=9882"}],"curies":[{"name":"wp","href":"https:\/\/api.w.org\/{rel}","templated":true}]}}