{"id":9888,"date":"2022-05-23T12:22:22","date_gmt":"2022-05-23T10:22:22","guid":{"rendered":"https:\/\/kevinragonneau.fr\/blog\/?p=9888"},"modified":"2022-05-30T12:12:02","modified_gmt":"2022-05-30T10:12:02","slug":"cala-1789-la-marque-a-connaitre-pour-avoir-du-style-cet-ete","status":"publish","type":"post","link":"https:\/\/kevinragonneau.fr\/blog\/cala-1789-la-marque-a-connaitre-pour-avoir-du-style-cet-ete","title":{"rendered":"Cala 1789 : la marque \u00e0 connaitre pour avoir du style cet \u00e9t\u00e9 !"},"content":{"rendered":"<p>Avec le soleil qui commence \u00e0 s&rsquo;installer un peu partout en France et les temp\u00e9ratures qui grimpent, il est normal de vouloir refaire son dressing pour la p\u00e9riode estivale. Fini les mati\u00e8res chaudes et les gros v\u00eatements : <strong>place \u00e0 la l\u00e9g\u00e8ret\u00e9 et \u00e0 la couleur<\/strong>.<\/p>\n<p>&nbsp;<\/p>\n<h2 id=\"3-pieces-tendances-pour-cet-ete\">3 pi\u00e8ces tendances pour cet \u00e9t\u00e9<\/h2>\n<p>Au-del\u00e0 de ressortir ses pi\u00e8ces favorites de l&rsquo;\u00e9t\u00e9 dernier, c\u2019est \u00e9galement le parfait moment pour se faire plaisir et craquer sur de nouvelles pi\u00e8ces qui nous feront d\u00e8s maintenant nous projeter directement en vacances ! Pour cela, rien de mieux qu&rsquo;une marque comme <strong>Cala 1789<\/strong>, n\u00e9e sur la c\u00f4t\u00e9 d&rsquo;Azur en 2010 en revisitant les espadrilles pour en faire un v\u00e9ritable must-have et qui 12 ans plus tard, propose un tr\u00e8s large choix de pi\u00e8ces pour un dressing estival qui sent d\u00e9j\u00e0 tr\u00e8s bon le soleil !<\/p>\n<blockquote class=\"instagram-media\" style=\"background: #FFF; border: 0; border-radius: 3px; box-shadow: 0 0 1px 0 rgba(0,0,0,0.5),0 1px 10px 0 rgba(0,0,0,0.15); margin: 1px; max-width: 540px; min-width: 326px; padding: 0; width: calc(100% - 2px);\" data-instgrm-permalink=\"https:\/\/www.instagram.com\/p\/CcF17zMsUOi\/?utm_source=ig_embed&amp;utm_campaign=loading\" data-instgrm-version=\"14\">\n<div style=\"padding: 16px;\">\n<p>&nbsp;<\/p>\n<div style=\"display: flex; flex-direction: row; align-items: center;\">\n<div style=\"background-color: #f4f4f4; border-radius: 50%; flex-grow: 0; height: 40px; margin-right: 14px; width: 40px;\"><\/div>\n<div style=\"display: flex; flex-direction: column; flex-grow: 1; justify-content: center;\">\n<div style=\"background-color: #f4f4f4; border-radius: 4px; flex-grow: 0; height: 14px; margin-bottom: 6px; width: 100px;\"><\/div>\n<div style=\"background-color: #f4f4f4; border-radius: 4px; flex-grow: 0; height: 14px; width: 60px;\"><\/div>\n<\/div>\n<\/div>\n<div style=\"padding: 19% 0;\"><\/div>\n<div style=\"display: block; height: 50px; margin: 0 auto 12px; width: 50px;\"><\/div>\n<div style=\"padding-top: 8px;\">\n<div style=\"color: #3897f0; font-family: Arial,sans-serif; font-size: 14px; font-style: normal; font-weight: 550; line-height: 18px;\">Voir cette publication sur Instagram<\/div>\n<\/div>\n<div style=\"padding: 12.5% 0;\"><\/div>\n<div style=\"display: flex; flex-direction: row; margin-bottom: 14px; align-items: center;\">\n<div>\n<div style=\"background-color: #f4f4f4; border-radius: 50%; height: 12.5px; width: 12.5px; transform: translateX(0px) translateY(7px);\"><\/div>\n<div style=\"background-color: #f4f4f4; height: 12.5px; transform: rotate(-45deg) translateX(3px) translateY(1px); width: 12.5px; flex-grow: 0; margin-right: 14px; margin-left: 2px;\"><\/div>\n<div style=\"background-color: #f4f4f4; border-radius: 50%; height: 12.5px; width: 12.5px; transform: translateX(9px) translateY(-18px);\"><\/div>\n<\/div>\n<div style=\"margin-left: 8px;\">\n<div style=\"background-color: #f4f4f4; border-radius: 50%; flex-grow: 0; height: 20px; width: 20px;\"><\/div>\n<div style=\"width: 0; height: 0; border-top: 2px solid transparent; border-left: 6px solid #f4f4f4; border-bottom: 2px solid transparent; transform: translateX(16px) translateY(-4px) rotate(30deg);\"><\/div>\n<\/div>\n<div style=\"margin-left: auto;\">\n<div style=\"width: 0px; border-top: 8px solid #F4F4F4; border-right: 8px solid transparent; transform: translateY(16px);\"><\/div>\n<div style=\"background-color: #f4f4f4; flex-grow: 0; height: 12px; width: 16px; transform: translateY(-4px);\"><\/div>\n<div style=\"width: 0; height: 0; border-top: 8px solid #F4F4F4; border-left: 8px solid transparent; transform: translateY(-4px) translateX(8px);\"><\/div>\n<\/div>\n<\/div>\n<div style=\"display: flex; flex-direction: column; flex-grow: 1; justify-content: center; margin-bottom: 24px;\">\n<div style=\"background-color: #f4f4f4; border-radius: 4px; flex-grow: 0; height: 14px; margin-bottom: 6px; width: 224px;\"><\/div>\n<div style=\"background-color: #f4f4f4; border-radius: 4px; flex-grow: 0; height: 14px; width: 144px;\"><\/div>\n<\/div>\n<p>&nbsp;<\/p>\n<p style=\"color: #c9c8cd; font-family: Arial,sans-serif; font-size: 14px; line-height: 17px; margin-bottom: 0; margin-top: 8px; overflow: hidden; padding: 8px 0 7px; text-align: center; text-overflow: ellipsis; white-space: nowrap;\"><a style=\"color: #c9c8cd; font-family: Arial,sans-serif; font-size: 14px; font-style: normal; font-weight: normal; line-height: 17px; text-decoration: none;\" href=\"https:\/\/www.instagram.com\/p\/CcF17zMsUOi\/?utm_source=ig_embed&amp;utm_campaign=loading\" target=\"_blank\" rel=\"noopener\">Une publication partag\u00e9e par Cala1789 (@cala1789)<\/a><\/p>\n<\/div>\n<\/blockquote>\n<p><script async src=\"\/\/www.instagram.com\/embed.js\"><\/script><\/p>\n<p>&nbsp;<\/p>\n<h3 id=\"le-lin-la-matiere-parfaite-pour-lete\">Le lin, la mati\u00e8re parfaite pour l&rsquo;\u00e9t\u00e9<\/h3>\n<p>Personne ne tenterait de porter de la laine, du polaire ou encore du cachemire en \u00e9t\u00e9. Ce sont des mati\u00e8res chaudes absolument pas adapter \u00e0 la chaleur. Alors <strong>quelle mati\u00e8re porter en \u00e9t\u00e9 ? <\/strong>Le lin est la r\u00e9ponse id\u00e9ale. C&rsquo;est une mati\u00e8re <strong>l\u00e9g\u00e8re<\/strong>, <strong>agr\u00e9able<\/strong> au contact de la peau et surtout : qui respire et <strong>laisse respirer.<\/strong><\/p>\n<p>De plus, le lin s&rsquo;adapte \u00e0 de tr\u00e8s nombreuses tenues. Qu&rsquo;on soit en bord de plage en tenue casual chic, en train de chill \u00e0 la piscine ou lors d&rsquo;un diner ou d&rsquo;une soir\u00e9e plus habill\u00e9, le lin sera une bonne option selon la pi\u00e8ce que vous aurez choisi.<\/p>\n<p>Les couleurs pastel, le blanc et le beige sont pour moi les 3 meilleures couleurs \u00e0 choisir pour son v\u00eatement un lin. Et justement, la marque <a href=\"https:\/\/www.cala1789.com\/fr\/\">Cala<\/a> qui s\u2019inspire de l\u2019esprit French Riviera pour un look chic et d\u00e9contract\u00e9 propose un tr\u00e8s large choix de v\u00eatement en lin canon pour cet \u00e9t\u00e9 ! Des chemises et des vestes, des pantalons et bermudas.. J&rsquo;adore ! Les couleurs et les coupes sont parfaites pour les beaux jours.<\/p>\n<p><img loading=\"lazy\" decoding=\"async\" class=\"aligncenter wp-image-9898 size-full\" src=\"https:\/\/kevinragonneau.fr\/blog\/wp-content\/uploads\/2022\/05\/Capture-de\u0301cran-2022-05-23-a\u0300-13.51.38.png\" alt=\"Chemise en lin homme \u00e9t\u00e9 2022\" width=\"1764\" height=\"1282\" srcset=\"https:\/\/kevinragonneau.fr\/blog\/wp-content\/uploads\/2022\/05\/Capture-de\u0301cran-2022-05-23-a\u0300-13.51.38.png 1764w, https:\/\/kevinragonneau.fr\/blog\/wp-content\/uploads\/2022\/05\/Capture-de\u0301cran-2022-05-23-a\u0300-13.51.38-768x558.png 768w, https:\/\/kevinragonneau.fr\/blog\/wp-content\/uploads\/2022\/05\/Capture-de\u0301cran-2022-05-23-a\u0300-13.51.38-1536x1116.png 1536w, https:\/\/kevinragonneau.fr\/blog\/wp-content\/uploads\/2022\/05\/Capture-de\u0301cran-2022-05-23-a\u0300-13.51.38-770x560.png 770w, https:\/\/kevinragonneau.fr\/blog\/wp-content\/uploads\/2022\/05\/Capture-de\u0301cran-2022-05-23-a\u0300-13.51.38-584x425.png 584w\" sizes=\"auto, (max-width: 1764px) 100vw, 1764px\" \/><\/p>\n<p>&nbsp;<\/p>\n<h3 id=\"surchemise-t-shirt\">Surchemise &amp; t-shirt<\/h3>\n<p>La surchemise sur t-shirt : l&rsquo;ind\u00e9modable toujours aussi tendance en 2022. C&rsquo;est d&rsquo;ailleurs un look parfait pour les soir\u00e9es un peu plus fraiche. La <b>surchemise \u00e0 carreaux,<\/b> ou m\u00eame simple et unie, remplacera tr\u00e8s bien vos vestes d&rsquo;hiver.<\/p>\n<p>Monochrome, pastel ou tie and dye, le choix du t-shirt est tellement large que l&rsquo;on peut vraiment se faire plaisir et jouer avec son style.<\/p>\n<p>&nbsp;<\/p>\n<h3 id=\"espadrilles-mocassins-les-deux-chaussures-phares-de-lete\">Espadrilles &amp; mocassins, les deux chaussures phares de l&rsquo;\u00e9t\u00e9<\/h3>\n<p>Chemise en lin et mocassins aux pieds&#8230; Rien qu&rsquo;\u00e0 le lire, on se voit d\u00e9j\u00e0 en train de siroter un cocktail en terrasse avec ses lunettes de soleil sur le nez, non ? C&rsquo;est en tout cas pour moi l&rsquo;une des meilleures associations \u00e0 avoir cet \u00e9t\u00e9 pour un look estival tendance et moderne.<\/p>\n<p>Qu&rsquo;importe votre choix entre les deux, il y a peu de chances que ce style ne vous aille pas tant il convient \u00e0 tous les \u00e2ges et toutes les personnes, surtout en restant sur un coloris fonc\u00e9 comme le bleu marine ou du beige pour un peu de couleur.<\/p>\n<p>L\u00e0 encore, Cala est pour moi la marque r\u00e9f\u00e9rence dans l&rsquo;univers de l&rsquo;espadrille made in France donc n&rsquo;h\u00e9sitez pas \u00e0 aller d\u00e9couvrir leurs mod\u00e8les pour vous aider dans votre choix.<\/p>\n<p>&nbsp;<\/p>\n<h2 id=\"quelle-couleur-porter-cet-ete\">Quelle couleur porter cet \u00e9t\u00e9 ?<\/h2>\n<p>2 couleurs se d\u00e9tachent cet \u00e9t\u00e9 pour \u00eatre \u00e0 la pointe : le rose et le vert ! Ces deux couleurs viennent s&rsquo;ajouter au noir, qui ann\u00e9e apr\u00e8s ann\u00e9e et \u00e0 chaque saison s&rsquo;impose comme une couleur ind\u00e9modable, que ce soit sur un total look monochrome ou par touches.<\/p>\n<p><img loading=\"lazy\" decoding=\"async\" class=\"aligncenter wp-image-9899 size-large\" src=\"https:\/\/kevinragonneau.fr\/blog\/wp-content\/uploads\/2022\/05\/couleurs-tendance-mode-homme-2022-2000x999.jpg\" alt=\"couleurs tendances mode homme \u00e9t\u00e9 202\" width=\"1170\" height=\"584\" srcset=\"https:\/\/kevinragonneau.fr\/blog\/wp-content\/uploads\/2022\/05\/couleurs-tendance-mode-homme-2022-2000x999.jpg 2000w, https:\/\/kevinragonneau.fr\/blog\/wp-content\/uploads\/2022\/05\/couleurs-tendance-mode-homme-2022-768x384.jpg 768w, https:\/\/kevinragonneau.fr\/blog\/wp-content\/uploads\/2022\/05\/couleurs-tendance-mode-homme-2022-1536x767.jpg 1536w, https:\/\/kevinragonneau.fr\/blog\/wp-content\/uploads\/2022\/05\/couleurs-tendance-mode-homme-2022-scaled.jpg 2048w, https:\/\/kevinragonneau.fr\/blog\/wp-content\/uploads\/2022\/05\/couleurs-tendance-mode-homme-2022-770x385.jpg 770w\" sizes=\"auto, (max-width: 1170px) 100vw, 1170px\" \/><\/p>\n<p>&nbsp;<\/p>\n<h3 id=\"le-rose\" class=\"p5\">Le rose<\/h3>\n<p>D\u00e9j\u00e0 en 2021, le rose \u00e9tait une couleur tr\u00e8s pr\u00e9sente dans le dressing des hommes. C&rsquo;est une tendance qui revient tr\u00e8s forte en 2022, surtout au niveau du haut. Parfait pour une chemise en lin, par exemple ! Je recommande cependant de partir sur un rose pastel plut\u00f4t qu&rsquo;un rose vif.<\/p>\n<p>&nbsp;<\/p>\n<h3 id=\"le-vert-une-couleur-so-2022\" class=\"p5\">Le vert, une couleur so 2022 !<\/h3>\n<p>La couleur verte fait une arriv\u00e9e fracassante dans nos dressings en 2022. Que ce soit pour les hommes comme pour les femmes, c&rsquo;est la nouvelle tendance que je ne peux que vous recommencer. Une couleur fraiche et estivale parfaite que j&rsquo;ai moi-m\u00eame d\u00e9j\u00e0 adopt\u00e9 , j&rsquo;adore !<\/p>\n","protected":false},"excerpt":{"rendered":"<p>Avec le soleil qui commence \u00e0 s&rsquo;installer un peu partout en France et les temp\u00e9ratures qui grimpent, il est normal de vouloir refaire son dressing pour la p\u00e9riode estivale. Fini&hellip;<\/p>\n","protected":false},"author":1,"featured_media":9899,"comment_status":"open","ping_status":"open","sticky":false,"template":"","format":"standard","meta":{"footnotes":""},"categories":[339],"tags":[],"powerkit_post_featured":[],"class_list":{"0":"post-9888","1":"post","2":"type-post","3":"status-publish","4":"format-standard","5":"has-post-thumbnail","7":"category-mode"},"yoast_head":"<!-- This site is optimized with the Yoast SEO plugin v27.4 - https:\/\/yoast.com\/product\/yoast-seo-wordpress\/ -->\n<title>Cala 1789 : la marque \u00e0 connaitre pour avoir du style cet \u00e9t\u00e9 !<\/title>\n<meta name=\"robots\" content=\"index, follow, max-snippet:-1, max-image-preview:large, max-video-preview:-1\" \/>\n<link rel=\"canonical\" href=\"https:\/\/kevinragonneau.fr\/blog\/cala-1789-la-marque-a-connaitre-pour-avoir-du-style-cet-ete\" \/>\n<meta property=\"og:locale\" content=\"fr_FR\" \/>\n<meta property=\"og:type\" content=\"article\" \/>\n<meta property=\"og:title\" content=\"Cala 1789 : la marque \u00e0 connaitre pour avoir du style cet \u00e9t\u00e9 !\" \/>\n<meta property=\"og:description\" content=\"Avec le soleil qui commence \u00e0 s&rsquo;installer un peu partout en France et les temp\u00e9ratures qui grimpent, il est normal de vouloir refaire son dressing pour la p\u00e9riode estivale. Fini&hellip;\" \/>\n<meta property=\"og:url\" content=\"https:\/\/kevinragonneau.fr\/blog\/cala-1789-la-marque-a-connaitre-pour-avoir-du-style-cet-ete\" \/>\n<meta property=\"og:site_name\" content=\"Kevin Ragonneau\" \/>\n<meta property=\"article:publisher\" content=\"http:\/\/facebook.com\/kevinragonneau\" \/>\n<meta property=\"article:author\" content=\"facebook\" \/>\n<meta property=\"article:published_time\" content=\"2022-05-23T10:22:22+00:00\" \/>\n<meta property=\"article:modified_time\" content=\"2022-05-30T10:12:02+00:00\" \/>\n<meta property=\"og:image\" content=\"https:\/\/kevinragonneau.fr\/blog\/wp-content\/uploads\/2022\/05\/couleurs-tendance-mode-homme-2022-scaled.jpg\" \/>\n\t<meta property=\"og:image:width\" content=\"2048\" \/>\n\t<meta property=\"og:image:height\" content=\"1023\" \/>\n\t<meta property=\"og:image:type\" content=\"image\/jpeg\" \/>\n<meta name=\"author\" content=\"kevin\" \/>\n<meta name=\"twitter:card\" content=\"summary_large_image\" \/>\n<meta name=\"twitter:creator\" content=\"@K_Ragonneau\" \/>\n<meta name=\"twitter:site\" content=\"@K_Ragonneau\" \/>\n<meta name=\"twitter:label1\" content=\"\u00c9crit par\" \/>\n\t<meta name=\"twitter:data1\" content=\"kevin\" \/>\n\t<meta name=\"twitter:label2\" content=\"Dur\u00e9e de lecture estim\u00e9e\" \/>\n\t<meta name=\"twitter:data2\" content=\"4 minutes\" \/>\n<script type=\"application\/ld+json\" class=\"yoast-schema-graph\">{\"@context\":\"https:\\\/\\\/schema.org\",\"@graph\":[{\"@type\":\"Article\",\"@id\":\"https:\\\/\\\/kevinragonneau.fr\\\/blog\\\/cala-1789-la-marque-a-connaitre-pour-avoir-du-style-cet-ete#article\",\"isPartOf\":{\"@id\":\"https:\\\/\\\/kevinragonneau.fr\\\/blog\\\/cala-1789-la-marque-a-connaitre-pour-avoir-du-style-cet-ete\"},\"author\":{\"name\":\"kevin\",\"@id\":\"https:\\\/\\\/kevinragonneau.fr\\\/blog\\\/#\\\/schema\\\/person\\\/699d420145eef6a72e6ee2874017089b\"},\"headline\":\"Cala 1789 : la marque \u00e0 connaitre pour avoir du style cet \u00e9t\u00e9 !\",\"datePublished\":\"2022-05-23T10:22:22+00:00\",\"dateModified\":\"2022-05-30T10:12:02+00:00\",\"mainEntityOfPage\":{\"@id\":\"https:\\\/\\\/kevinragonneau.fr\\\/blog\\\/cala-1789-la-marque-a-connaitre-pour-avoir-du-style-cet-ete\"},\"wordCount\":778,\"commentCount\":0,\"image\":{\"@id\":\"https:\\\/\\\/kevinragonneau.fr\\\/blog\\\/cala-1789-la-marque-a-connaitre-pour-avoir-du-style-cet-ete#primaryimage\"},\"thumbnailUrl\":\"https:\\\/\\\/kevinragonneau.fr\\\/blog\\\/wp-content\\\/uploads\\\/2022\\\/05\\\/couleurs-tendance-mode-homme-2022-scaled.jpg\",\"articleSection\":[\"Mode\"],\"inLanguage\":\"fr-FR\",\"potentialAction\":[{\"@type\":\"CommentAction\",\"name\":\"Comment\",\"target\":[\"https:\\\/\\\/kevinragonneau.fr\\\/blog\\\/cala-1789-la-marque-a-connaitre-pour-avoir-du-style-cet-ete#respond\"]}]},{\"@type\":\"WebPage\",\"@id\":\"https:\\\/\\\/kevinragonneau.fr\\\/blog\\\/cala-1789-la-marque-a-connaitre-pour-avoir-du-style-cet-ete\",\"url\":\"https:\\\/\\\/kevinragonneau.fr\\\/blog\\\/cala-1789-la-marque-a-connaitre-pour-avoir-du-style-cet-ete\",\"name\":\"Cala 1789 : la marque \u00e0 connaitre pour avoir du style cet \u00e9t\u00e9 !\",\"isPartOf\":{\"@id\":\"https:\\\/\\\/kevinragonneau.fr\\\/blog\\\/#website\"},\"primaryImageOfPage\":{\"@id\":\"https:\\\/\\\/kevinragonneau.fr\\\/blog\\\/cala-1789-la-marque-a-connaitre-pour-avoir-du-style-cet-ete#primaryimage\"},\"image\":{\"@id\":\"https:\\\/\\\/kevinragonneau.fr\\\/blog\\\/cala-1789-la-marque-a-connaitre-pour-avoir-du-style-cet-ete#primaryimage\"},\"thumbnailUrl\":\"https:\\\/\\\/kevinragonneau.fr\\\/blog\\\/wp-content\\\/uploads\\\/2022\\\/05\\\/couleurs-tendance-mode-homme-2022-scaled.jpg\",\"datePublished\":\"2022-05-23T10:22:22+00:00\",\"dateModified\":\"2022-05-30T10:12:02+00:00\",\"author\":{\"@id\":\"https:\\\/\\\/kevinragonneau.fr\\\/blog\\\/#\\\/schema\\\/person\\\/699d420145eef6a72e6ee2874017089b\"},\"breadcrumb\":{\"@id\":\"https:\\\/\\\/kevinragonneau.fr\\\/blog\\\/cala-1789-la-marque-a-connaitre-pour-avoir-du-style-cet-ete#breadcrumb\"},\"inLanguage\":\"fr-FR\",\"potentialAction\":[{\"@type\":\"ReadAction\",\"target\":[\"https:\\\/\\\/kevinragonneau.fr\\\/blog\\\/cala-1789-la-marque-a-connaitre-pour-avoir-du-style-cet-ete\"]}]},{\"@type\":\"ImageObject\",\"inLanguage\":\"fr-FR\",\"@id\":\"https:\\\/\\\/kevinragonneau.fr\\\/blog\\\/cala-1789-la-marque-a-connaitre-pour-avoir-du-style-cet-ete#primaryimage\",\"url\":\"https:\\\/\\\/kevinragonneau.fr\\\/blog\\\/wp-content\\\/uploads\\\/2022\\\/05\\\/couleurs-tendance-mode-homme-2022-scaled.jpg\",\"contentUrl\":\"https:\\\/\\\/kevinragonneau.fr\\\/blog\\\/wp-content\\\/uploads\\\/2022\\\/05\\\/couleurs-tendance-mode-homme-2022-scaled.jpg\",\"width\":2048,\"height\":1023,\"caption\":\"couleurs tendances mode homme \u00e9t\u00e9 202\"},{\"@type\":\"BreadcrumbList\",\"@id\":\"https:\\\/\\\/kevinragonneau.fr\\\/blog\\\/cala-1789-la-marque-a-connaitre-pour-avoir-du-style-cet-ete#breadcrumb\",\"itemListElement\":[{\"@type\":\"ListItem\",\"position\":1,\"name\":\"Accueil\",\"item\":\"https:\\\/\\\/kevinragonneau.fr\\\/blog\\\/\"},{\"@type\":\"ListItem\",\"position\":2,\"name\":\"Cala 1789 : la marque \u00e0 connaitre pour avoir du style cet \u00e9t\u00e9 !\"}]},{\"@type\":\"WebSite\",\"@id\":\"https:\\\/\\\/kevinragonneau.fr\\\/blog\\\/#website\",\"url\":\"https:\\\/\\\/kevinragonneau.fr\\\/blog\\\/\",\"name\":\"Blog Lifestyle : Conseils de Voyage, Mode, Marketing Digital et Vie de Famille Inspirante\",\"description\":\"Blog Lifestyle : Conseils de Voyage, Mode, Marketing Digital et Vie de Famille Inspirante\",\"alternateName\":\"Blog de Kevin Ragonneau\",\"potentialAction\":[{\"@type\":\"SearchAction\",\"target\":{\"@type\":\"EntryPoint\",\"urlTemplate\":\"https:\\\/\\\/kevinragonneau.fr\\\/blog\\\/?s={search_term_string}\"},\"query-input\":{\"@type\":\"PropertyValueSpecification\",\"valueRequired\":true,\"valueName\":\"search_term_string\"}}],\"inLanguage\":\"fr-FR\"},{\"@type\":\"Person\",\"@id\":\"https:\\\/\\\/kevinragonneau.fr\\\/blog\\\/#\\\/schema\\\/person\\\/699d420145eef6a72e6ee2874017089b\",\"name\":\"kevin\",\"image\":{\"@type\":\"ImageObject\",\"inLanguage\":\"fr-FR\",\"@id\":\"https:\\\/\\\/secure.gravatar.com\\\/avatar\\\/13848386d61634190fd948f9c9942d9dbd215b2fb0cc6c7462a7427b3f9d264e?s=96&d=mm&r=g\",\"url\":\"https:\\\/\\\/secure.gravatar.com\\\/avatar\\\/13848386d61634190fd948f9c9942d9dbd215b2fb0cc6c7462a7427b3f9d264e?s=96&d=mm&r=g\",\"contentUrl\":\"https:\\\/\\\/secure.gravatar.com\\\/avatar\\\/13848386d61634190fd948f9c9942d9dbd215b2fb0cc6c7462a7427b3f9d264e?s=96&d=mm&r=g\",\"caption\":\"kevin\"},\"description\":\"26 ans, Paris. D\u00e9veloppeur web &amp; Blogueur.\",\"sameAs\":[\"http:\\\/\\\/www.kevinragonneau.fr\\\/blog\",\"facebook\",\"instagram\"],\"url\":\"https:\\\/\\\/kevinragonneau.fr\\\/blog\\\/author\\\/kevin\"}]}<\/script>\n<!-- \/ Yoast SEO plugin. -->","yoast_head_json":{"title":"Cala 1789 : la marque \u00e0 connaitre pour avoir du style cet \u00e9t\u00e9 !","robots":{"index":"index","follow":"follow","max-snippet":"max-snippet:-1","max-image-preview":"max-image-preview:large","max-video-preview":"max-video-preview:-1"},"canonical":"https:\/\/kevinragonneau.fr\/blog\/cala-1789-la-marque-a-connaitre-pour-avoir-du-style-cet-ete","og_locale":"fr_FR","og_type":"article","og_title":"Cala 1789 : la marque \u00e0 connaitre pour avoir du style cet \u00e9t\u00e9 !","og_description":"Avec le soleil qui commence \u00e0 s&rsquo;installer un peu partout en France et les temp\u00e9ratures qui grimpent, il est normal de vouloir refaire son dressing pour la p\u00e9riode estivale. Fini&hellip;","og_url":"https:\/\/kevinragonneau.fr\/blog\/cala-1789-la-marque-a-connaitre-pour-avoir-du-style-cet-ete","og_site_name":"Kevin Ragonneau","article_publisher":"http:\/\/facebook.com\/kevinragonneau","article_author":"facebook","article_published_time":"2022-05-23T10:22:22+00:00","article_modified_time":"2022-05-30T10:12:02+00:00","og_image":[{"width":2048,"height":1023,"url":"https:\/\/kevinragonneau.fr\/blog\/wp-content\/uploads\/2022\/05\/couleurs-tendance-mode-homme-2022-scaled.jpg","type":"image\/jpeg"}],"author":"kevin","twitter_card":"summary_large_image","twitter_creator":"@K_Ragonneau","twitter_site":"@K_Ragonneau","twitter_misc":{"\u00c9crit par":"kevin","Dur\u00e9e de lecture estim\u00e9e":"4 minutes"},"schema":{"@context":"https:\/\/schema.org","@graph":[{"@type":"Article","@id":"https:\/\/kevinragonneau.fr\/blog\/cala-1789-la-marque-a-connaitre-pour-avoir-du-style-cet-ete#article","isPartOf":{"@id":"https:\/\/kevinragonneau.fr\/blog\/cala-1789-la-marque-a-connaitre-pour-avoir-du-style-cet-ete"},"author":{"name":"kevin","@id":"https:\/\/kevinragonneau.fr\/blog\/#\/schema\/person\/699d420145eef6a72e6ee2874017089b"},"headline":"Cala 1789 : la marque \u00e0 connaitre pour avoir du style cet \u00e9t\u00e9 !","datePublished":"2022-05-23T10:22:22+00:00","dateModified":"2022-05-30T10:12:02+00:00","mainEntityOfPage":{"@id":"https:\/\/kevinragonneau.fr\/blog\/cala-1789-la-marque-a-connaitre-pour-avoir-du-style-cet-ete"},"wordCount":778,"commentCount":0,"image":{"@id":"https:\/\/kevinragonneau.fr\/blog\/cala-1789-la-marque-a-connaitre-pour-avoir-du-style-cet-ete#primaryimage"},"thumbnailUrl":"https:\/\/kevinragonneau.fr\/blog\/wp-content\/uploads\/2022\/05\/couleurs-tendance-mode-homme-2022-scaled.jpg","articleSection":["Mode"],"inLanguage":"fr-FR","potentialAction":[{"@type":"CommentAction","name":"Comment","target":["https:\/\/kevinragonneau.fr\/blog\/cala-1789-la-marque-a-connaitre-pour-avoir-du-style-cet-ete#respond"]}]},{"@type":"WebPage","@id":"https:\/\/kevinragonneau.fr\/blog\/cala-1789-la-marque-a-connaitre-pour-avoir-du-style-cet-ete","url":"https:\/\/kevinragonneau.fr\/blog\/cala-1789-la-marque-a-connaitre-pour-avoir-du-style-cet-ete","name":"Cala 1789 : la marque \u00e0 connaitre pour avoir du style cet \u00e9t\u00e9 !","isPartOf":{"@id":"https:\/\/kevinragonneau.fr\/blog\/#website"},"primaryImageOfPage":{"@id":"https:\/\/kevinragonneau.fr\/blog\/cala-1789-la-marque-a-connaitre-pour-avoir-du-style-cet-ete#primaryimage"},"image":{"@id":"https:\/\/kevinragonneau.fr\/blog\/cala-1789-la-marque-a-connaitre-pour-avoir-du-style-cet-ete#primaryimage"},"thumbnailUrl":"https:\/\/kevinragonneau.fr\/blog\/wp-content\/uploads\/2022\/05\/couleurs-tendance-mode-homme-2022-scaled.jpg","datePublished":"2022-05-23T10:22:22+00:00","dateModified":"2022-05-30T10:12:02+00:00","author":{"@id":"https:\/\/kevinragonneau.fr\/blog\/#\/schema\/person\/699d420145eef6a72e6ee2874017089b"},"breadcrumb":{"@id":"https:\/\/kevinragonneau.fr\/blog\/cala-1789-la-marque-a-connaitre-pour-avoir-du-style-cet-ete#breadcrumb"},"inLanguage":"fr-FR","potentialAction":[{"@type":"ReadAction","target":["https:\/\/kevinragonneau.fr\/blog\/cala-1789-la-marque-a-connaitre-pour-avoir-du-style-cet-ete"]}]},{"@type":"ImageObject","inLanguage":"fr-FR","@id":"https:\/\/kevinragonneau.fr\/blog\/cala-1789-la-marque-a-connaitre-pour-avoir-du-style-cet-ete#primaryimage","url":"https:\/\/kevinragonneau.fr\/blog\/wp-content\/uploads\/2022\/05\/couleurs-tendance-mode-homme-2022-scaled.jpg","contentUrl":"https:\/\/kevinragonneau.fr\/blog\/wp-content\/uploads\/2022\/05\/couleurs-tendance-mode-homme-2022-scaled.jpg","width":2048,"height":1023,"caption":"couleurs tendances mode homme \u00e9t\u00e9 202"},{"@type":"BreadcrumbList","@id":"https:\/\/kevinragonneau.fr\/blog\/cala-1789-la-marque-a-connaitre-pour-avoir-du-style-cet-ete#breadcrumb","itemListElement":[{"@type":"ListItem","position":1,"name":"Accueil","item":"https:\/\/kevinragonneau.fr\/blog\/"},{"@type":"ListItem","position":2,"name":"Cala 1789 : la marque \u00e0 connaitre pour avoir du style cet \u00e9t\u00e9 !"}]},{"@type":"WebSite","@id":"https:\/\/kevinragonneau.fr\/blog\/#website","url":"https:\/\/kevinragonneau.fr\/blog\/","name":"Blog Lifestyle : Conseils de Voyage, Mode, Marketing Digital et Vie de Famille Inspirante","description":"Blog Lifestyle : Conseils de Voyage, Mode, Marketing Digital et Vie de Famille Inspirante","alternateName":"Blog de Kevin Ragonneau","potentialAction":[{"@type":"SearchAction","target":{"@type":"EntryPoint","urlTemplate":"https:\/\/kevinragonneau.fr\/blog\/?s={search_term_string}"},"query-input":{"@type":"PropertyValueSpecification","valueRequired":true,"valueName":"search_term_string"}}],"inLanguage":"fr-FR"},{"@type":"Person","@id":"https:\/\/kevinragonneau.fr\/blog\/#\/schema\/person\/699d420145eef6a72e6ee2874017089b","name":"kevin","image":{"@type":"ImageObject","inLanguage":"fr-FR","@id":"https:\/\/secure.gravatar.com\/avatar\/13848386d61634190fd948f9c9942d9dbd215b2fb0cc6c7462a7427b3f9d264e?s=96&d=mm&r=g","url":"https:\/\/secure.gravatar.com\/avatar\/13848386d61634190fd948f9c9942d9dbd215b2fb0cc6c7462a7427b3f9d264e?s=96&d=mm&r=g","contentUrl":"https:\/\/secure.gravatar.com\/avatar\/13848386d61634190fd948f9c9942d9dbd215b2fb0cc6c7462a7427b3f9d264e?s=96&d=mm&r=g","caption":"kevin"},"description":"26 ans, Paris. D\u00e9veloppeur web &amp; Blogueur.","sameAs":["http:\/\/www.kevinragonneau.fr\/blog","facebook","instagram"],"url":"https:\/\/kevinragonneau.fr\/blog\/author\/kevin"}]}},"_links":{"self":[{"href":"https:\/\/kevinragonneau.fr\/blog\/wp-json\/wp\/v2\/posts\/9888","targetHints":{"allow":["GET"]}}],"collection":[{"href":"https:\/\/kevinragonneau.fr\/blog\/wp-json\/wp\/v2\/posts"}],"about":[{"href":"https:\/\/kevinragonneau.fr\/blog\/wp-json\/wp\/v2\/types\/post"}],"author":[{"embeddable":true,"href":"https:\/\/kevinragonneau.fr\/blog\/wp-json\/wp\/v2\/users\/1"}],"replies":[{"embeddable":true,"href":"https:\/\/kevinragonneau.fr\/blog\/wp-json\/wp\/v2\/comments?post=9888"}],"version-history":[{"count":0,"href":"https:\/\/kevinragonneau.fr\/blog\/wp-json\/wp\/v2\/posts\/9888\/revisions"}],"wp:featuredmedia":[{"embeddable":true,"href":"https:\/\/kevinragonneau.fr\/blog\/wp-json\/wp\/v2\/media\/9899"}],"wp:attachment":[{"href":"https:\/\/kevinragonneau.fr\/blog\/wp-json\/wp\/v2\/media?parent=9888"}],"wp:term":[{"taxonomy":"category","embeddable":true,"href":"https:\/\/kevinragonneau.fr\/blog\/wp-json\/wp\/v2\/categories?post=9888"},{"taxonomy":"post_tag","embeddable":true,"href":"https:\/\/kevinragonneau.fr\/blog\/wp-json\/wp\/v2\/tags?post=9888"},{"taxonomy":"powerkit_post_featured","embeddable":true,"href":"https:\/\/kevinragonneau.fr\/blog\/wp-json\/wp\/v2\/powerkit_post_featured?post=9888"}],"curies":[{"name":"wp","href":"https:\/\/api.w.org\/{rel}","templated":true}]}}